{"id":678766,"date":"2025-08-05T19:42:03","date_gmt":"2025-08-06T01:42:03","guid":{"rendered":"https:\/\/www.diarioimagen.net\/?p=678766"},"modified":"2025-08-05T19:43:14","modified_gmt":"2025-08-06T01:43:14","slug":"inicia-en-naucalpan-campana-municipal-viajamos-seguras","status":"publish","type":"post","link":"https:\/\/www.diarioimagen.net\/?p=678766","title":{"rendered":"Inicia en Naucalpan campa\u00f1a  municipal \u201cViajamos seguras\u201d"},"content":{"rendered":"<ul>\n<li><strong>Acciones contra acoso en el transporte p\u00fablico<\/strong><\/li>\n<\/ul>\n<p><strong>\u00a0<\/strong><\/p>\n<div id=\"attachment_678767\" style=\"width: 470px\" class=\"wp-caption alignnone\"><img loading=\"lazy\" decoding=\"async\" aria-describedby=\"caption-attachment-678767\" class=\"wp-image-678767 size-large\" src=\"https:\/\/www.diarioimagen.net\/wp-content\/uploads\/2025\/08\/BAENA-2-ok-2-460x264.jpg\" alt=\"\" width=\"460\" height=\"264\" srcset=\"https:\/\/www.diarioimagen.net\/wp-content\/uploads\/2025\/08\/BAENA-2-ok-2-460x264.jpg 460w, https:\/\/www.diarioimagen.net\/wp-content\/uploads\/2025\/08\/BAENA-2-ok-2-240x138.jpg 240w, https:\/\/www.diarioimagen.net\/wp-content\/uploads\/2025\/08\/BAENA-2-ok-2-768x441.jpg 768w, https:\/\/www.diarioimagen.net\/wp-content\/uploads\/2025\/08\/BAENA-2-ok-2.jpg 1500w\" sizes=\"auto, (max-width: 460px) 100vw, 460px\" \/><p id=\"caption-attachment-678767\" class=\"wp-caption-text\">El gobierno de Naucalpan, encabezado por el alcalde Isaac Montoya M\u00e1rquez, inici\u00f3 de manera formal la campa\u00f1a municipal \u201cViajamos seguras\u201d .<\/p><\/div>\n<p>&nbsp;<\/p>\n<p>Naucalpan, M\u00e9x.- Con el objetivo de generar entornos m\u00e1s seguros, libres de violencia y acoso en el transporte p\u00fablico, el gobierno de Naucalpan, encabezado por el alcalde Isaac Montoya M\u00e1rquez, inici\u00f3 de manera formal la campa\u00f1a estatal \u201cNos Movemos Seguras\u201d .<\/p>\n<p>&nbsp;<\/p>\n<p>Dentro de la estrategia municipal \u201cViajemos Seguras\u201d, con la colocaci\u00f3n de 1,300 calcoman\u00edas en unidades de diversas rutas que confluyen y atraviesan el territorio municipal y se han capacitado a m\u00e1s de 400 operadores de 35 rutas de transporte.<\/p>\n<p>&nbsp;<\/p>\n<p>En la terminal del Metro Toreo, se colocaron las calcoman\u00edas en algunas unidades que informan a las mujeres que se trata de un transporte seguro y contiene los n\u00fameros de emergencia disponibles en caso de requerirlo.<\/p>\n<p>&nbsp;<\/p>\n<p>La campa\u00f1a \u201cNos Movemos Seguras\u201d, es una estrategia del Gobierno del Estado de M\u00e9xico, impulsada por la Gobernadora Delfina G\u00f3mez \u00c1lvarez y en la estrategia municipal permanente \u201cViajemos Seguras\u201d, participan el Instituto de las Mujeres Naucalpenses y la Igualdad Sustantiva, la Guardia Municipal, Polic\u00eda de G\u00e9nero, Prevenci\u00f3n del Delito y la Subdirecci\u00f3n para la Construcci\u00f3n de la Paz, as\u00ed como el Sistema DIF Municipal.<\/p>\n<p>&nbsp;<\/p>\n<p>Como parte del trabajo que ha desarrollado el gobierno de Naucalpan, se han capacitado a m\u00e1s de 400 operadores de 35 rutas de transporte.<\/p>\n<p>&nbsp;<\/p>\n<p>En este sentido, en el evento, que se llev\u00f3 a cabo en la terminal Cuatro Caminos, se entregaron reconocimientos a diferentes conductores que concluyeron su capacitaci\u00f3n en Atenci\u00f3n y prevenci\u00f3n del acoso y hostigamiento sexual en el transporte p\u00fablico, y la forma de actuar, con el fin de generar una cultura de respeto, equidad y corresponsabilidad que garantice el derecho a la movilidad libre y segura.<\/p>\n<p>&nbsp;<\/p>\n<p>La directora del IMNIS, Mitzi Segura, destac\u00f3 que tanto la campa\u00f1a \u201cNos Movemos Seguras\u201d y la estrategia municipal \u201cViajemos Seguras\u201d, se ha aplicado desde meses anteriores y que se han distribuido tr\u00edpticos con informaci\u00f3n sobre qu\u00e9 es el acoso, qu\u00e9 es hostigamiento, y por qu\u00e9 es importante mantenerse informadas para ejercer el derecho al libre tr\u00e1nsito de las personas.<\/p>\n<p>&nbsp;<\/p>\n<p>Agreg\u00f3 que como parte de esta campa\u00f1a permanente, todos los mi\u00e9rcoles, en compa\u00f1\u00eda de elementos de la Guardia Municipal y diferentes instancias de seguridad, se llevan a cabo operativos seguros para mujeres y tambi\u00e9n los fines de semana.<\/p>\n<p>&nbsp;<\/p>\n<p>&nbsp;<\/p>\n","protected":false},"excerpt":{"rendered":"<p>Acciones contra acoso en el transporte p\u00fablico \u00a0 &nbsp; Naucalpan, M\u00e9x.- Con el objetivo de generar entornos m\u00e1s seguros, libres de violencia y acoso en el transporte p\u00fablico, el gobierno de Naucalpan, encabezado por el alcalde Isaac Montoya M\u00e1rquez, inici\u00f3 de manera formal la campa\u00f1a estatal \u201cNos Movemos Seguras\u201d . &nbsp; Dentro de la estrategia [&hellip;]<\/p>\n","protected":false},"author":14,"featured_media":678767,"comment_status":"open","ping_status":"open","sticky":false,"template":"","format":"standard","meta":{"_monsterinsights_skip_tracking":false,"_monsterinsights_sitenote_active":false,"_monsterinsights_sitenote_note":"","_monsterinsights_sitenote_category":0,"footnotes":""},"categories":[5],"tags":[],"class_list":["post-678766","post","type-post","status-publish","format-standard","has-post-thumbnail","hentry","category-estado-de-mexico"],"_links":{"self":[{"href":"https:\/\/www.diarioimagen.net\/index.php?rest_route=\/wp\/v2\/posts\/678766","targetHints":{"allow":["GET"]}}],"collection":[{"href":"https:\/\/www.diarioimagen.net\/index.php?rest_route=\/wp\/v2\/posts"}],"about":[{"href":"https:\/\/www.diarioimagen.net\/index.php?rest_route=\/wp\/v2\/types\/post"}],"author":[{"embeddable":true,"href":"https:\/\/www.diarioimagen.net\/index.php?rest_route=\/wp\/v2\/users\/14"}],"replies":[{"embeddable":true,"href":"https:\/\/www.diarioimagen.net\/index.php?rest_route=%2Fwp%2Fv2%2Fcomments&post=678766"}],"version-history":[{"count":2,"href":"https:\/\/www.diarioimagen.net\/index.php?rest_route=\/wp\/v2\/posts\/678766\/revisions"}],"predecessor-version":[{"id":678770,"href":"https:\/\/www.diarioimagen.net\/index.php?rest_route=\/wp\/v2\/posts\/678766\/revisions\/678770"}],"wp:featuredmedia":[{"embeddable":true,"href":"https:\/\/www.diarioimagen.net\/index.php?rest_route=\/wp\/v2\/media\/678767"}],"wp:attachment":[{"href":"https:\/\/www.diarioimagen.net\/index.php?rest_route=%2Fwp%2Fv2%2Fmedia&parent=678766"}],"wp:term":[{"taxonomy":"category","embeddable":true,"href":"https:\/\/www.diarioimagen.net\/index.php?rest_route=%2Fwp%2Fv2%2Fcategories&post=678766"},{"taxonomy":"post_tag","embeddable":true,"href":"https:\/\/www.diarioimagen.net\/index.php?rest_route=%2Fwp%2Fv2%2Ftags&post=678766"}],"curies":[{"name":"wp","href":"https:\/\/api.w.org\/{rel}","templated":true}]}}