{"id":678816,"date":"2025-08-05T21:10:33","date_gmt":"2025-08-06T03:10:33","guid":{"rendered":"https:\/\/www.diarioimagen.net\/?p=678816"},"modified":"2025-08-05T21:10:33","modified_gmt":"2025-08-06T03:10:33","slug":"josefina-rodriguez-zamora-y-lorena-cuellar-presentan-tlaxcala-la-feria-de-ferias","status":"publish","type":"post","link":"https:\/\/www.diarioimagen.net\/?p=678816","title":{"rendered":"Josefina Rodr\u00edguez Zamora  y Lorena Cu\u00e9llar presentan  \u201cTlaxcala, la Feria de Ferias\u201d"},"content":{"rendered":"<p>&nbsp;<\/p>\n<ul>\n<li><strong>Una de las m\u00e1s importantes del pa\u00eds<\/strong><\/li>\n<li><strong>Se llevar\u00e1 a cabo del 23 de octubre al 17 de noviembre<\/strong><\/li>\n<\/ul>\n<div id=\"attachment_678817\" style=\"width: 415px\" class=\"wp-caption alignnone\"><img loading=\"lazy\" decoding=\"async\" aria-describedby=\"caption-attachment-678817\" class=\"wp-image-678817 size-large\" src=\"https:\/\/www.diarioimagen.net\/wp-content\/uploads\/2025\/08\/IMG_3540-405x270.jpg\" alt=\"\" width=\"405\" height=\"270\" srcset=\"https:\/\/www.diarioimagen.net\/wp-content\/uploads\/2025\/08\/IMG_3540-405x270.jpg 405w, https:\/\/www.diarioimagen.net\/wp-content\/uploads\/2025\/08\/IMG_3540-240x160.jpg 240w, https:\/\/www.diarioimagen.net\/wp-content\/uploads\/2025\/08\/IMG_3540-768x512.jpg 768w, https:\/\/www.diarioimagen.net\/wp-content\/uploads\/2025\/08\/IMG_3540-1536x1024.jpg 1536w, https:\/\/www.diarioimagen.net\/wp-content\/uploads\/2025\/08\/IMG_3540-2048x1366.jpg 2048w\" sizes=\"auto, (max-width: 405px) 100vw, 405px\" \/><p id=\"caption-attachment-678817\" class=\"wp-caption-text\">La secretaria de Turismo, Josefina Rodr\u00edguez destac\u00f3 que esta feria representa una oportunidad<br \/>para proyectar a Tlaxcala como un referente tur\u00edstico nacional e internacional, al integrar a los 60 municipios<br \/>del estado en una sola celebraci\u00f3n<\/p><\/div>\n<p>&nbsp;<\/p>\n<p>&nbsp;<\/p>\n<p>La secretaria de Turismo del Gobierno de M\u00e9xico, Josefina Rodr\u00edguez Zamora, y la gobernadora<\/p>\n<p>de Tlaxcala, Lorena Cu\u00e9llar Cisneros, presentaron la cartelera oficial de Tlaxcala, la Feria de<\/p>\n<p>Ferias 2025, que se llevar\u00e1 a cabo del jueves 23 de octubre al lunes 17 de noviembre de 2025.<\/p>\n<p>\u201cLa Feria de Tlaxcala s\u00ed existe, y es un imperdible. Est\u00e1 catalogada como una de las mejores de<\/p>\n<p>M\u00e9xico porque resguarda la esencia de la cultura de nuestro pa\u00eds. Aqu\u00ed, podr\u00e1n vivir folclore,<\/p>\n<p>gastronom\u00eda y tradiciones durante casi un mes completo\u201d, se\u00f1al\u00f3 la titular de la Sectur.<\/p>\n<p>Con una programaci\u00f3n que incluye actividades culturales, gastron\u00f3micas, recreativas,<\/p>\n<p>deportivas y comerciales, Tlaxcala, la Feria de Ferias 2025 se consolida como una de las cinco<\/p>\n<p>mejores ferias del pa\u00eds. De acuerdo con estimaciones del Patronato de la Feria, se prev\u00e9 una<\/p>\n<p>derrama econ\u00f3mica superior a los 160 millones de pesos (mdp), el beneficio de m\u00e1s de 500<\/p>\n<p>expositores y la generaci\u00f3n de m\u00e1s de 3 mil empleos indirectos.<\/p>\n<p>Asimismo, el 96 por ciento de las actividades ser\u00e1n gratuitas, con el objetivo de garantizar que<\/p>\n<p>los m\u00e1s de 800 mil asistentes disfruten de esta gran celebraci\u00f3n, que enaltece la tradici\u00f3n, la<\/p>\n<p>gastronom\u00eda, la historia y el orgullo de Tlaxcala.<\/p>\n<p>&nbsp;<\/p>\n<p>La secretaria Josefina Rodr\u00edguez destac\u00f3 que esta feria integra a los 60 municipios del estado<\/p>\n<p>en un solo espacio que da vida a tradiciones \u00fanicas, como los festivales del mole, del taco de<\/p>\n<p>canasta y del pulque.<\/p>\n<p>Hizo un llamado a las y los turistas para aprovechar la conectividad y ubicaci\u00f3n estrat\u00e9gica de<\/p>\n<p>Tlaxcala, ubicada a tan solo dos horas y media de la Ciudad de M\u00e9xico, para planear una visita<\/p>\n<p>y descubrir su riqueza cultural, arquitect\u00f3nica y natural.<\/p>\n<p>\u201cEsta feria no solo fortalece sus tradiciones, sino que genera empleo, promueve la econom\u00eda<\/p>\n<p>local y proyecta al estado a nivel nacional e internacional\u201d, coment\u00f3.<\/p>\n<p>A\u00f1adi\u00f3 que eventos como esta feria fortalecen la tendencia positiva en materia tur\u00edstica,<\/p>\n<p>impulsan el turismo comunitario y contribuyen a la derrama econ\u00f3mica en el estado.<\/p>\n<p>Por su parte, la gobernadora del estado de Tlaxcala, Lorena Cu\u00e9llar Cisneros, subray\u00f3 que esta<\/p>\n<p>celebraci\u00f3n, una de las m\u00e1s antiguas y familiares del pa\u00eds, combina historia, cultura, tradici\u00f3n y<\/p>\n<p>seguridad en un entorno propicio para la convivencia.<\/p>\n<p>Reconoci\u00f3 de manera especial la labor de la secretaria Josefina Rodr\u00edguez Zamora por su<\/p>\n<p>dedicaci\u00f3n y compromiso en la promoci\u00f3n de Tlaxcala a nivel nacional e internacional, tanto en<\/p>\n<p>su anterior encargo como secretaria estatal de Turismo y ahora desde la administraci\u00f3n federal<\/p>\n<p>encabezada por la Presidenta Claudia Sheinbaum Pardo.<\/p>\n<p>Entre los eventos m\u00e1s esperados de la feria, se encuentran el tradicional Festival del Pulque, el<\/p>\n<p>Festival del Ma\u00edz, el Festival del Mole y el Festival de Paellas. Adem\u00e1s, se presentar\u00e1n<\/p>\n<p>espect\u00e1culos de talla internacional, como Las Vegas Magic Show , y artistas como Emmanuel,<\/p>\n<p>Raymix, Matisse, Pepe Aguilar, El Gran Silencio, Natalia Jim\u00e9nez, Juli\u00f3n \u00c1lvarez, Conjunto<\/p>\n<p>Primavera y Gloria Trevi, entre otros.<\/p>\n<p>El costo de entrada general ser\u00e1 de 10 pesos. La entrada ser\u00e1 gratuita para ni\u00f1as y ni\u00f1os con<\/p>\n<p>una estatura menor a 1.20 metros, as\u00ed como para personas adultas mayores con credencial del<\/p>\n<p>INAPAM. Entre las promociones destacan los juegos mec\u00e1nicos grandes al 2&#215;1 los d\u00edas<\/p>\n<p>mi\u00e9rcoles, y juegos infantiles gratuitos para escuelas que agenden su visita con el Patronato,<\/p>\n<p>los lunes y martes de 11:00 a 13:00 horas.<\/p>\n<p>&nbsp;<\/p>\n<p>&nbsp;<\/p>\n","protected":false},"excerpt":{"rendered":"<p>&nbsp; Una de las m\u00e1s importantes del pa\u00eds Se llevar\u00e1 a cabo del 23 de octubre al 17 de noviembre &nbsp; &nbsp; La secretaria de Turismo del Gobierno de M\u00e9xico, Josefina Rodr\u00edguez Zamora, y la gobernadora de Tlaxcala, Lorena Cu\u00e9llar Cisneros, presentaron la cartelera oficial de Tlaxcala, la Feria de Ferias 2025, que se llevar\u00e1 [&hellip;]<\/p>\n","protected":false},"author":14,"featured_media":678817,"comment_status":"open","ping_status":"open","sticky":false,"template":"","format":"standard","meta":{"_monsterinsights_skip_tracking":false,"_monsterinsights_sitenote_active":false,"_monsterinsights_sitenote_note":"","_monsterinsights_sitenote_category":0,"footnotes":""},"categories":[11],"tags":[],"class_list":["post-678816","post","type-post","status-publish","format-standard","has-post-thumbnail","hentry","category-turismo"],"_links":{"self":[{"href":"https:\/\/www.diarioimagen.net\/index.php?rest_route=\/wp\/v2\/posts\/678816","targetHints":{"allow":["GET"]}}],"collection":[{"href":"https:\/\/www.diarioimagen.net\/index.php?rest_route=\/wp\/v2\/posts"}],"about":[{"href":"https:\/\/www.diarioimagen.net\/index.php?rest_route=\/wp\/v2\/types\/post"}],"author":[{"embeddable":true,"href":"https:\/\/www.diarioimagen.net\/index.php?rest_route=\/wp\/v2\/users\/14"}],"replies":[{"embeddable":true,"href":"https:\/\/www.diarioimagen.net\/index.php?rest_route=%2Fwp%2Fv2%2Fcomments&post=678816"}],"version-history":[{"count":1,"href":"https:\/\/www.diarioimagen.net\/index.php?rest_route=\/wp\/v2\/posts\/678816\/revisions"}],"predecessor-version":[{"id":678818,"href":"https:\/\/www.diarioimagen.net\/index.php?rest_route=\/wp\/v2\/posts\/678816\/revisions\/678818"}],"wp:featuredmedia":[{"embeddable":true,"href":"https:\/\/www.diarioimagen.net\/index.php?rest_route=\/wp\/v2\/media\/678817"}],"wp:attachment":[{"href":"https:\/\/www.diarioimagen.net\/index.php?rest_route=%2Fwp%2Fv2%2Fmedia&parent=678816"}],"wp:term":[{"taxonomy":"category","embeddable":true,"href":"https:\/\/www.diarioimagen.net\/index.php?rest_route=%2Fwp%2Fv2%2Fcategories&post=678816"},{"taxonomy":"post_tag","embeddable":true,"href":"https:\/\/www.diarioimagen.net\/index.php?rest_route=%2Fwp%2Fv2%2Ftags&post=678816"}],"curies":[{"name":"wp","href":"https:\/\/api.w.org\/{rel}","templated":true}]}}