{"id":678819,"date":"2025-08-05T21:12:05","date_gmt":"2025-08-06T03:12:05","guid":{"rendered":"https:\/\/www.diarioimagen.net\/?p=678819"},"modified":"2025-08-05T21:12:05","modified_gmt":"2025-08-06T03:12:05","slug":"mas-de-1-2-millones-de-trabajadores-de-plataformas-se-han-incorporado-al-imss","status":"publish","type":"post","link":"https:\/\/www.diarioimagen.net\/?p=678819","title":{"rendered":"M\u00e1s de 1.2 millones de  trabajadores de plataformas  se han incorporado al IMSS"},"content":{"rendered":"<p>&nbsp;<\/p>\n<ul>\n<li><strong>Beneficios en salud y seguridad social<\/strong><\/li>\n<li><strong>Repartidores denuncian trabas para obtener una incapacidad por accidente vial<\/strong><\/li>\n<\/ul>\n<div id=\"attachment_678820\" style=\"width: 470px\" class=\"wp-caption alignnone\"><img loading=\"lazy\" decoding=\"async\" aria-describedby=\"caption-attachment-678820\" class=\"wp-image-678820 size-large\" src=\"https:\/\/www.diarioimagen.net\/wp-content\/uploads\/2025\/08\/SEGURO-A-REPARTIDORES-460x249.jpeg\" alt=\"\" width=\"460\" height=\"249\" srcset=\"https:\/\/www.diarioimagen.net\/wp-content\/uploads\/2025\/08\/SEGURO-A-REPARTIDORES-460x249.jpeg 460w, https:\/\/www.diarioimagen.net\/wp-content\/uploads\/2025\/08\/SEGURO-A-REPARTIDORES-240x130.jpeg 240w, https:\/\/www.diarioimagen.net\/wp-content\/uploads\/2025\/08\/SEGURO-A-REPARTIDORES-768x416.jpeg 768w, https:\/\/www.diarioimagen.net\/wp-content\/uploads\/2025\/08\/SEGURO-A-REPARTIDORES.jpeg 1333w\" sizes=\"auto, (max-width: 460px) 100vw, 460px\" \/><p id=\"caption-attachment-678820\" class=\"wp-caption-text\">A un mes de la prueba piloto para incorporar a las personas trabajadoras de plataformas digitales al R\u00e9gimen Obligatorio del IMSS, se han registrado m\u00e1s de un mill\u00f3n 200 mil conductores y repartidores.<\/p><\/div>\n<p>La Secretar\u00eda del Trabajo y Previsi\u00f3n Social (STPS) reporta que, a un mes de la prueba piloto para incorporar a las personas trabajadoras de plataformas digitales al R\u00e9gimen Obligatorio del Instituto Mexicano del Seguro Social (IMSS), se han registrado m\u00e1s de un mill\u00f3n 200 mil conductores y repartidores, para acceder a beneficios en salud y seguridad social.<\/p>\n<p>Alejandro Salafranca V\u00e1zquez, titular de la Unidad de Trabajo Digno de la STPS, coment\u00f3 que ya se han logrado que coticen ante el IMSS todos estos trabajadores de plataforma digital y se espera que el n\u00famero aumente en los pr\u00f3ximos meses.<\/p>\n<p>El funcionario federal coment\u00f3 que el plan piloto de este sector terminar\u00e1 en enero del pr\u00f3ximo a\u00f1o, por lo que se continuar\u00e1 revisando c\u00f3mo sigue la inscripci\u00f3n de empleados en el Instituto.<\/p>\n<p>&nbsp;<\/p>\n<p><strong>Repartidores denuncian trabas en el IMSS para obtener incapacidades<\/strong><\/p>\n<p>&nbsp;<\/p>\n<p>Por su parte, repartidores de plataformas digitales no est\u00e1n conformes con las barreras burocr\u00e1ticas que han encontrado en el Instituto Mexicano del Seguro Social (IMSS) a ra\u00edz de un accidente laboral sufrido por el repartidor Mart\u00edn Garc\u00eda Ruiz de la plataforma Rappi.<\/p>\n<p>El incidente, ocurri\u00f3 el 20 de julio de 2025, mientras realizaba un pedido, hecho que puso de manifiesto las deficiencias y la lentitud de los procesos actuales que afectan directamente la pronta atenci\u00f3n y el bienestar de los trabajadores por plataforma.<\/p>\n<p>El accidentado con una incapacidad provisional de seis meses, se enfrenta a un viacrucis burocr\u00e1tico inaceptable: ya que debe\u00a0\u00a0esperar el regreso del m\u00e9dico que lo atendi\u00f3 para obtener la firma de su incapacidad.<\/p>\n<p>Luego tiene que solicitar el formato ST7 y esperar a que este sea debidamente llenado por Rappi, la empresa con la que estaba trabajando al momento del accidente.<\/p>\n<p>A decir de Repartidores Unidos de M\u00e9xico (RUM) esta tardanza es inadmisible y contrasta dr\u00e1sticamente con la inmediatez que un accidente laboral exige.<\/p>\n<p>&nbsp;<\/p>\n<p><strong>Requisitos no se ajustan a la realidad<\/strong><\/p>\n<p>&nbsp;<\/p>\n<p>Adem\u00e1s, se enfrentan a una serie de requisitos solicitados por el IMSS que no se ajustan a la realidad laboral de los repartidores por plataforma, y ni siquiera se mencionan en la reciente reforma o en la operatividad diaria de su trabajo.<\/p>\n<p>&nbsp;<\/p>\n<p>Como es el caso de la solicitud de informaci\u00f3n como:<\/p>\n<p>&nbsp;<\/p>\n<p>&#8211;\u00a0\u00a0\u00a0\u00a0\u00a0\u00a0\u00a0\u00a0Domicilio fiscal de la empresa.<\/p>\n<p>&#8211;\u00a0\u00a0\u00a0\u00a0\u00a0\u00a0\u00a0\u00a0Horario fijo laboral.<\/p>\n<p>&#8211;\u00a0\u00a0\u00a0\u00a0\u00a0\u00a0\u00a0\u00a0Puesto en la empresa.<\/p>\n<p>&#8211;\u00a0\u00a0\u00a0\u00a0\u00a0\u00a0\u00a0\u00a0D\u00eda de descanso fijo.<\/p>\n<p>&nbsp;<\/p>\n<p>Repartidores Unidos de M\u00e9xico denuncian que es innegable que la inclusi\u00f3n de los trabajadores de plataformas digitales en el esquema de seguridad social del IMSS, en el marco de la prueba piloto que el gobierno \u201clos ha obligado a adoptar; sin embargo, la realidad dista mucho de la eficiencia y celeridad que se requiere en situaciones de emergencia\u201d.<\/p>\n<p>La organizaci\u00f3n asegur\u00f3 que antes, los seguros privados que ofrec\u00edan las plataformas, si bien no siempre inclu\u00edan incapacidades a largo plazo, garantizaban la cobertura inmediata de gastos m\u00e9dicos en hospitales privados y una atenci\u00f3n sin demoras.<\/p>\n<p>Explic\u00f3 que al accidentado se le inform\u00f3 que no se le puede expedir la incapacidad en el \u00e1rea de trauma, sino que debe esperar al m\u00e9dico en turno, lo que implica una demora para que se le pueda expedir la incapacidad formal.<\/p>\n<p>&nbsp;<\/p>\n<p><strong>Persiste burocratismo\u00a0<\/strong><\/p>\n<p>&nbsp;<\/p>\n<p>Sa\u00fal G\u00f3mez, vocero de Repartidores Unidos de M\u00e9xico sostuvo que estos requisitos y procedimientos evidencian un desconocimiento\u00a0\u00a0total con\u00a0\u00a0el trabajo en plataformas as\u00ed como la flexibilidad y la naturaleza de su trabajo.<\/p>\n<p>\u201cNo contamos con horarios fijos ni puestos definidos en el sentido tradicional, y la estructura de las plataformas difiere de una relaci\u00f3n laboral convencional\u201d, apunt\u00f3.<\/p>\n<p>Es preocupante, agreg\u00f3, que, a pesar de estar en una fase de \u201cprueba piloto\u201d para evaluar el sistema, estas carencias fundamentales salgan a la luz, demostrando que los procesos burocr\u00e1ticos gubernamentales persisten y afectan directamente a los eslabones m\u00e1s vulnerables.<\/p>\n<p>El representante de repartidores afirm\u00f3 que como repartidores, no solo tienen que lidiar con la paciencia requerida para esperar y entregar pedidos, sino que ahora deben\u00a0\u00a0a\u00f1adir una dosis extra de paciencia para ser atendidos y para que les expidan las incapacidades a las que, por ley, tienen derecho.<\/p>\n<p>&nbsp;<\/p>\n<p>&nbsp;<\/p>\n<p>&nbsp;<\/p>\n<p>&nbsp;<\/p>\n","protected":false},"excerpt":{"rendered":"<p>&nbsp; Beneficios en salud y seguridad social Repartidores denuncian trabas para obtener una incapacidad por accidente vial La Secretar\u00eda del Trabajo y Previsi\u00f3n Social (STPS) reporta que, a un mes de la prueba piloto para incorporar a las personas trabajadoras de plataformas digitales al R\u00e9gimen Obligatorio del Instituto Mexicano del Seguro Social (IMSS), se han [&hellip;]<\/p>\n","protected":false},"author":14,"featured_media":678820,"comment_status":"open","ping_status":"open","sticky":false,"template":"","format":"standard","meta":{"_monsterinsights_skip_tracking":false,"_monsterinsights_sitenote_active":false,"_monsterinsights_sitenote_note":"","_monsterinsights_sitenote_category":0,"footnotes":""},"categories":[17],"tags":[],"class_list":["post-678819","post","type-post","status-publish","format-standard","has-post-thumbnail","hentry","category-especiales"],"_links":{"self":[{"href":"https:\/\/www.diarioimagen.net\/index.php?rest_route=\/wp\/v2\/posts\/678819","targetHints":{"allow":["GET"]}}],"collection":[{"href":"https:\/\/www.diarioimagen.net\/index.php?rest_route=\/wp\/v2\/posts"}],"about":[{"href":"https:\/\/www.diarioimagen.net\/index.php?rest_route=\/wp\/v2\/types\/post"}],"author":[{"embeddable":true,"href":"https:\/\/www.diarioimagen.net\/index.php?rest_route=\/wp\/v2\/users\/14"}],"replies":[{"embeddable":true,"href":"https:\/\/www.diarioimagen.net\/index.php?rest_route=%2Fwp%2Fv2%2Fcomments&post=678819"}],"version-history":[{"count":1,"href":"https:\/\/www.diarioimagen.net\/index.php?rest_route=\/wp\/v2\/posts\/678819\/revisions"}],"predecessor-version":[{"id":678821,"href":"https:\/\/www.diarioimagen.net\/index.php?rest_route=\/wp\/v2\/posts\/678819\/revisions\/678821"}],"wp:featuredmedia":[{"embeddable":true,"href":"https:\/\/www.diarioimagen.net\/index.php?rest_route=\/wp\/v2\/media\/678820"}],"wp:attachment":[{"href":"https:\/\/www.diarioimagen.net\/index.php?rest_route=%2Fwp%2Fv2%2Fmedia&parent=678819"}],"wp:term":[{"taxonomy":"category","embeddable":true,"href":"https:\/\/www.diarioimagen.net\/index.php?rest_route=%2Fwp%2Fv2%2Fcategories&post=678819"},{"taxonomy":"post_tag","embeddable":true,"href":"https:\/\/www.diarioimagen.net\/index.php?rest_route=%2Fwp%2Fv2%2Ftags&post=678819"}],"curies":[{"name":"wp","href":"https:\/\/api.w.org\/{rel}","templated":true}]}}