{"id":678986,"date":"2025-08-06T21:46:46","date_gmt":"2025-08-07T03:46:46","guid":{"rendered":"https:\/\/www.diarioimagen.net\/?p=678986"},"modified":"2025-08-06T21:46:46","modified_gmt":"2025-08-07T03:46:46","slug":"imss-supera-23-millones-de-empleos-formales-con-registro-de-1-2-millones-de-trabajadores-de-aplicacion","status":"publish","type":"post","link":"https:\/\/www.diarioimagen.net\/?p=678986","title":{"rendered":"IMSS supera 23 millones  de empleos formales con  registro de 1.2 millones de  trabajadores de aplicaci\u00f3n"},"content":{"rendered":"<p>&nbsp;<\/p>\n<ul>\n<li><strong>Registro hist\u00f3rico<\/strong><\/li>\n<\/ul>\n<div id=\"attachment_678987\" style=\"width: 406px\" class=\"wp-caption alignnone\"><img loading=\"lazy\" decoding=\"async\" aria-describedby=\"caption-attachment-678987\" class=\"wp-image-678987 size-large\" src=\"https:\/\/www.diarioimagen.net\/wp-content\/uploads\/2025\/08\/IMSS-ok-3-396x270.jpg\" alt=\"\" width=\"396\" height=\"270\" srcset=\"https:\/\/www.diarioimagen.net\/wp-content\/uploads\/2025\/08\/IMSS-ok-3-396x270.jpg 396w, https:\/\/www.diarioimagen.net\/wp-content\/uploads\/2025\/08\/IMSS-ok-3-240x164.jpg 240w, https:\/\/www.diarioimagen.net\/wp-content\/uploads\/2025\/08\/IMSS-ok-3-768x524.jpg 768w, https:\/\/www.diarioimagen.net\/wp-content\/uploads\/2025\/08\/IMSS-ok-3.jpg 1500w\" sizes=\"auto, (max-width: 396px) 100vw, 396px\" \/><p id=\"caption-attachment-678987\" class=\"wp-caption-text\">El director general del IMSS, Zo\u00e9 Robledo, indic\u00f3 que se registraron un mill\u00f3n 291 mil 365 puestos de trabajo al R\u00e9gimen Obligatorio del IMSS, vinculados a personas trabajadoras independientes de plataformas digitales.<\/p><\/div>\n<p><strong>\u00a0<\/strong><\/p>\n<p><strong>\u00a0<\/strong><\/p>\n<p>&nbsp;<\/p>\n<p>El director general del Instituto Mexicano del Seguro Social (IMSS), Zo\u00e9 Robledo, inform\u00f3 que dentro del reporte mensual de empleo la instituci\u00f3n registr\u00f3 23 millones 591 mil 691 empleos formales, la cifra m\u00e1s alta en su historia, crecimiento que se vio impulsado por la incorporaci\u00f3n de un mill\u00f3n 291 mil 365 puestos de trabajo correspondientes a personas trabajadoras independientes de plataformas digitales.<\/p>\n<p>Durante su intervenci\u00f3n en la conferencia en Palacio Nacional que encabez\u00f3 la Presidenta de M\u00e9xico, Claudia Sheinbaum Pardo, el titular del IMSS indic\u00f3 que durante el mes de julio de este a\u00f1o el Instituto registr\u00f3 un incremento hist\u00f3rico de un mill\u00f3n 266 mil 025 nuevos puestos de trabajo, lo que represent\u00f3 un crecimiento mensual del 5.7 por ciento en el empleo formal.<\/p>\n<p>Abund\u00f3 que con este avance el acumulado de nuevos empleos en lo que va de 2025 ascendi\u00f3 a un mill\u00f3n 353 mil 312, y al medirlo en los \u00faltimos 12 meses, el crecimiento alcanz\u00f3 el 6.1 por ciento. \u201cHist\u00f3rico tambi\u00e9n es lo que impuls\u00f3 este crecimiento del mes de julio, tiene que ver con el aseguramiento de trabajadores y trabajadoras de plataformas digitales que inici\u00f3 el 1 de julio\u201d.<\/p>\n<p>En ese sentido, Zo\u00e9 Robledo present\u00f3 los resultados de la prueba piloto de aseguramiento para personas trabajadoras independientes de plataformas digitales y a tan solo un mes de su implementaci\u00f3n, se registraron un mill\u00f3n 291 mil 365 puestos de trabajo al R\u00e9gimen Obligatorio del IMSS, vinculados a esta modalidad laboral, lo que representa un avance hist\u00f3rico en la formalizaci\u00f3n del empleo digital en el pa\u00eds.<\/p>\n<p>Destac\u00f3 que este esfuerzo forma parte de una reforma estructural impulsada por la Presidenta Claudia Sheinbaum Pardo, ya que la iniciativa fue firmada el 16 de octubre de 2024, aprobada por el Congreso de la Uni\u00f3n, publicada el 24 de diciembre y reglamentada el 24 de junio, lo que permiti\u00f3 iniciar el piloto en tiempo r\u00e9cord.<\/p>\n<p>El director general del Seguro Social report\u00f3 que 80 por ciento de las personas trabajadoras independientes registradas trabajan en una sola plataforma y se identific\u00f3 a un mill\u00f3n 046 mil 137 personas \u00fanicas. Adem\u00e1s, se observ\u00f3 que 90 por ciento son hombres y 10 por ciento mujeres, mientras que 56 por ciento tienen menos de 35 a\u00f1os, lo que confirma el perfil joven de este sector laboral.<\/p>\n<p>Subray\u00f3 que 74 por ciento de las personas registradas tienen en el trabajo de plataforma su fuente principal de ingresos, lo cual demuestra la idea de que esta actividad no es complementaria. \u201cEs probable que solamente se dediquen al trabajo de plataforma, es decir, que sea su fuente principal de ingresos\u201d.<\/p>\n<p>En cuanto a la distribuci\u00f3n por tipo de plataforma, el titular del Seguro Social expuso que el 48.4 por ciento de los registros corresponden a servicios de reparto y mensajer\u00eda, mientras que 51.5 por ciento pertenecen a plataformas de transporte, es decir, conductores.<\/p>\n<p>Zo\u00e9 Robledo refiri\u00f3 que si una persona que recibe una pensi\u00f3n est\u00e1 registrada como trabajador en plataformas no pierde esta prestaci\u00f3n; adem\u00e1s, quienes est\u00e1n inscritos en el r\u00e9gimen Modalidad 40 en el R\u00e9gimen Obligatorio, esto es que ya no tiene un empleo formal, pero paga sus cuotas para lograr las semanas suficientes para pensionar, no pierden la cotizaci\u00f3n a la continuaci\u00f3n voluntaria.<\/p>\n<p>Se\u00f1al\u00f3 que en pr\u00f3ximos d\u00edas se dar\u00e1n a conocer los montos de ingreso neto de cada persona trabajadora de plataforma, quienes alcancen el salario m\u00ednimo de la Ciudad de M\u00e9xico contar\u00e1n con cobertura completa de todos los seguros del IMSS: atenci\u00f3n m\u00e9dica, pensi\u00f3n, guarder\u00edas y prestaciones econ\u00f3micas como riesgos de trabajo e incapacidad.<\/p>\n<p>\u201cLo importante es que desde que son registrados a partir del primero de julio, tienen ya el seguro de riesgos de trabajo que es una primera cobertura important\u00edsima para el trabajo que se hace sobre todo en la v\u00eda p\u00fablica\u201d, puntualiz\u00f3.<\/p>\n<p>El director general del IMSS present\u00f3 un comparativo de pa\u00edses en los que se han presentado regulaciones para personas trabajadoras de plataformas; por ejemplo, en Chile la afiliaci\u00f3n a la seguridad social es voluntaria pero si quiere a\u00f1adir a sus familiares debe dar un pago adicional; en Estados Unidos no se ofrece un fondo de vivienda y la cobertura m\u00e9dica es un programa b\u00e1sico que se enfoca en lo preventivo; en Espa\u00f1a y Uruguay apenas se han afiliado a 15 mil y 60 mil personas, respectivamente.<\/p>\n<p>\u201cAqu\u00ed la cobertura es universal, incluye a los beneficiarios y no solamente es la cobertura de atenci\u00f3n m\u00e9dica, sino otros seguros incluida la vivienda; es una modalidad de vanguardia que est\u00e1 aportando M\u00e9xico al mundo de c\u00f3mo s\u00ed se puede asegurar con esta forma de trabajo tan novedosa y que en un modelo de negocios nunca se puede excluir a la seguridad social\u201d, enfatiz\u00f3.<\/p>\n<p>&nbsp;<\/p>\n<p>&nbsp;<\/p>\n<p><strong>\u00a0<\/strong><\/p>\n<p><strong>\u00a0<\/strong><\/p>\n<p><strong>\u00a0<\/strong><\/p>\n","protected":false},"excerpt":{"rendered":"<p>&nbsp; Registro hist\u00f3rico \u00a0 \u00a0 &nbsp; El director general del Instituto Mexicano del Seguro Social (IMSS), Zo\u00e9 Robledo, inform\u00f3 que dentro del reporte mensual de empleo la instituci\u00f3n registr\u00f3 23 millones 591 mil 691 empleos formales, la cifra m\u00e1s alta en su historia, crecimiento que se vio impulsado por la incorporaci\u00f3n de un mill\u00f3n 291 [&hellip;]<\/p>\n","protected":false},"author":14,"featured_media":678987,"comment_status":"open","ping_status":"open","sticky":false,"template":"","format":"standard","meta":{"_monsterinsights_skip_tracking":false,"_monsterinsights_sitenote_active":false,"_monsterinsights_sitenote_note":"","_monsterinsights_sitenote_category":0,"footnotes":""},"categories":[3],"tags":[],"class_list":["post-678986","post","type-post","status-publish","format-standard","has-post-thumbnail","hentry","category-nacional"],"_links":{"self":[{"href":"https:\/\/www.diarioimagen.net\/index.php?rest_route=\/wp\/v2\/posts\/678986","targetHints":{"allow":["GET"]}}],"collection":[{"href":"https:\/\/www.diarioimagen.net\/index.php?rest_route=\/wp\/v2\/posts"}],"about":[{"href":"https:\/\/www.diarioimagen.net\/index.php?rest_route=\/wp\/v2\/types\/post"}],"author":[{"embeddable":true,"href":"https:\/\/www.diarioimagen.net\/index.php?rest_route=\/wp\/v2\/users\/14"}],"replies":[{"embeddable":true,"href":"https:\/\/www.diarioimagen.net\/index.php?rest_route=%2Fwp%2Fv2%2Fcomments&post=678986"}],"version-history":[{"count":1,"href":"https:\/\/www.diarioimagen.net\/index.php?rest_route=\/wp\/v2\/posts\/678986\/revisions"}],"predecessor-version":[{"id":678988,"href":"https:\/\/www.diarioimagen.net\/index.php?rest_route=\/wp\/v2\/posts\/678986\/revisions\/678988"}],"wp:featuredmedia":[{"embeddable":true,"href":"https:\/\/www.diarioimagen.net\/index.php?rest_route=\/wp\/v2\/media\/678987"}],"wp:attachment":[{"href":"https:\/\/www.diarioimagen.net\/index.php?rest_route=%2Fwp%2Fv2%2Fmedia&parent=678986"}],"wp:term":[{"taxonomy":"category","embeddable":true,"href":"https:\/\/www.diarioimagen.net\/index.php?rest_route=%2Fwp%2Fv2%2Fcategories&post=678986"},{"taxonomy":"post_tag","embeddable":true,"href":"https:\/\/www.diarioimagen.net\/index.php?rest_route=%2Fwp%2Fv2%2Ftags&post=678986"}],"curies":[{"name":"wp","href":"https:\/\/api.w.org\/{rel}","templated":true}]}}