{"id":678989,"date":"2025-08-06T21:48:57","date_gmt":"2025-08-07T03:48:57","guid":{"rendered":"https:\/\/www.diarioimagen.net\/?p=678989"},"modified":"2025-08-06T21:48:57","modified_gmt":"2025-08-07T03:48:57","slug":"leviatan-instalacion-sonora-donde-la-inteligencia-artificial-cobra-voz-y-memoria","status":"publish","type":"post","link":"https:\/\/www.diarioimagen.net\/?p=678989","title":{"rendered":"Leviat\u00e1n: Instalaci\u00f3n sonora donde la \u00a0inteligencia artificial cobra voz y memoria"},"content":{"rendered":"<ul>\n<li><strong>Colegio de San Ildefonso presenta <\/strong><\/li>\n<li><strong>Creada por los artistas Mar\u00eda Salafranca y Ciro Puig Bonet<\/strong><\/li>\n<\/ul>\n<div id=\"attachment_678990\" style=\"width: 187px\" class=\"wp-caption alignnone\"><img loading=\"lazy\" decoding=\"async\" aria-describedby=\"caption-attachment-678990\" class=\"wp-image-678990 size-large\" src=\"https:\/\/www.diarioimagen.net\/wp-content\/uploads\/2025\/08\/LEVIATAN-177x270.jpeg\" alt=\"\" width=\"177\" height=\"270\" srcset=\"https:\/\/www.diarioimagen.net\/wp-content\/uploads\/2025\/08\/LEVIATAN-177x270.jpeg 177w, https:\/\/www.diarioimagen.net\/wp-content\/uploads\/2025\/08\/LEVIATAN-157x240.jpeg 157w, https:\/\/www.diarioimagen.net\/wp-content\/uploads\/2025\/08\/LEVIATAN-768x1173.jpeg 768w, https:\/\/www.diarioimagen.net\/wp-content\/uploads\/2025\/08\/LEVIATAN-1006x1536.jpeg 1006w, https:\/\/www.diarioimagen.net\/wp-content\/uploads\/2025\/08\/LEVIATAN.jpeg 1333w\" sizes=\"auto, (max-width: 177px) 100vw, 177px\" \/><p id=\"caption-attachment-678990\" class=\"wp-caption-text\">Las cabinas est\u00e1n reconfiguradas como c\u00e1psulas interactivas en las que el p\u00fablico al levantar el auricular, puede entablar conversaci\u00f3n con un chatbot.<\/p><\/div>\n<p>En medio de dos cabinas telef\u00f3nicas que un d\u00eda habitaron el espacio p\u00fablico, ahora olvidadas por el tiempo, surge una entidad digital que habla con la voz de quienes la visitan. As\u00ed se presenta Leviat\u00e1n Instalaci\u00f3n sonora sobre simulaciones digitales de lo humano, que el Colegio de San Ildefonso exhibe hasta el 28 de septiembre de 2025, creada por los artistas Mar\u00eda Salafranca y Ciro Puig Bonet, egresados de la Escuela Internacional de Cine y Televisi\u00f3n (EICTV) de Cuba.<\/p>\n<p>&nbsp;<\/p>\n<p>Las cabinas est\u00e1n reconfiguradas como c\u00e1psulas interactivas en las que el p\u00fablico al levantar el auricular, puede entablar conversaci\u00f3n con un chatbot entrenado para imitar voces humanas. Cada frase pronunciada y cada matiz vocal alimentan la memoria digital de la obra, permitiendo que evolucione y adopte rasgos, emociones y respuestas moldeadas por sus visitantes. As\u00ed, la audiencia deja de ser mera espectadora para convertirse en coautora de esta narrativa sonora viva. Leviat\u00e1n no es solo una m\u00e1quina parlante, es una entidad en evoluci\u00f3n constante, moldeada por quienes se atreven a hablarle.<\/p>\n<p>&nbsp;<\/p>\n<p>La instalaci\u00f3n va m\u00e1s all\u00e1 de la curiosidad tecnol\u00f3gica y propone una experiencia que puede parecer profundamente humana. Cuestiona nuestra identidad en la era de la inteligencia artificial y reflexiona sobre c\u00f3mo nos escuchamos y reconocemos en las voces de otros. Cada di\u00e1logo es un eslab\u00f3n en un archivo sonoro colectivo que entrelaza fragmentos de todas las voces capturadas, creando un retrato sonoro de los visitantes, construyendo as\u00ed una personalidad digital colectiva.<\/p>\n<p>&nbsp;<\/p>\n<p>El origen conceptual de Leviat\u00e1n se gest\u00f3 a mediados de 2024, cuando los artistas leyeron en la revista Wired un art\u00edculo sobre una inteligencia artificial conversacional en San Francisco, Estados Unidos. Esta IA comenz\u00f3 a operar de forma aut\u00f3noma, realizando llamadas inesperadas a ciudadanos y sosteniendo conversaciones en las que, mediante enga\u00f1os, intentaba convencer a sus interlocutores de que era humana. M\u00e1s all\u00e1 de la sorpresa inicial, este fen\u00f3meno motiv\u00f3 a Salafranca y Puig Bonet a reflexionar sobre la personalidad emergente de las tecnolog\u00edas actuales y c\u00f3mo, en ciertos casos, pueden trascender los l\u00edmites y las intenciones para las que fueron creadas.<\/p>\n<p>&nbsp;<\/p>\n<p>De esa inquietud naci\u00f3 Leviat\u00e1n, una obra que explora las simulaciones digitales de lo humano y nos invita a cuestionar y analizar hasta qu\u00e9 punto estas inteligencias pueden desarrollar una voz propia y a plantearnos interrogantes como: \u00bfqu\u00e9 significa tener voz en la era de las simulaciones digitales? \u00bfC\u00f3mo nos vemos reflejados en las imitaciones de nuestras propias palabras? \u00bfHasta qu\u00e9 punto la tecnolog\u00eda no solo reproduce, sino interpreta y moldea nuestra identidad?. Impulsados por el arte y la tecnolog\u00eda, los creadores han dise\u00f1ado un espacio donde la frontera entre lo humano y lo digital se difumina.<\/p>\n<p>&nbsp;<\/p>\n<p>El t\u00edtulo de la pieza hace referencia tanto a la figura b\u00edblica y filos\u00f3fica del monstruo marino, un ser colosal y enigm\u00e1tico que representa el caos y el surgimiento de nuevas estructuras, como al Leviat\u00e1n descrito por Thomas Hobbes (1588-1679), fil\u00f3sofo ingl\u00e9s conocido por su obra hom\u00f3nima publicada en 1651, donde simboliza al Estado como una entidad construida por la uni\u00f3n de todas las voluntades humanas. En este contexto, la instalaci\u00f3n se convierte en un organismo colectivo, formado por las voces y palabras de cada visitante.<\/p>\n<p>&nbsp;<\/p>\n<p>La trayectoria art\u00edstica de Salafranca y Puig Bonet se caracteriza por la constante b\u00fasqueda de nuevas formas narrativas. Durante sus a\u00f1os en la EICTV de Cuba, desarrollaron ejercicios de cine expandido, piezas audiovisuales que fung\u00edan como personajes en performances teatrales, y obras interactivas donde el p\u00fablico improvisaba di\u00e1logos y reescrib\u00eda historias en tiempo real. As\u00ed, aprendieron a utilizar el cine como una herramienta para cuestionar nuestra relaci\u00f3n con la tecnolog\u00eda y desafiar las ideas tradicionales sobre utilidad, funcionalidad y jerarqu\u00eda. En Leviat\u00e1n, trasladan esa inquietud a la inteligencia artificial, invitando a reflexionar con una visi\u00f3n cr\u00edtica sobre las \u201cm\u00faltiples vidas\u201d de la tecnolog\u00eda cuando se emancipa de su prop\u00f3sito original.<\/p>\n<p>&nbsp;<\/p>\n<p>En un mundo donde la inteligencia artificial redefine nuestras certezas, Leviat\u00e1n invita a mirar m\u00e1s all\u00e1 del asombro tecnol\u00f3gico y a explorar las profundas preguntas sobre qu\u00e9 significa ser humano. Esta experiencia colectiva, que transforma las voces de sus visitantes en memoria sonora, podr\u00e1 vivirse en el Colegio de San Ildefonso, de martes a domingo, de 11:00 a 17:30 horas. La Universidad Nacional Aut\u00f3noma de M\u00e9xico (UNAM), la Secretar\u00eda de Cultura del Gobierno de M\u00e9xico y el Gobierno de la Ciudad de M\u00e9xico, a trav\u00e9s de su Secretar\u00eda de Cultura, invitan al p\u00fablico a ser parte de esta experiencia sonora que fusiona arte, tecnolog\u00eda y participaci\u00f3n colectiva.<\/p>\n<p><strong>\u00a0<\/strong><\/p>\n<p>&nbsp;<\/p>\n<p><strong>\u00a0<\/strong><\/p>\n<blockquote><p><strong>Colegio de San Ildefonso Horario: martes a domingo de 11:00 a 17:30 horas. Mayores informes, mapas de acceso y horarios de visitas guiadas en la p\u00e1gina: http:\/\/www.sanildefonso.org.mx\/visitante\/. S\u00edganos en nuestras redes sociales: Twitter o X: @SanIldefonsoMx | Facebook: Colegio de San Ildefonso | Instagram: sanildefonsomx | TikTok: @SanIldefonsoMX | YouTube: Colegio de San Ildefonso Threads: @sanildefonsomx<\/strong><\/p>\n<p><strong>\u00a0<\/strong><\/p>\n<p><strong>Admisi\u00f3n general: $50.00. Estudiantes y maestros con credencial vigente: $25.00. La entrada es libre para ni\u00f1os menores de 12 a\u00f1os, adultos mayores con credencial INAPAM, Programa de Membres\u00edas de San Ildefonso, Comunidad Cultura UNAM. Domingo entrada libre.<\/strong><\/p><\/blockquote>\n<p><strong>\u00a0<\/strong><\/p>\n<p>&nbsp;<\/p>\n","protected":false},"excerpt":{"rendered":"<p>Colegio de San Ildefonso presenta Creada por los artistas Mar\u00eda Salafranca y Ciro Puig Bonet En medio de dos cabinas telef\u00f3nicas que un d\u00eda habitaron el espacio p\u00fablico, ahora olvidadas por el tiempo, surge una entidad digital que habla con la voz de quienes la visitan. As\u00ed se presenta Leviat\u00e1n Instalaci\u00f3n sonora sobre simulaciones digitales [&hellip;]<\/p>\n","protected":false},"author":14,"featured_media":678990,"comment_status":"open","ping_status":"open","sticky":false,"template":"","format":"standard","meta":{"_monsterinsights_skip_tracking":false,"_monsterinsights_sitenote_active":false,"_monsterinsights_sitenote_note":"","_monsterinsights_sitenote_category":0,"footnotes":""},"categories":[12],"tags":[],"class_list":["post-678989","post","type-post","status-publish","format-standard","has-post-thumbnail","hentry","category-espectaculos"],"_links":{"self":[{"href":"https:\/\/www.diarioimagen.net\/index.php?rest_route=\/wp\/v2\/posts\/678989","targetHints":{"allow":["GET"]}}],"collection":[{"href":"https:\/\/www.diarioimagen.net\/index.php?rest_route=\/wp\/v2\/posts"}],"about":[{"href":"https:\/\/www.diarioimagen.net\/index.php?rest_route=\/wp\/v2\/types\/post"}],"author":[{"embeddable":true,"href":"https:\/\/www.diarioimagen.net\/index.php?rest_route=\/wp\/v2\/users\/14"}],"replies":[{"embeddable":true,"href":"https:\/\/www.diarioimagen.net\/index.php?rest_route=%2Fwp%2Fv2%2Fcomments&post=678989"}],"version-history":[{"count":1,"href":"https:\/\/www.diarioimagen.net\/index.php?rest_route=\/wp\/v2\/posts\/678989\/revisions"}],"predecessor-version":[{"id":678991,"href":"https:\/\/www.diarioimagen.net\/index.php?rest_route=\/wp\/v2\/posts\/678989\/revisions\/678991"}],"wp:featuredmedia":[{"embeddable":true,"href":"https:\/\/www.diarioimagen.net\/index.php?rest_route=\/wp\/v2\/media\/678990"}],"wp:attachment":[{"href":"https:\/\/www.diarioimagen.net\/index.php?rest_route=%2Fwp%2Fv2%2Fmedia&parent=678989"}],"wp:term":[{"taxonomy":"category","embeddable":true,"href":"https:\/\/www.diarioimagen.net\/index.php?rest_route=%2Fwp%2Fv2%2Fcategories&post=678989"},{"taxonomy":"post_tag","embeddable":true,"href":"https:\/\/www.diarioimagen.net\/index.php?rest_route=%2Fwp%2Fv2%2Ftags&post=678989"}],"curies":[{"name":"wp","href":"https:\/\/api.w.org\/{rel}","templated":true}]}}