{"id":679160,"date":"2025-08-07T20:08:04","date_gmt":"2025-08-08T02:08:04","guid":{"rendered":"https:\/\/www.diarioimagen.net\/?p=679160"},"modified":"2025-08-07T20:08:04","modified_gmt":"2025-08-08T02:08:04","slug":"comenzo-el-gobierno-de-huixquilucan-tercera-etapa-de-gimnasio-al-aire-libre","status":"publish","type":"post","link":"https:\/\/www.diarioimagen.net\/?p=679160","title":{"rendered":"Comenz\u00f3 el gobierno de Huixquilucan  tercera etapa de gimnasio al aire libre"},"content":{"rendered":"<ul>\n<li><strong>Fomentan la actividad f\u00edsica<\/strong><\/li>\n<\/ul>\n<div id=\"attachment_679161\" style=\"width: 402px\" class=\"wp-caption alignnone\"><img loading=\"lazy\" decoding=\"async\" aria-describedby=\"caption-attachment-679161\" class=\"wp-image-679161 size-large\" src=\"https:\/\/www.diarioimagen.net\/wp-content\/uploads\/2025\/08\/BAENA-3-ok-4-392x270.jpg\" alt=\"\" width=\"392\" height=\"270\" srcset=\"https:\/\/www.diarioimagen.net\/wp-content\/uploads\/2025\/08\/BAENA-3-ok-4-392x270.jpg 392w, https:\/\/www.diarioimagen.net\/wp-content\/uploads\/2025\/08\/BAENA-3-ok-4-240x165.jpg 240w, https:\/\/www.diarioimagen.net\/wp-content\/uploads\/2025\/08\/BAENA-3-ok-4-768x528.jpg 768w, https:\/\/www.diarioimagen.net\/wp-content\/uploads\/2025\/08\/BAENA-3-ok-4-1536x1057.jpg 1536w, https:\/\/www.diarioimagen.net\/wp-content\/uploads\/2025\/08\/BAENA-3-ok-4-2048x1409.jpg 2048w\" sizes=\"auto, (max-width: 392px) 100vw, 392px\" \/><p id=\"caption-attachment-679161\" class=\"wp-caption-text\">En la comunidad de El Hielo, en el marco del programa \u201cHuixquilucan Contigo 24\/7\u201d, la alcaldesa Romina Contreras Carrasco inaugur\u00f3 la tercera etapa de gimnasio al aire libre.<\/p><\/div>\n<p>&nbsp;<\/p>\n<p>Huixquilucan, M\u00e9x.- Para continuar con el fomento de la actividad f\u00edsica entre la poblaci\u00f3n y contribuir a su salud, el gobierno de Huixquilucan inici\u00f3 la tercera etapa de la entrega de gimnasios al aire libre, la cual abarcar\u00e1 todas las zonas que conforman el territorio -Tradicional, Popular y Residencia-, con la colocaci\u00f3n de 13 nuevos aparatos de calistenia para una mayor participaci\u00f3n ciudadana.<\/p>\n<p>&nbsp;<\/p>\n<p>Durante el recorrido por la comunidad de El Hielo con el programa \u201cHuixquilucan Contigo 24\/7\u201d, la presidenta municipal, Romina Contreras Carrasco, cort\u00f3 el list\u00f3n inaugural de los nuevos aparatos de calistenia, los cuales cuentan con un dise\u00f1o m\u00e1s funcional, con lo que suman 19 estructuras de este tipo distribuidas por el territorio, con la intenci\u00f3n de que las personas, de cualquier edad, puedan entrenar al mismo tiempo y as\u00ed mejorar su condici\u00f3n f\u00edsica.<\/p>\n<p>&nbsp;<\/p>\n<p>\u201cEstamos felices de regresar al El Hielo en esta jornada de \u2018Huixquilucan Contigo 24\/7\u2019 y ver el trabajo que se ha hecho. Estos aparatos de calistenia responden a sus solicitudes de implementar m\u00e1s espacios de actividad f\u00edsica al aire libre, donde adolescentes, j\u00f3venes, adultos y adultos mayores pueden ejercitarse y trabajar todo su cuerpo, en un ambiente sano\u201d destac\u00f3 Romina Contreras.<\/p>\n<p>&nbsp;<\/p>\n<p>En compa\u00f1\u00eda de vecinos de El Hielo, la alcaldesa Romina Contreras apunt\u00f3 que la puesta en marcha de este primer gimnasio de la tercera etapa es una petici\u00f3n que se atendi\u00f3 como parte de las jornadas de \u201cHuixquilucan Contigo 24\/7\u201d, pues promover el deporte en ni\u00f1os y j\u00f3venes es fundamental para propiciar h\u00e1bitos saludables, adem\u00e1s de que forman parte del programa de recuperaci\u00f3n de espacios p\u00fablicos.<\/p>\n<p>&nbsp;<\/p>\n<p>Hasta el momento, se han instalado este tipo de aparatos en diversos puntos del municipio, tales como Constituyentes de 1917, El Plan, Jes\u00fas del Monte, La Ca\u00f1ada, Las Canteras, Loma del Carmen, Parque Acequia, Parque Fuente de las Lomas del Sol, Parque Lomas la Herradura, Parque Shimon Peres, Parque Teca, San Fernando, San Francisco Ayotuxco, San Jacinto, San Mart\u00edn, entre otros.<\/p>\n<p>&nbsp;<\/p>\n<p>&nbsp;<\/p>\n","protected":false},"excerpt":{"rendered":"<p>Fomentan la actividad f\u00edsica &nbsp; Huixquilucan, M\u00e9x.- Para continuar con el fomento de la actividad f\u00edsica entre la poblaci\u00f3n y contribuir a su salud, el gobierno de Huixquilucan inici\u00f3 la tercera etapa de la entrega de gimnasios al aire libre, la cual abarcar\u00e1 todas las zonas que conforman el territorio -Tradicional, Popular y Residencia-, con [&hellip;]<\/p>\n","protected":false},"author":14,"featured_media":679161,"comment_status":"open","ping_status":"open","sticky":false,"template":"","format":"standard","meta":{"_monsterinsights_skip_tracking":false,"_monsterinsights_sitenote_active":false,"_monsterinsights_sitenote_note":"","_monsterinsights_sitenote_category":0,"footnotes":""},"categories":[5],"tags":[],"class_list":["post-679160","post","type-post","status-publish","format-standard","has-post-thumbnail","hentry","category-estado-de-mexico"],"_links":{"self":[{"href":"https:\/\/www.diarioimagen.net\/index.php?rest_route=\/wp\/v2\/posts\/679160","targetHints":{"allow":["GET"]}}],"collection":[{"href":"https:\/\/www.diarioimagen.net\/index.php?rest_route=\/wp\/v2\/posts"}],"about":[{"href":"https:\/\/www.diarioimagen.net\/index.php?rest_route=\/wp\/v2\/types\/post"}],"author":[{"embeddable":true,"href":"https:\/\/www.diarioimagen.net\/index.php?rest_route=\/wp\/v2\/users\/14"}],"replies":[{"embeddable":true,"href":"https:\/\/www.diarioimagen.net\/index.php?rest_route=%2Fwp%2Fv2%2Fcomments&post=679160"}],"version-history":[{"count":1,"href":"https:\/\/www.diarioimagen.net\/index.php?rest_route=\/wp\/v2\/posts\/679160\/revisions"}],"predecessor-version":[{"id":679162,"href":"https:\/\/www.diarioimagen.net\/index.php?rest_route=\/wp\/v2\/posts\/679160\/revisions\/679162"}],"wp:featuredmedia":[{"embeddable":true,"href":"https:\/\/www.diarioimagen.net\/index.php?rest_route=\/wp\/v2\/media\/679161"}],"wp:attachment":[{"href":"https:\/\/www.diarioimagen.net\/index.php?rest_route=%2Fwp%2Fv2%2Fmedia&parent=679160"}],"wp:term":[{"taxonomy":"category","embeddable":true,"href":"https:\/\/www.diarioimagen.net\/index.php?rest_route=%2Fwp%2Fv2%2Fcategories&post=679160"},{"taxonomy":"post_tag","embeddable":true,"href":"https:\/\/www.diarioimagen.net\/index.php?rest_route=%2Fwp%2Fv2%2Ftags&post=679160"}],"curies":[{"name":"wp","href":"https:\/\/api.w.org\/{rel}","templated":true}]}}