{"id":679194,"date":"2025-08-07T20:55:30","date_gmt":"2025-08-08T02:55:30","guid":{"rendered":"https:\/\/www.diarioimagen.net\/?p=679194"},"modified":"2025-08-07T20:55:30","modified_gmt":"2025-08-08T02:55:30","slug":"clara-brugada-molina-se-compromete-a-defender-el-bosque-de-agua-y-el-ocotal","status":"publish","type":"post","link":"https:\/\/www.diarioimagen.net\/?p=679194","title":{"rendered":"Clara Brugada Molina  se compromete a defender  el Bosque de Agua y El Ocotal  \u00a0\u00a0"},"content":{"rendered":"<div id=\"attachment_679195\" style=\"width: 415px\" class=\"wp-caption alignnone\"><img loading=\"lazy\" decoding=\"async\" aria-describedby=\"caption-attachment-679195\" class=\"wp-image-679195 size-large\" src=\"https:\/\/www.diarioimagen.net\/wp-content\/uploads\/2025\/08\/bru-405x270.jpeg\" alt=\"\" width=\"405\" height=\"270\" srcset=\"https:\/\/www.diarioimagen.net\/wp-content\/uploads\/2025\/08\/bru-405x270.jpeg 405w, https:\/\/www.diarioimagen.net\/wp-content\/uploads\/2025\/08\/bru-240x160.jpeg 240w, https:\/\/www.diarioimagen.net\/wp-content\/uploads\/2025\/08\/bru-768x512.jpeg 768w, https:\/\/www.diarioimagen.net\/wp-content\/uploads\/2025\/08\/bru-1536x1023.jpeg 1536w, https:\/\/www.diarioimagen.net\/wp-content\/uploads\/2025\/08\/bru.jpeg 1600w\" sizes=\"auto, (max-width: 405px) 100vw, 405px\" \/><p id=\"caption-attachment-679195\" class=\"wp-caption-text\">Clara Brugada Molina encabez\u00f3 la jornada 34 del programa Gobierno Casa por Casa en la colonia Loma del Padre, alcald\u00eda Cuajimalpa<\/p><\/div>\n<p>La Jefa de Gobierno, Clara Brugada Molina, encabez\u00f3 la jornada 34 del programa Gobierno Casa por Casa en la colonia Loma del Padre, alcald\u00eda Cuajimalpa, donde se comprometi\u00f3 a proteger el Bosque de Agua y el \u00e1rea verde de El Ocotal.<\/p>\n<p>\u00abCuenten con mi apoyo para defender el Bosque de Agua, para defender El Ocotal,\u00a0 si venimos aqu\u00ed es a defenderlo, es lo que queremos y eso nos une a todas y todos\u00bb, asegur\u00f3.<\/p>\n<p>Al escuchar a vecinas y vecinos sobre este tema, la mandataria ofreci\u00f3 realizar una mesa de trabajo en los pr\u00f3ximos d\u00edas, en la que participen habitantes junto con dependencias, como la Secretar\u00eda del Medio Ambiente.<\/p>\n<p>Al referirse al programa Gobierno Casa por Casa, Clara Brugada se\u00f1al\u00f3 que se cumpli\u00f3 la segunda vuelta por todas las arealiza un trabajo cercano a las necesidades de la gente, como la seguridad e iluminaci\u00f3n, por ello anunci\u00f3 que la colonia Loma del Padre, mejor conocida como La Papa, se va a convertir en la m\u00e1s iluminada de Cuajimalpa. La intervenci\u00f3n incluye la creaci\u00f3n de dos senderos seguros en avenida Camino al Bosque y calle del Ocotal.<\/p>\n<p>\u00abEsa iluminaci\u00f3n va dirigida a las ni\u00f1as y a las mujeres de esta colonia, Loma del Padre. Si una ni\u00f1a se siente m\u00e1s segura con la iluminaci\u00f3n, pues cualquier persona de la poblaci\u00f3n con m\u00e1s raz\u00f3n\u00bb, a\u00f1adi\u00f3.<\/p>\n<p>En educaci\u00f3n, dijo que las escuelas p\u00fablicas de la colonia van a ser renovadas con el programa 1, 2, 3 por Mi escuela; se van a crear aulas digitales y entrar\u00e1n al programa de educaci\u00f3n musical Do, Re, Mi, Fa, Sol, que incluye la dotaci\u00f3n de diversos instrumentos musicales.<\/p>\n<p>Con respecto al Sistema P\u00fablico de Cuidados, anticip\u00f3 la creaci\u00f3n de una Casa de las 3R, con centro de rehabilitaci\u00f3n para personas con discapacidad, lavander\u00eda, comedor comunitario, casa de d\u00eda para adultos mayores. Todos los servicios ser\u00e1n sin costo y beneficiar\u00e1n, sobre todo, a las mujeres, en quienes hist\u00f3ricamente han reca\u00eddo estas labores. Este inmueble se ubicar\u00e1 en uno de los Pilares de la zona.<\/p>\n<p>Al referirse a las Utop\u00edas, pidi\u00f3 a la alcald\u00eda y a la poblaci\u00f3n proponer ubicaciones para la creaci\u00f3n de estos proyectos transformadores. Por \u00faltimo, dijo que el programa de captaci\u00f3n de agua de lluvia y calentadores solares en viviendas iniciar\u00e1 en Cuajimalpa.<\/p>\n<p>El subsecretario de Participaci\u00f3n Ciudadana, \u00c1ngel S\u00e1nchez Cort\u00e9s, dijo que luego de 34 jornadas del programa Gobierno Casa por Casa, en total se han tocado 260 mil viviendas. Desde el inicio del programa se han recibido 65 mil solicitudes, de las cuales ya se han resuelto 47 mil.<\/p>\n<p>\u201cEstamos cerrando con la segunda vuelta en Cuajimalpa, con esto se han tocado 260 mil viviendas.\u00a0 Desde el 10 de octubre, que es cuando ella asume, se han beneficiado 900 mil ciudadanos y ciudadanas\u201d, resalt\u00f3.<\/p>\n<p>\u00c1ngel S\u00e1nchez a\u00f1adi\u00f3 que se van a atender a 5 mil habitantes de Loma del Padre. Refiri\u00f3 que en el primer d\u00eda se captaron 472 solicitudes vecinales, entre las cuales destacan reparaci\u00f3n del alumbrado p\u00fablico, vigilancia policiaca, bacheo, recolecci\u00f3n de residuos y poda, entre otras.<\/p>\n<p>Finalmente, el alcalde de Cuajimalpa, Carlos Orva\u00f1anos Rea, resalt\u00f3 la colaboraci\u00f3n con el Gobierno capitalino en seguridad y protecci\u00f3n del bosque, e invit\u00f3 a la Jefa de Gobierno el pr\u00f3ximo 6 de septiembre al lanzamiento de la primera polic\u00eda ambiental de la alcald\u00eda.<\/p>\n<p>&nbsp;<\/p>\n<p>&nbsp;<\/p>\n","protected":false},"excerpt":{"rendered":"<p>La Jefa de Gobierno, Clara Brugada Molina, encabez\u00f3 la jornada 34 del programa Gobierno Casa por Casa en la colonia Loma del Padre, alcald\u00eda Cuajimalpa, donde se comprometi\u00f3 a proteger el Bosque de Agua y el \u00e1rea verde de El Ocotal. \u00abCuenten con mi apoyo para defender el Bosque de Agua, para defender El Ocotal,\u00a0 [&hellip;]<\/p>\n","protected":false},"author":14,"featured_media":679195,"comment_status":"open","ping_status":"open","sticky":false,"template":"","format":"standard","meta":{"_monsterinsights_skip_tracking":false,"_monsterinsights_sitenote_active":false,"_monsterinsights_sitenote_note":"","_monsterinsights_sitenote_category":0,"footnotes":""},"categories":[6],"tags":[],"class_list":["post-679194","post","type-post","status-publish","format-standard","has-post-thumbnail","hentry","category-cd-de-mexico"],"_links":{"self":[{"href":"https:\/\/www.diarioimagen.net\/index.php?rest_route=\/wp\/v2\/posts\/679194","targetHints":{"allow":["GET"]}}],"collection":[{"href":"https:\/\/www.diarioimagen.net\/index.php?rest_route=\/wp\/v2\/posts"}],"about":[{"href":"https:\/\/www.diarioimagen.net\/index.php?rest_route=\/wp\/v2\/types\/post"}],"author":[{"embeddable":true,"href":"https:\/\/www.diarioimagen.net\/index.php?rest_route=\/wp\/v2\/users\/14"}],"replies":[{"embeddable":true,"href":"https:\/\/www.diarioimagen.net\/index.php?rest_route=%2Fwp%2Fv2%2Fcomments&post=679194"}],"version-history":[{"count":1,"href":"https:\/\/www.diarioimagen.net\/index.php?rest_route=\/wp\/v2\/posts\/679194\/revisions"}],"predecessor-version":[{"id":679196,"href":"https:\/\/www.diarioimagen.net\/index.php?rest_route=\/wp\/v2\/posts\/679194\/revisions\/679196"}],"wp:featuredmedia":[{"embeddable":true,"href":"https:\/\/www.diarioimagen.net\/index.php?rest_route=\/wp\/v2\/media\/679195"}],"wp:attachment":[{"href":"https:\/\/www.diarioimagen.net\/index.php?rest_route=%2Fwp%2Fv2%2Fmedia&parent=679194"}],"wp:term":[{"taxonomy":"category","embeddable":true,"href":"https:\/\/www.diarioimagen.net\/index.php?rest_route=%2Fwp%2Fv2%2Fcategories&post=679194"},{"taxonomy":"post_tag","embeddable":true,"href":"https:\/\/www.diarioimagen.net\/index.php?rest_route=%2Fwp%2Fv2%2Ftags&post=679194"}],"curies":[{"name":"wp","href":"https:\/\/api.w.org\/{rel}","templated":true}]}}