{"id":679215,"date":"2025-08-07T21:54:04","date_gmt":"2025-08-08T03:54:04","guid":{"rendered":"https:\/\/www.diarioimagen.net\/?p=679215"},"modified":"2025-08-07T21:54:04","modified_gmt":"2025-08-08T03:54:04","slug":"se-encienden-las-alertas-aumenta-gasto-en-pensiones","status":"publish","type":"post","link":"https:\/\/www.diarioimagen.net\/?p=679215","title":{"rendered":"Se encienden las alertas: aumenta gasto en pensiones  \u00a0"},"content":{"rendered":"<ul>\n<li><strong>Riesgo de descobijar otros rubros clave<\/strong><\/li>\n<li><strong>El problema se agrava porque M\u00e9xico es un pa\u00eds que recauda poco: especialistas<\/strong><\/li>\n<\/ul>\n<div id=\"attachment_679216\" style=\"width: 470px\" class=\"wp-caption alignnone\"><img loading=\"lazy\" decoding=\"async\" aria-describedby=\"caption-attachment-679216\" class=\"wp-image-679216 size-large\" src=\"https:\/\/www.diarioimagen.net\/wp-content\/uploads\/2025\/08\/PENSIONES-460x259.jpeg\" alt=\"\" width=\"460\" height=\"259\" srcset=\"https:\/\/www.diarioimagen.net\/wp-content\/uploads\/2025\/08\/PENSIONES-460x259.jpeg 460w, https:\/\/www.diarioimagen.net\/wp-content\/uploads\/2025\/08\/PENSIONES-240x135.jpeg 240w, https:\/\/www.diarioimagen.net\/wp-content\/uploads\/2025\/08\/PENSIONES-768x432.jpeg 768w, https:\/\/www.diarioimagen.net\/wp-content\/uploads\/2025\/08\/PENSIONES-480x270.jpeg 480w, https:\/\/www.diarioimagen.net\/wp-content\/uploads\/2025\/08\/PENSIONES-235x132.jpeg 235w, https:\/\/www.diarioimagen.net\/wp-content\/uploads\/2025\/08\/PENSIONES-202x114.jpeg 202w, https:\/\/www.diarioimagen.net\/wp-content\/uploads\/2025\/08\/PENSIONES-350x196.jpeg 350w, https:\/\/www.diarioimagen.net\/wp-content\/uploads\/2025\/08\/PENSIONES-220x123.jpeg 220w, https:\/\/www.diarioimagen.net\/wp-content\/uploads\/2025\/08\/PENSIONES-237x132.jpeg 237w, https:\/\/www.diarioimagen.net\/wp-content\/uploads\/2025\/08\/PENSIONES.jpeg 1200w\" sizes=\"auto, (max-width: 460px) 100vw, 460px\" \/><p id=\"caption-attachment-679216\" class=\"wp-caption-text\">El gasto en pensiones en el primer semestre ascendi\u00f3 a 778 mil 201.5 millones de pesos, lo que represent\u00f3 un aumento de 8.4 por ciento real anual, report\u00f3 Hacienda.<\/p><\/div>\n<p>De acuerdo con datos de la Secretar\u00eda de Hacienda y Cr\u00e9dito P\u00fablico (SHCP), el gasto en pensiones en el primer semestre ascendi\u00f3 a 778 mil 201.5 millones de pesos, lo que represent\u00f3 un aumento de 8.4 por ciento real anual.<\/p>\n<p>Dicho monto no incluye las pensiones para el bienestar de las personas adultas mayores ni las pensiones para personas con discapacidad permanente, as\u00ed como otros programas de pensiones no contributivas.<\/p>\n<p>En el mismo primer semestre, pero de 2024, el gasto en pensiones fue de 690 mil 264.6 millones de pesos, monto que signific\u00f3, a su vez, un crecimiento de 2.7 por ciento real anual.<\/p>\n<p>El problema de que el gasto en pensiones vaya al alza se agrava en M\u00e9xico porque es un pa\u00eds que recauda muy poco y necesita fortalecer sus ingresos para no \u201cdescobijar\u201d otros rubros claves para la naci\u00f3n, se\u00f1al\u00f3 Alejandra Mac\u00edas, directora del Centro de Investigaci\u00f3n Econ\u00f3mica y Presupuestaria (CIEP).<\/p>\n<p>Inversi\u00f3n y salud, por ejemplo, son dos de los rubros que se han visto m\u00e1s afectados en cuesti\u00f3n presupuestaria, pues tuvieron recortes importantes para 2025, adem\u00e1s de que salud ya trae subejercicios en lo que va de este a\u00f1o, indic\u00f3 Mac\u00edas en una consulta sobre el tema.<\/p>\n<p>\u201cM\u00e9xico recauda muy poco, entre pensiones y en costo de la deuda estamos gastando el 71 por ciento de lo que se recauda.<\/p>\n<p>\u201cSi no fortalecemos los ingresos y hacemos reformas en pensiones, podemos tener problemas de subfinanciamiento en otros rubros mucho m\u00e1s graves de lo que tenemos. Se destina 2.5 por ciento del PIB a salud, es una tragedia\u201d, asever\u00f3 la especialista.<\/p>\n<p>Por su parte, \u00d3scar Ocampo, director de desarrollo econ\u00f3mico del Imco, destac\u00f3 que destinar cada vez m\u00e1s recursos al pago de las pensiones reduce el espacio fiscal y el margen de maniobra que tiene el Gobierno para etiquetar recursos para infraestructura, educaci\u00f3n y salud.<\/p>\n<p>\u201cSu sostenibilidad depender\u00e1 de diversos factores: de qu\u00e9 tanto recaude el gobierno, de qu\u00e9 tanto crezca la econom\u00eda, depende de c\u00f3mo se ejerce el gasto y de c\u00f3mo maneje las finanzas p\u00fablicas el Gobierno\u201d, indic\u00f3 Ocampo.<\/p>\n<p>El Monitor de Finanzas P\u00fablicas de BBVA M\u00e9xico, publicado esta semana, resalt\u00f3 que ser\u00e1 dif\u00edcil lograr una consolidaci\u00f3n fiscal que lleve el d\u00e9ficit p\u00fablico de 4.9 por ciento a 2.5 por ciento del PIB en 2025 debido al menor crecimiento econ\u00f3mico esperado y el reducido espacio fiscal para hacer m\u00e1s recortes al gasto programable.<\/p>\n<p>El gasto en pensiones (2.16 billones de pesos) ha crecido sostenidamente en las \u00faltimas d\u00e9cadas\u00a0debido a factores como el envejecimiento poblacional, la ampliaci\u00f3n de programas no contributivos y las condiciones heredadas de los sistemas pensionarios anteriores a las reformas de 1997 y 2007. Actualmente, este rubro absorbe una proporci\u00f3n significativa del presupuesto federal, lo que\u00a0plantea desaf\u00edos\u00a0para la sostenibilidad fiscal y la asignaci\u00f3n de recursos a otros sectores prioritarios.<\/p>\n<p><strong>Comparaciones con otros sectores sociales\u00a0<\/strong><\/p>\n<p>Para dimensionar su magnitud es \u00fatil contrastarlo con otros rubros clave:<br \/>\n<strong>Educaci\u00f3n.\u00a0\u00a0<\/strong>El presupuesto asignado es de 979,000 millones de pesos, equivalente al 45% de lo destinado a pensiones.<br \/>\n<strong>Salud.\u00a0<\/strong>Recibir\u00e1 948,000 millones de pesos, apenas el 43.9% del gasto en pensiones.<br \/>\n<strong>Otros programas sociales.\u00a0\u00a0<\/strong>Sembrando Vida o J\u00f3venes Construyendo el Futuro tienen asignaciones significativamente menores.<br \/>\nEn total, el gasto social, que incluye pensiones, salud, educaci\u00f3n y otros programas, representa 3.67 billones de pesos, el 10.1% del PIB, de los cuales m\u00e1s de la mitad corresponde a pensiones.<\/p>\n<p>En comparaci\u00f3n con los pa\u00edses de la Organizaci\u00f3n para la Cooperaci\u00f3n y el Desarrollo Econ\u00f3micos (OCDE),\u00a0M\u00e9xico destina un porcentaje menor de su PIB a pensiones.\u00a0Mientras que el promedio de la OCDE se encuentra entre el 7% y el 8%, con algunos pa\u00edses europeos como Espa\u00f1a alcanzando el 12.7%, el gasto mexicano refleja tanto su estructura demogr\u00e1fica m\u00e1s joven como las limitaciones de su sistema de seguridad social.<br \/>\nSin embargo, estas cifras tambi\u00e9n indican que, a pesar de destinar menos proporci\u00f3n del PIB a pensiones,\u00a0M\u00e9xico enfrenta una presi\u00f3n fiscal significativa\u00a0debido a la baja recaudaci\u00f3n tributaria en comparaci\u00f3n con otras econom\u00edas de la OCDE.<\/p>\n<p><strong>El futuro del sistema pensionario <\/strong><\/p>\n<p>El sistema de pensiones en M\u00e9xico ha experimentado reformas significativas en los \u00faltimos a\u00f1os. En 2020, se increment\u00f3 la aportaci\u00f3n patronal del 5% al 13%, se redujeron las comisiones de las Afores y se disminuy\u00f3 el requisito de semanas de cotizaci\u00f3n de 1,250 a 750 semanas en 2021, con incrementos anuales de 25 semanas hasta alcanzar un m\u00ednimo permanente de 1,000 semanas en 2031.<br \/>\nEn 2024, se estableci\u00f3 que los trabajadores que alcancen los 65 a\u00f1os y cuyo salario antes de pensionarse sea igual o menor a $16,777.68 reciban al pensionarse ingresos equivalentes al 100% de su \u00faltimo sueldo.<br \/>\nA pesar de estas reformas, se requieren acciones adicionales para garantizar la sostenibilidad a largo plazo del sistema pensionario mexicano.\u00a0Entre las acciones necesarias destacan:<br \/>\nAmpliar la base contributiva.\u00a0\u00a0Integrar a m\u00e1s trabajadores del sector informal al sistema formal, aumentando los recursos disponibles para pensiones.<br \/>\nIncrementar la edad de jubilaci\u00f3n.\u00a0Ajustarla gradualmente para reflejar la mayor esperanza de vida.<br \/>\nFomentar el ahorro voluntario.\u00a0Promover incentivos fiscales y programas educativos que refuercen la cultura del ahorro para el retiro.<\/p>\n<p>&nbsp;<\/p>\n<p>&nbsp;<\/p>\n<p>&nbsp;<\/p>\n","protected":false},"excerpt":{"rendered":"<p>Riesgo de descobijar otros rubros clave El problema se agrava porque M\u00e9xico es un pa\u00eds que recauda poco: especialistas De acuerdo con datos de la Secretar\u00eda de Hacienda y Cr\u00e9dito P\u00fablico (SHCP), el gasto en pensiones en el primer semestre ascendi\u00f3 a 778 mil 201.5 millones de pesos, lo que represent\u00f3 un aumento de 8.4 [&hellip;]<\/p>\n","protected":false},"author":14,"featured_media":679216,"comment_status":"open","ping_status":"open","sticky":false,"template":"","format":"standard","meta":{"_monsterinsights_skip_tracking":false,"_monsterinsights_sitenote_active":false,"_monsterinsights_sitenote_note":"","_monsterinsights_sitenote_category":0,"footnotes":""},"categories":[3],"tags":[],"class_list":["post-679215","post","type-post","status-publish","format-standard","has-post-thumbnail","hentry","category-nacional"],"_links":{"self":[{"href":"https:\/\/www.diarioimagen.net\/index.php?rest_route=\/wp\/v2\/posts\/679215","targetHints":{"allow":["GET"]}}],"collection":[{"href":"https:\/\/www.diarioimagen.net\/index.php?rest_route=\/wp\/v2\/posts"}],"about":[{"href":"https:\/\/www.diarioimagen.net\/index.php?rest_route=\/wp\/v2\/types\/post"}],"author":[{"embeddable":true,"href":"https:\/\/www.diarioimagen.net\/index.php?rest_route=\/wp\/v2\/users\/14"}],"replies":[{"embeddable":true,"href":"https:\/\/www.diarioimagen.net\/index.php?rest_route=%2Fwp%2Fv2%2Fcomments&post=679215"}],"version-history":[{"count":1,"href":"https:\/\/www.diarioimagen.net\/index.php?rest_route=\/wp\/v2\/posts\/679215\/revisions"}],"predecessor-version":[{"id":679217,"href":"https:\/\/www.diarioimagen.net\/index.php?rest_route=\/wp\/v2\/posts\/679215\/revisions\/679217"}],"wp:featuredmedia":[{"embeddable":true,"href":"https:\/\/www.diarioimagen.net\/index.php?rest_route=\/wp\/v2\/media\/679216"}],"wp:attachment":[{"href":"https:\/\/www.diarioimagen.net\/index.php?rest_route=%2Fwp%2Fv2%2Fmedia&parent=679215"}],"wp:term":[{"taxonomy":"category","embeddable":true,"href":"https:\/\/www.diarioimagen.net\/index.php?rest_route=%2Fwp%2Fv2%2Fcategories&post=679215"},{"taxonomy":"post_tag","embeddable":true,"href":"https:\/\/www.diarioimagen.net\/index.php?rest_route=%2Fwp%2Fv2%2Ftags&post=679215"}],"curies":[{"name":"wp","href":"https:\/\/api.w.org\/{rel}","templated":true}]}}