{"id":679361,"date":"2025-08-10T20:09:16","date_gmt":"2025-08-11T02:09:16","guid":{"rendered":"https:\/\/www.diarioimagen.net\/?p=679361"},"modified":"2025-08-10T20:09:16","modified_gmt":"2025-08-11T02:09:16","slug":"el-gobierno-de-atizapan-con-pedro-rodriguez-consolida-estrategia-de-desarrollo-economico","status":"publish","type":"post","link":"https:\/\/www.diarioimagen.net\/?p=679361","title":{"rendered":"El gobierno de Atizap\u00e1n, con Pedro Rodr\u00edguez,  consolida estrategia de desarrollo econ\u00f3mico"},"content":{"rendered":"<ul>\n<li>Evento \u201cHecho en Atizap\u00e1n. Industria+Empleo\u201d.<\/li>\n<\/ul>\n<p>&nbsp;<\/p>\n<p><img loading=\"lazy\" decoding=\"async\" class=\"alignnone wp-image-679362 size-large\" src=\"https:\/\/www.diarioimagen.net\/wp-content\/uploads\/2025\/08\/BAENA1-ok-1-460x263.jpg\" alt=\"\" width=\"460\" height=\"263\" srcset=\"https:\/\/www.diarioimagen.net\/wp-content\/uploads\/2025\/08\/BAENA1-ok-1-460x263.jpg 460w, https:\/\/www.diarioimagen.net\/wp-content\/uploads\/2025\/08\/BAENA1-ok-1-240x137.jpg 240w, https:\/\/www.diarioimagen.net\/wp-content\/uploads\/2025\/08\/BAENA1-ok-1-768x438.jpg 768w, https:\/\/www.diarioimagen.net\/wp-content\/uploads\/2025\/08\/BAENA1-ok-1-202x114.jpg 202w, https:\/\/www.diarioimagen.net\/wp-content\/uploads\/2025\/08\/BAENA1-ok-1.jpg 1500w\" sizes=\"auto, (max-width: 460px) 100vw, 460px\" \/><\/p>\n<p>Atizap\u00e1n de Zaragoza, M\u00e9x.- El gobierno municipal, liderado por Pedro Rodr\u00edguez Villegas, consolida su estrategia de desarrollo econ\u00f3mico con el evento \u201cHecho en Atizap\u00e1n. Industria+Empleo\u201d.<\/p>\n<p>&nbsp;<\/p>\n<p>Durante la inauguraci\u00f3n, el alcalde estuvo acompa\u00f1ado por su esposa y presidenta honoraria del Sistema DIF Municipal, Patricia Ar\u00e9valo; la Directora de Desarrollo Econ\u00f3mico, Patricia Alonso Vargas, as\u00ed como por Directores e integrantes del Cabildo de la actual administraci\u00f3n, quienes atestiguaron el inicio de esta plataforma integral dise\u00f1ada con un doble prop\u00f3sito: fortalecer al sector empresarial y multiplicar las fuentes de trabajo para los habitantes del municipio.<\/p>\n<p>&nbsp;<\/p>\n<p>Como parte de la estrategia para consolidar un municipio con m\u00e1s oportunidades, \u201cHecho en Atizap\u00e1n: Industria+Empleo\u201d, un encuentro que fortalece el v\u00ednculo entre el sector industrial y la ciudadan\u00eda, impulsando el desarrollo econ\u00f3mico local y la generaci\u00f3n de empleos. M\u00e1s de 30 empresas formalmente establecidas participaron ofreciendo vacantes reales en sectores como industria, manufactura, log\u00edstica y administraci\u00f3n, con procesos de reclutamiento \u00e1giles y directos para las y los asistentes.<\/p>\n<p>&nbsp;<\/p>\n<p>\u201cLo que necesitamos es cambiar la visi\u00f3n de Atizap\u00e1n, que deje de ser un municipio dormitorio y abramos oportunidades para generar los empleos que las familias atizapenses necesitan\u201d, ha se\u00f1alado Pedro Rodr\u00edguez Villegas.<\/p>\n<p>&nbsp;<\/p>\n<p>Siguiendo esta l\u00ednea, el encuentro fomenta un ecosistema de colaboraci\u00f3n y crecimiento para las industrias asentadas en la demarcaci\u00f3n. Al facilitar la creaci\u00f3n de alianzas estrat\u00e9gicas y cadenas de suministro locales, el gobierno fortalece a las empresas para que sean m\u00e1s competitivas, se expandan y, como consecuencia directa, generen m\u00e1s y mejores puestos de trabajo para la ciudadan\u00eda.<\/p>\n<p>&nbsp;<\/p>\n","protected":false},"excerpt":{"rendered":"<p>Evento \u201cHecho en Atizap\u00e1n. Industria+Empleo\u201d. &nbsp; Atizap\u00e1n de Zaragoza, M\u00e9x.- El gobierno municipal, liderado por Pedro Rodr\u00edguez Villegas, consolida su estrategia de desarrollo econ\u00f3mico con el evento \u201cHecho en Atizap\u00e1n. Industria+Empleo\u201d. &nbsp; Durante la inauguraci\u00f3n, el alcalde estuvo acompa\u00f1ado por su esposa y presidenta honoraria del Sistema DIF Municipal, Patricia Ar\u00e9valo; la Directora de Desarrollo [&hellip;]<\/p>\n","protected":false},"author":14,"featured_media":679362,"comment_status":"open","ping_status":"open","sticky":false,"template":"","format":"standard","meta":{"_monsterinsights_skip_tracking":false,"_monsterinsights_sitenote_active":false,"_monsterinsights_sitenote_note":"","_monsterinsights_sitenote_category":0,"footnotes":""},"categories":[5],"tags":[],"class_list":["post-679361","post","type-post","status-publish","format-standard","has-post-thumbnail","hentry","category-estado-de-mexico"],"_links":{"self":[{"href":"https:\/\/www.diarioimagen.net\/index.php?rest_route=\/wp\/v2\/posts\/679361","targetHints":{"allow":["GET"]}}],"collection":[{"href":"https:\/\/www.diarioimagen.net\/index.php?rest_route=\/wp\/v2\/posts"}],"about":[{"href":"https:\/\/www.diarioimagen.net\/index.php?rest_route=\/wp\/v2\/types\/post"}],"author":[{"embeddable":true,"href":"https:\/\/www.diarioimagen.net\/index.php?rest_route=\/wp\/v2\/users\/14"}],"replies":[{"embeddable":true,"href":"https:\/\/www.diarioimagen.net\/index.php?rest_route=%2Fwp%2Fv2%2Fcomments&post=679361"}],"version-history":[{"count":1,"href":"https:\/\/www.diarioimagen.net\/index.php?rest_route=\/wp\/v2\/posts\/679361\/revisions"}],"predecessor-version":[{"id":679363,"href":"https:\/\/www.diarioimagen.net\/index.php?rest_route=\/wp\/v2\/posts\/679361\/revisions\/679363"}],"wp:featuredmedia":[{"embeddable":true,"href":"https:\/\/www.diarioimagen.net\/index.php?rest_route=\/wp\/v2\/media\/679362"}],"wp:attachment":[{"href":"https:\/\/www.diarioimagen.net\/index.php?rest_route=%2Fwp%2Fv2%2Fmedia&parent=679361"}],"wp:term":[{"taxonomy":"category","embeddable":true,"href":"https:\/\/www.diarioimagen.net\/index.php?rest_route=%2Fwp%2Fv2%2Fcategories&post=679361"},{"taxonomy":"post_tag","embeddable":true,"href":"https:\/\/www.diarioimagen.net\/index.php?rest_route=%2Fwp%2Fv2%2Ftags&post=679361"}],"curies":[{"name":"wp","href":"https:\/\/api.w.org\/{rel}","templated":true}]}}