{"id":679364,"date":"2025-08-10T20:10:38","date_gmt":"2025-08-11T02:10:38","guid":{"rendered":"https:\/\/www.diarioimagen.net\/?p=679364"},"modified":"2025-08-10T20:10:38","modified_gmt":"2025-08-11T02:10:38","slug":"deplora-pri-edomex-persecucion-politica-contra-alejandro-moreno","status":"publish","type":"post","link":"https:\/\/www.diarioimagen.net\/?p=679364","title":{"rendered":"Deplora PRI Edomex persecuci\u00f3n  pol\u00edtica contra Alejandro Moreno"},"content":{"rendered":"<ul>\n<li><strong>\u201cAmagues y amenazas infundadas\u201d<\/strong><\/li>\n<\/ul>\n<div id=\"attachment_679365\" style=\"width: 400px\" class=\"wp-caption alignnone\"><img loading=\"lazy\" decoding=\"async\" aria-describedby=\"caption-attachment-679365\" class=\"wp-image-679365 size-large\" src=\"https:\/\/www.diarioimagen.net\/wp-content\/uploads\/2025\/08\/BAENA-2-ok-5-390x270.jpg\" alt=\"\" width=\"390\" height=\"270\" srcset=\"https:\/\/www.diarioimagen.net\/wp-content\/uploads\/2025\/08\/BAENA-2-ok-5-390x270.jpg 390w, https:\/\/www.diarioimagen.net\/wp-content\/uploads\/2025\/08\/BAENA-2-ok-5-240x166.jpg 240w, https:\/\/www.diarioimagen.net\/wp-content\/uploads\/2025\/08\/BAENA-2-ok-5-768x532.jpg 768w, https:\/\/www.diarioimagen.net\/wp-content\/uploads\/2025\/08\/BAENA-2-ok-5.jpg 1500w\" sizes=\"auto, (max-width: 390px) 100vw, 390px\" \/><p id=\"caption-attachment-679365\" class=\"wp-caption-text\">Cristina Ruiz Sandoval, presidenta del Comit\u00e9 Directivo Estatal, denunci\u00f3 persecuci\u00f3n pol\u00edtica contra el dirigente nacional del PRI, Alejandro Moreno C\u00e1rdenas.<\/p><\/div>\n<p>&nbsp;<\/p>\n<p>Valle de M\u00e9xico.- Morena ha convertido al Estado en una herramienta de venganza y prueba de ello es la persecuci\u00f3n contra el dirigente nacional del PRI, Alejandro Moreno C\u00e1rdenas, que no es jur\u00eddica, sino pol\u00edtica.<\/p>\n<p>&nbsp;<\/p>\n<p>As\u00ed lo advirti\u00f3 la presidenta del Comit\u00e9 Directivo Estatal (CDE), Cristina Ruiz Sandoval, luego de asegurar que \u201camagues y amenazas infundadas, son la respuesta de un gobierno intolerante que no acepta ser exhibido por sus errores, sus omisiones y sus v\u00ednculos con el crimen organizado, es persecuci\u00f3n pol\u00edtica disfrazada de justicia, puntualiz\u00f3 la dirigente partidista\u201d.<\/p>\n<p>&nbsp;<\/p>\n<p>Record\u00f3 que Alejandro Moreno ha denunciado con valent\u00eda lo que millones de mexicanos piensan sobre Morena por haber entregado territorios al narco y por fallar en su deber de gobernar; esta es la verdadera raz\u00f3n de las amenazas y persecuci\u00f3n de Morena, alert\u00f3 la l\u00edder priista.<\/p>\n<p>&nbsp;<\/p>\n<p>En marzo 2019, la reci\u00e9n conformada Fiscal\u00eda Especializada en Materia de Combate a la Corrupci\u00f3n , dirigida por Mar\u00eda de la Luz Mijangos, inici\u00f3 numerosas indagatorias en sus primeros meses de operaci\u00f3n, incluyendo una investigaci\u00f3n formal contra Alejandro Moreno C\u00e1rdenas.<\/p>\n<p>&nbsp;<\/p>\n<p>Sin embargo, tras una revisi\u00f3n exhaustiva de su situaci\u00f3n financiera, declaraciones patrimoniales, cuentas bancarias y la<\/p>\n<p>documentaci\u00f3n del Registro P\u00fablico de la Propiedad, la Fiscal\u00eda concluy\u00f3 que no exist\u00eda \u201cdesproporcionalidad\u201d ni evidencia suficiente para ejercer acci\u00f3n penal en su contra.<\/p>\n<p>&nbsp;<\/p>\n<p>Por tanto, se dict\u00f3 un \u201cno ejercicio de la acci\u00f3n penal\u201d, es decir, se le exoner\u00f3 formalmente y no fue procesado por esos se\u00f1alamientos . El ataque a Alejandro Moreno no es un hecho aislado, es parte de una estrategia para debilitar a la oposici\u00f3n y amedrentar a quienes levantan la voz, a\u00f1adi\u00f3.<\/p>\n<p>&nbsp;<\/p>\n<p>\u201cHoy es Alejandro Moreno, ma\u00f1ana puede ser cualquier otro opositor, periodista o ciudadano inc\u00f3modo para el r\u00e9gimen. Unirse en esta lucha, es defender el derecho a disentir, a vigilar al poder y a luchar por un M\u00e9xico donde se respete la pluralidad y la democracia\u201d, plante\u00f3.<\/p>\n<p>&nbsp;<\/p>\n<p>A pesar de las campa\u00f1as negras, acusaciones falsas y la guerra sucia, Alejandro Moreno ha seguido alzando la voz. Lo ha hecho por M\u00e9xico, por la militancia priista y por millones de mexicanas y mexicanos que hoy se sienten abandonados por un gobierno fallido, sentenci\u00f3.<\/p>\n<p>&nbsp;<\/p>\n<p>&nbsp;<\/p>\n<p><strong>\u00a0<\/strong><\/p>\n","protected":false},"excerpt":{"rendered":"<p>\u201cAmagues y amenazas infundadas\u201d &nbsp; Valle de M\u00e9xico.- Morena ha convertido al Estado en una herramienta de venganza y prueba de ello es la persecuci\u00f3n contra el dirigente nacional del PRI, Alejandro Moreno C\u00e1rdenas, que no es jur\u00eddica, sino pol\u00edtica. &nbsp; As\u00ed lo advirti\u00f3 la presidenta del Comit\u00e9 Directivo Estatal (CDE), Cristina Ruiz Sandoval, luego [&hellip;]<\/p>\n","protected":false},"author":14,"featured_media":679365,"comment_status":"open","ping_status":"open","sticky":false,"template":"","format":"standard","meta":{"_monsterinsights_skip_tracking":false,"_monsterinsights_sitenote_active":false,"_monsterinsights_sitenote_note":"","_monsterinsights_sitenote_category":0,"footnotes":""},"categories":[5],"tags":[],"class_list":["post-679364","post","type-post","status-publish","format-standard","has-post-thumbnail","hentry","category-estado-de-mexico"],"_links":{"self":[{"href":"https:\/\/www.diarioimagen.net\/index.php?rest_route=\/wp\/v2\/posts\/679364","targetHints":{"allow":["GET"]}}],"collection":[{"href":"https:\/\/www.diarioimagen.net\/index.php?rest_route=\/wp\/v2\/posts"}],"about":[{"href":"https:\/\/www.diarioimagen.net\/index.php?rest_route=\/wp\/v2\/types\/post"}],"author":[{"embeddable":true,"href":"https:\/\/www.diarioimagen.net\/index.php?rest_route=\/wp\/v2\/users\/14"}],"replies":[{"embeddable":true,"href":"https:\/\/www.diarioimagen.net\/index.php?rest_route=%2Fwp%2Fv2%2Fcomments&post=679364"}],"version-history":[{"count":1,"href":"https:\/\/www.diarioimagen.net\/index.php?rest_route=\/wp\/v2\/posts\/679364\/revisions"}],"predecessor-version":[{"id":679366,"href":"https:\/\/www.diarioimagen.net\/index.php?rest_route=\/wp\/v2\/posts\/679364\/revisions\/679366"}],"wp:featuredmedia":[{"embeddable":true,"href":"https:\/\/www.diarioimagen.net\/index.php?rest_route=\/wp\/v2\/media\/679365"}],"wp:attachment":[{"href":"https:\/\/www.diarioimagen.net\/index.php?rest_route=%2Fwp%2Fv2%2Fmedia&parent=679364"}],"wp:term":[{"taxonomy":"category","embeddable":true,"href":"https:\/\/www.diarioimagen.net\/index.php?rest_route=%2Fwp%2Fv2%2Fcategories&post=679364"},{"taxonomy":"post_tag","embeddable":true,"href":"https:\/\/www.diarioimagen.net\/index.php?rest_route=%2Fwp%2Fv2%2Ftags&post=679364"}],"curies":[{"name":"wp","href":"https:\/\/api.w.org\/{rel}","templated":true}]}}