{"id":679367,"date":"2025-08-10T20:12:30","date_gmt":"2025-08-11T02:12:30","guid":{"rendered":"https:\/\/www.diarioimagen.net\/?p=679367"},"modified":"2025-08-10T20:12:30","modified_gmt":"2025-08-11T02:12:30","slug":"morena-movimiento-incluyente-para-quienes-trabajan-luz-maria-hernandez","status":"publish","type":"post","link":"https:\/\/www.diarioimagen.net\/?p=679367","title":{"rendered":"\u00a0  Morena, movimiento incluyente para  quienes trabajan: Luz Mar\u00eda Hern\u00e1ndez  \u00a0"},"content":{"rendered":"<ul>\n<li><strong>Afiliaci\u00f3n de la diputada Paola Jim\u00e9nez<\/strong><\/li>\n<\/ul>\n<div id=\"attachment_679368\" style=\"width: 387px\" class=\"wp-caption alignnone\"><img loading=\"lazy\" decoding=\"async\" aria-describedby=\"caption-attachment-679368\" class=\"wp-image-679368 size-large\" src=\"https:\/\/www.diarioimagen.net\/wp-content\/uploads\/2025\/08\/BAENA-3-ok-5-377x270.jpg\" alt=\"\" width=\"377\" height=\"270\" srcset=\"https:\/\/www.diarioimagen.net\/wp-content\/uploads\/2025\/08\/BAENA-3-ok-5-377x270.jpg 377w, https:\/\/www.diarioimagen.net\/wp-content\/uploads\/2025\/08\/BAENA-3-ok-5-240x172.jpg 240w, https:\/\/www.diarioimagen.net\/wp-content\/uploads\/2025\/08\/BAENA-3-ok-5-768x550.jpg 768w, https:\/\/www.diarioimagen.net\/wp-content\/uploads\/2025\/08\/BAENA-3-ok-5-90x65.jpg 90w, https:\/\/www.diarioimagen.net\/wp-content\/uploads\/2025\/08\/BAENA-3-ok-5.jpg 1500w\" sizes=\"auto, (max-width: 377px) 100vw, 377px\" \/><p id=\"caption-attachment-679368\" class=\"wp-caption-text\">Luz Mar\u00eda Hern\u00e1ndez, dirigente de Morena, recibi\u00f3 la solicitud oficial de afiliaci\u00f3n por parte de Paola Jim\u00e9nez, legisladora del Revolucionario Institucional.<\/p><\/div>\n<p>&nbsp;<\/p>\n<p>Toluca, M\u00e9x.- \u201cNuestro movimiento es incluyente a todas las personas que deseen afiliarse para seguir construyendo el segundo piso de la cuarta transformaci\u00f3n\u201d.<\/p>\n<p>&nbsp;<\/p>\n<p>As\u00ed lo expres\u00f3, Luz Mar\u00eda Hern\u00e1ndez,\u00a0 dirigente de Morena\u00a0 al recibir la solicitud oficial de afiliaci\u00f3n por parte de una\u00a0 legisladora del Revolucionario Institucional de Toluca.<\/p>\n<p>&nbsp;<\/p>\n<p>La diputada Paola Jim\u00e9nez, se afili\u00f3 a Morena con el \u00fanico prop\u00f3sito de sumar al proyecto que encabeza la gobernadora Delfina G\u00f3mez y, por ende, a la pol\u00edtica de la presidenta Claudia Sheinbaum.<\/p>\n<p>&nbsp;<\/p>\n<p>La dirigente partidista insisti\u00f3 en que Morena siempre estar\u00e1 abierto para quienes quieran trabajar, para quienes caminen, conozcan la problem\u00e1tica desde el territorio y est\u00e9n dispuestos a darle un giro a las pol\u00edticas que por a\u00f1os, afectaron la vida pol\u00edtica, social y hasta mental de los mexiquenses<\/p>\n<p>&nbsp;<\/p>\n<p>\u201cLa legisladora por Toluca solicit\u00f3 su\u00a0 incorporaci\u00f3n al Morena, consciente de la necesidad de seguir luchando por un pa\u00eds humanista y de un Estado de M\u00e9xico que va en ascenso gracias a las pol\u00edticas de la gobernadora Delfina G\u00f3mez y de una legislaci\u00f3n que sea justa para la ciudadan\u00eda\u201d, dijo<\/p>\n<p>&nbsp;<\/p>\n<p>Por su parte, la nueva morenista asegur\u00f3 que \u201choy, congruente con esa convicci\u00f3n he solicitado mi afiliaci\u00f3n y me entrego a servir con humildad y profesionalismo a la causa que encabezan nuestra presidenta Claudia Sheinbaum y la gobernadora Delfina G\u00f3mez en nuestro Estado\u201d.<\/p>\n<p>&nbsp;<\/p>\n","protected":false},"excerpt":{"rendered":"<p>Afiliaci\u00f3n de la diputada Paola Jim\u00e9nez &nbsp; Toluca, M\u00e9x.- \u201cNuestro movimiento es incluyente a todas las personas que deseen afiliarse para seguir construyendo el segundo piso de la cuarta transformaci\u00f3n\u201d. &nbsp; As\u00ed lo expres\u00f3, Luz Mar\u00eda Hern\u00e1ndez,\u00a0 dirigente de Morena\u00a0 al recibir la solicitud oficial de afiliaci\u00f3n por parte de una\u00a0 legisladora del Revolucionario Institucional [&hellip;]<\/p>\n","protected":false},"author":14,"featured_media":679368,"comment_status":"open","ping_status":"open","sticky":false,"template":"","format":"standard","meta":{"_monsterinsights_skip_tracking":false,"_monsterinsights_sitenote_active":false,"_monsterinsights_sitenote_note":"","_monsterinsights_sitenote_category":0,"footnotes":""},"categories":[5],"tags":[],"class_list":["post-679367","post","type-post","status-publish","format-standard","has-post-thumbnail","hentry","category-estado-de-mexico"],"_links":{"self":[{"href":"https:\/\/www.diarioimagen.net\/index.php?rest_route=\/wp\/v2\/posts\/679367","targetHints":{"allow":["GET"]}}],"collection":[{"href":"https:\/\/www.diarioimagen.net\/index.php?rest_route=\/wp\/v2\/posts"}],"about":[{"href":"https:\/\/www.diarioimagen.net\/index.php?rest_route=\/wp\/v2\/types\/post"}],"author":[{"embeddable":true,"href":"https:\/\/www.diarioimagen.net\/index.php?rest_route=\/wp\/v2\/users\/14"}],"replies":[{"embeddable":true,"href":"https:\/\/www.diarioimagen.net\/index.php?rest_route=%2Fwp%2Fv2%2Fcomments&post=679367"}],"version-history":[{"count":1,"href":"https:\/\/www.diarioimagen.net\/index.php?rest_route=\/wp\/v2\/posts\/679367\/revisions"}],"predecessor-version":[{"id":679369,"href":"https:\/\/www.diarioimagen.net\/index.php?rest_route=\/wp\/v2\/posts\/679367\/revisions\/679369"}],"wp:featuredmedia":[{"embeddable":true,"href":"https:\/\/www.diarioimagen.net\/index.php?rest_route=\/wp\/v2\/media\/679368"}],"wp:attachment":[{"href":"https:\/\/www.diarioimagen.net\/index.php?rest_route=%2Fwp%2Fv2%2Fmedia&parent=679367"}],"wp:term":[{"taxonomy":"category","embeddable":true,"href":"https:\/\/www.diarioimagen.net\/index.php?rest_route=%2Fwp%2Fv2%2Fcategories&post=679367"},{"taxonomy":"post_tag","embeddable":true,"href":"https:\/\/www.diarioimagen.net\/index.php?rest_route=%2Fwp%2Fv2%2Ftags&post=679367"}],"curies":[{"name":"wp","href":"https:\/\/api.w.org\/{rel}","templated":true}]}}