{"id":679370,"date":"2025-08-10T20:13:47","date_gmt":"2025-08-11T02:13:47","guid":{"rendered":"https:\/\/www.diarioimagen.net\/?p=679370"},"modified":"2025-08-10T20:13:47","modified_gmt":"2025-08-11T02:13:47","slug":"entrega-el-gobierno-de-tlalnepantla-apoyos-economicos-a-familias","status":"publish","type":"post","link":"https:\/\/www.diarioimagen.net\/?p=679370","title":{"rendered":"Entrega el gobierno de Tlalnepantla apoyos econ\u00f3micos a familias"},"content":{"rendered":"<div id=\"attachment_679371\" style=\"width: 467px\" class=\"wp-caption alignnone\"><img loading=\"lazy\" decoding=\"async\" aria-describedby=\"caption-attachment-679371\" class=\"wp-image-679371 size-large\" src=\"https:\/\/www.diarioimagen.net\/wp-content\/uploads\/2025\/08\/BAENA-4-ok-4-457x270.jpg\" alt=\"\" width=\"457\" height=\"270\" srcset=\"https:\/\/www.diarioimagen.net\/wp-content\/uploads\/2025\/08\/BAENA-4-ok-4-457x270.jpg 457w, https:\/\/www.diarioimagen.net\/wp-content\/uploads\/2025\/08\/BAENA-4-ok-4-240x142.jpg 240w, https:\/\/www.diarioimagen.net\/wp-content\/uploads\/2025\/08\/BAENA-4-ok-4-768x454.jpg 768w, https:\/\/www.diarioimagen.net\/wp-content\/uploads\/2025\/08\/BAENA-4-ok-4.jpg 1500w\" sizes=\"auto, (max-width: 457px) 100vw, 457px\" \/><p id=\"caption-attachment-679371\" class=\"wp-caption-text\">Entrega el gobierno de Tlalnepantla apoyos econ\u00f3micos a familias<\/p><\/div>\n<p>&nbsp;<\/p>\n<p>Tlalnepantla, M\u00e9x.- Con el objetivo de reconocer, apoyar y empoderar a personas que dedican su tiempo y esfuerzo al cuidado de otros, se llev\u00f3 a cabo la entrega de becas \u201cCuidando Contigo, Rosario Castellanos\u201d, en la colonia Jorge Jim\u00e9nez Cant\u00fa, con este recurso podr\u00e1n cubrir gastos relacionados a esta actividad como materiales, terapias o sus necesidades personales. El alcalde Raciel P\u00e9rez Cruz asegur\u00f3 que, desde el gobierno local, se aporta a la pol\u00edtica p\u00fablica que impulsa la presidenta Claudia Sheinbaum Pardo para construir un Sistema Nacional de Cuidados que consiste en apoyar a las personas, en su mayor\u00eda mujeres, que han dedicado gran parte de su vida a las labores dom\u00e9sticas y cuidados de la familia.<\/p>\n<p>&nbsp;<\/p>\n<p>&nbsp;<\/p>\n<p>&nbsp;<\/p>\n<p>\u201cA lo largo y ancho del pa\u00eds son millones de mujeres que toda su vida la han dedicado a las pesadas labores dom\u00e9sticas y al cuidado de los hijos, hermanos, etc. Esa labor se realiza sin remuneraci\u00f3n alguna y hoy venimos a recompensarla\u201d, expres\u00f3.<\/p>\n<p>&nbsp;<\/p>\n<p>Refiri\u00f3 que desde el inicio del mandato de la Presidenta Claudia Sheinbaum, se instrument\u00f3 un programa de pensi\u00f3n para personas de 60 a 64 a\u00f1os para vivir esta etapa con las condiciones b\u00e1sicas de dignidad, esto porque a los 65 a\u00f1os, todas y todos ejercen ya su derecho constitucional a la pensi\u00f3n para adulto mayor.<\/p>\n<p>&nbsp;<\/p>\n<p>P\u00e9rez Cruz enfatiz\u00f3 que la fortaleza de la sociedad es la instituci\u00f3n familiar y destac\u00f3 que, desde el Gobierno Municipal, se redoblan esfuerzos para trabajar en beneficio de las y los habitantes de Tlalnepantla, al tiempo que anunci\u00f3 el incremento de este n\u00famero de apoyos para las personas cuidadoras en 2026.<\/p>\n","protected":false},"excerpt":{"rendered":"<p>&nbsp; Tlalnepantla, M\u00e9x.- Con el objetivo de reconocer, apoyar y empoderar a personas que dedican su tiempo y esfuerzo al cuidado de otros, se llev\u00f3 a cabo la entrega de becas \u201cCuidando Contigo, Rosario Castellanos\u201d, en la colonia Jorge Jim\u00e9nez Cant\u00fa, con este recurso podr\u00e1n cubrir gastos relacionados a esta actividad como materiales, terapias o [&hellip;]<\/p>\n","protected":false},"author":14,"featured_media":679371,"comment_status":"open","ping_status":"open","sticky":false,"template":"","format":"standard","meta":{"_monsterinsights_skip_tracking":false,"_monsterinsights_sitenote_active":false,"_monsterinsights_sitenote_note":"","_monsterinsights_sitenote_category":0,"footnotes":""},"categories":[5],"tags":[],"class_list":["post-679370","post","type-post","status-publish","format-standard","has-post-thumbnail","hentry","category-estado-de-mexico"],"_links":{"self":[{"href":"https:\/\/www.diarioimagen.net\/index.php?rest_route=\/wp\/v2\/posts\/679370","targetHints":{"allow":["GET"]}}],"collection":[{"href":"https:\/\/www.diarioimagen.net\/index.php?rest_route=\/wp\/v2\/posts"}],"about":[{"href":"https:\/\/www.diarioimagen.net\/index.php?rest_route=\/wp\/v2\/types\/post"}],"author":[{"embeddable":true,"href":"https:\/\/www.diarioimagen.net\/index.php?rest_route=\/wp\/v2\/users\/14"}],"replies":[{"embeddable":true,"href":"https:\/\/www.diarioimagen.net\/index.php?rest_route=%2Fwp%2Fv2%2Fcomments&post=679370"}],"version-history":[{"count":1,"href":"https:\/\/www.diarioimagen.net\/index.php?rest_route=\/wp\/v2\/posts\/679370\/revisions"}],"predecessor-version":[{"id":679372,"href":"https:\/\/www.diarioimagen.net\/index.php?rest_route=\/wp\/v2\/posts\/679370\/revisions\/679372"}],"wp:featuredmedia":[{"embeddable":true,"href":"https:\/\/www.diarioimagen.net\/index.php?rest_route=\/wp\/v2\/media\/679371"}],"wp:attachment":[{"href":"https:\/\/www.diarioimagen.net\/index.php?rest_route=%2Fwp%2Fv2%2Fmedia&parent=679370"}],"wp:term":[{"taxonomy":"category","embeddable":true,"href":"https:\/\/www.diarioimagen.net\/index.php?rest_route=%2Fwp%2Fv2%2Fcategories&post=679370"},{"taxonomy":"post_tag","embeddable":true,"href":"https:\/\/www.diarioimagen.net\/index.php?rest_route=%2Fwp%2Fv2%2Ftags&post=679370"}],"curies":[{"name":"wp","href":"https:\/\/api.w.org\/{rel}","templated":true}]}}