{"id":679377,"date":"2025-08-10T20:28:10","date_gmt":"2025-08-11T02:28:10","guid":{"rendered":"https:\/\/www.diarioimagen.net\/?p=679377"},"modified":"2025-08-10T20:29:59","modified_gmt":"2025-08-11T02:29:59","slug":"679377","status":"publish","type":"post","link":"https:\/\/www.diarioimagen.net\/?p=679377","title":{"rendered":"Los \u201cacordeones\u201d generaron delitos, pero sus creadores contin\u00faan impunes"},"content":{"rendered":"<p><strong>CLASE POLITICA Miguel \u00c1ngel Rivera<\/strong><\/p>\n<p>&nbsp;<\/p>\n<p>&nbsp;<\/p>\n<p><strong>\u00a0<\/strong><\/p>\n<p><strong>\u00a0<\/strong><\/p>\n<p><strong>\u00a0<\/strong><\/p>\n<p>&nbsp;<\/p>\n<p>&nbsp;<\/p>\n<p>Mal empieza el presidente electo de la Suprema Corte de Justicia, el \u201cnuevo Ju\u00e1rez\u201d de la llamada Cuarta Transformaci\u00f3n, Hugo Aguilar Ortiz, al validar una pr\u00e1ctica ilegal al ejercer el voto.<\/p>\n<p>S\u00ed claro, me refiero a la votaci\u00f3n del pasado 1 de junio para \u201crenovar\u201d el Poder Judicial -proceso en el cual resultaron electos los nuevos ministros de la Suprema Corte de Justicia entre ellos, claro, el que ser\u00e1 su presidente- en donde se utilizaron listas previamente preparadas, popularmente se conocen como \u201cacordeones\u201d.<\/p>\n<p>La mayor parte de estos listados fueron impresos, a distintos colores, para distinguir los nombres de los candidatos previamente elegidos. \u00bfPor qui\u00e9nes? No se sabe, pero es evidente que todo eso fue preparado por alguna organizaci\u00f3n con capacidad de movilizaci\u00f3n y, sobre todo, con amplios recursos econ\u00f3micos.<\/p>\n<p>Aqu\u00ed es donde se encuentra lo ilegal del procedimiento, pues las leyes electorales -en particular la tan presumida reforma ideada originalmente por el caudillo de la llamada Cuarta Transformaci\u00f3n y consumada por la encargada de la construcci\u00f3n del \u201csegundo piso\u201d, la actual presidenta (con A) Claudia Sheinbaum Pardo- prohib\u00edan expresamente la participaci\u00f3n de partidos pol\u00edticos y del gobierno en la elecci\u00f3n de los nuevos jueces, magistrados y ministros.<\/p>\n<p>La \u201ceficiente\u201d y \u201caut\u00f3noma\u201d Fiscal\u00eda General de la Rep\u00fablica, de la cual depende la Fiscal\u00eda Especializada en materia de Delitos Electorales (FISEL) no ha podido, o no ha querido, encontrar a quienes organizaron ese fraudulento procedimiento. Por el contrario, la opini\u00f3n p\u00fablica, incapacitada para presentar las pruebas, lleva a una sola salida: los \u00fanicos que tienen la posibilidad de organizar una maniobra de tal envergadura son un partido pol\u00edtico o, de plano, el gobierno. La prueba est\u00e1 en la \u00fanica denuncia conocida -no sancionada- la que est\u00e1 dirigida contra el gobernador de Nuevo Le\u00f3n, el apenas encubierto aliado de la 4T Samuel Garc\u00eda Sep\u00falveda, por patrocinar los \u201cacordeones\u201d distribuidos y utilizados en su estado, Pero, obvio, no salieron de esa entidad todos los listados que se emplearon en el resto de la Rep\u00fablica.<\/p>\n<p>Todo esto lo sabe claramente el presidente electo de la Suprema Corte de Justicia, pues los m\u00e1s de seis millones de votos que lo llevaron a esa situaci\u00f3n de privilegio fueron inducidos por los listados repartidos profusamente por todo el territorio nacional, como tambi\u00e9n a las ministras ubicadas en los siguientes sitios de la votaci\u00f3n, todas ellas incondicionales del r\u00e9gimen: Lenia Batres Guadarrama, Yasm\u00edn Esquivel Mossa y Loretta Ortiz Ahlf.<\/p>\n<p>Los expertos en estad\u00edstica advierten que es imposible que se produzca esa unanimidad de criterio en una elecci\u00f3n en donde nos hayan inducido o comprado el voto de los ciudadanos.<\/p>\n<p>Aguilar Ortiz alcanz\u00f3 una inusitada votaci\u00f3n superior al 65 por ciento del total, a pesar de ser desconocido para las mayor\u00edas, pero que estaba vinculado al gobierno de la llamada Cuarta Transformaci\u00f3n desde que fue nombrado coordinador general de Derechos Ind\u00edgenas del Instituto Nacional de los Pueblos Ind\u00edgenas (INPI), durante el gobierno de Andr\u00e9s Manuel L\u00f3pez Obrador. En el anterior sexenio particip\u00f3 en las consultas a comunidades originarias respecto a obras emblem\u00e1ticas como el Tren Maya, el Corredor Interoce\u00e1nico del Istmo de Tehuantepec y el Aeropuerto Internacional Felipe \u00c1ngeles.<\/p>\n<p>Antecedentes aparte, el s\u00e1bado anterior, el futuro presidente del m\u00e1ximo tribunal del pa\u00eds no s\u00f3lo justific\u00f3 el empleo de acordeones en las elecciones en que se renov\u00f3 a la mitad del Poder Judicial, sino que afirm\u00f3 que eran necesarios.<\/p>\n<p>\u201cHa habido cr\u00edticas por el acorde\u00f3n, yo le digo a todo M\u00e9xico y a quienes critican; para los pueblos ind\u00edgenas era un proceso dif\u00edcil y era necesaria una gu\u00eda\u201d, manifest\u00f3 Aguilar Ortiz.<\/p>\n<p>En comentarios alrededor del la celebraci\u00f3n del D\u00eda Internacional de los Pueblos Ind\u00edgena, el futuro ministro calific\u00f3 el proceso como \u201cun hecho hist\u00f3rico que todos debemos valorar\u201d y asegur\u00f3 que su campa\u00f1a electoral nacional tuvo un costo econ\u00f3mico m\u00ednimo, claro porque no pag\u00f3 la impresi\u00f3n de los acordeones.<\/p>\n<p>Esta declaraci\u00f3n se suma a otra formulada la semana anterior, cuando anunci\u00f3 que impugnar\u00e1 la sanci\u00f3n determinada por el Tribunal Electoral, a los candidatos ganadores que aparec\u00edan en los acordeones electorales.<\/p>\n<p>En efecto, el pasado \u00faltimo d\u00eda de mayo, la Sala Superior del Tribunal Electoral del Poder Judicial de la Federaci\u00f3n (TEPJF) confirm\u00f3, por unanimidad, el acuerdo emitido por el Consejo General del Instituto Nacional Electoral (INE) de sancionar a 176 juzgadores electos que aparec\u00edan en los acordeones por el equivalente del diez por ciento del tope de gastos de campa\u00f1a.<\/p>\n<p>A pesar de las protestas generadas por ese castigo, en realidad se trat\u00f3 de una simulaci\u00f3n, pues las penas resultaron m\u00ednimas, adem\u00e1s que se aceptaron descuentos. As\u00ed, en el caso de los ministros, no pagar\u00edan el referido 10 por ciento (equivale a 146 mil pesos), sino cantidades menores, seg\u00fan la capacidad de pago de cada uno.<\/p>\n<p>A pesar de lo leve del castigo, las sanciones provocaron divisiones o desacuerdos entre los funcionarios electorales que, en otras circunstancias hab\u00edan actuado unidos,<\/p>\n<p>Por ejemplo, la incondicional consejera presidenta del INE, Guadalupe Taddei Zavala, se manifest\u00f3 en desacuerdo por considerar que no hay un fundamento jur\u00eddico que permita establecer una sanci\u00f3n a partir de los topes de gastos de campa\u00f1a.<\/p>\n<p>\u201cLo ilegal es que alguien se pare en la puerta de una casilla a repartirlos o que los use para coaccionar o inducir el voto. Eso s\u00ed se sanciona\u201d, dijo la presidenta del INE, Guadalupe Taddei en rueda de prensa.<\/p>\n<p>Agreg\u00f3 que por tratarse de una sanci\u00f3n \u201cilegal\u201d, exist\u00eda el peligro de que la multa fuese desechada en el Tribunal Electoral del Poder Judicial de la Federaci\u00f3n (TEPJF).<\/p>\n<p>Pero no ocurri\u00f3 as\u00ed. El Tribunal\u00a0\u00a0valid\u00f3 lo decidido por el INE.<\/p>\n<p>A partir de una ponencia del magistrado Felipe Fuentes Barrera,\u00a0consider\u00f3 que los consejeros no contravinieron las leyes al no restringir los derechos fundamentales de los ciudadanos, pues no se sancion\u00f3 la posibilidad de que los votantes pudieran votar con ayuda de anotaciones, gu\u00edas, impresiones, fotograf\u00edas o cualquier otra forma de reproducci\u00f3n f\u00edsica o digital en donde aparecieran los n\u00fameros o nombres de por quienes sufragaran.<\/p>\n<p>La distribuci\u00f3n masiva de acordeones es ilegal, no as\u00ed su uso personal y privado para votar \u00abcon el menor margen de error\u00bb de esta compleja elecci\u00f3n judicial, determin\u00f3 la sala superior del Tribunal Electoral del Poder Judicial de la Federaci\u00f3n (TEPJF).<\/p>\n<p>En consecuencia, determinaron los magistrados, los integrantes del Consejo General del INE no se extralimitaron ni afectaron el derecho a votar con libertad de la ciudadan\u00eda, sin embargo, eso no implica no implica autorizar que los listados se porten de manera visible o que la exhiban en el periodo de veda o durante la jornada electoral.<\/p>\n<p>\u201cHa habido cr\u00edticas por el acorde\u00f3n, yo le digo a todo M\u00e9xico y a quienes critican; para los pueblos ind\u00edgenas era un proceso dif\u00edcil y era necesaria una gu\u00eda\u00bb, destac\u00f3 Aguilar Ortiz, quien no se percat\u00f3 que su expresi\u00f3n significa validar las opiniones de quienes persisten en dar trato de menores de edad a los pueblos originarios.<\/p>\n<p>Sus declaraciones surgen luego de que el pasado viernes, dio a conocer que impugnar\u00e1 la sanci\u00f3n determinada por el Tribunal Electoral, a los candidatos ganadores que aparec\u00edan en los acordeones electorales. As\u00ed mismo, calific\u00f3 el proceso como \u00abun hecho hist\u00f3rico que todos debemos valorar\u00bb y asegur\u00f3 que su campa\u00f1a electoral nacional tuvo un costo econ\u00f3mico m\u00ednimo. Hicimos actos debajo de enramados, en la orilla de las carreteras y no se gast\u00f3 un solo peso porque los pueblos cooperaron para lograr este triunfo\u00bb, se\u00f1al\u00f3 el presidente electo de la corte.<\/p>\n<p>Para finalizar su discurso, en el marco del D\u00eda Internacional de los Pueblos Ind\u00edgenas, Hugo Aguilar anunci\u00f3 que propondr\u00e1 un modelo de cercan\u00eda con los mexicanos, dentro de la Suprema Corte de Justicia de la Naci\u00f3n. Vamos a proponer que se mantenga esa relaci\u00f3n que surgi\u00f3 despu\u00e9s del proceso electoral, seremos jueces, magistrados y ministros de territorio\u00bb, concluy\u00f3.<\/p>\n<p>Un asunto que qued\u00f3 pendiente es el recurso distractor del presidente electo de la Suprema Corte de determinar si usar\u00e1 o no toga.<\/p>\n<p>&nbsp;<\/p>\n","protected":false},"excerpt":{"rendered":"<p>CLASE POLITICA Miguel \u00c1ngel Rivera &nbsp; &nbsp; \u00a0 \u00a0 \u00a0 &nbsp; &nbsp; Mal empieza el presidente electo de la Suprema Corte de Justicia, el \u201cnuevo Ju\u00e1rez\u201d de la llamada Cuarta Transformaci\u00f3n, Hugo Aguilar Ortiz, al validar una pr\u00e1ctica ilegal al ejercer el voto. S\u00ed claro, me refiero a la votaci\u00f3n del pasado 1 de junio [&hellip;]<\/p>\n","protected":false},"author":14,"featured_media":0,"comment_status":"open","ping_status":"open","sticky":false,"template":"","format":"standard","meta":{"_monsterinsights_skip_tracking":false,"_monsterinsights_sitenote_active":false,"_monsterinsights_sitenote_note":"","_monsterinsights_sitenote_category":0,"footnotes":""},"categories":[84119,4],"tags":[],"class_list":["post-679377","post","type-post","status-publish","format-standard","hentry","category-miguel-angel-rivera","category-opinion"],"_links":{"self":[{"href":"https:\/\/www.diarioimagen.net\/index.php?rest_route=\/wp\/v2\/posts\/679377","targetHints":{"allow":["GET"]}}],"collection":[{"href":"https:\/\/www.diarioimagen.net\/index.php?rest_route=\/wp\/v2\/posts"}],"about":[{"href":"https:\/\/www.diarioimagen.net\/index.php?rest_route=\/wp\/v2\/types\/post"}],"author":[{"embeddable":true,"href":"https:\/\/www.diarioimagen.net\/index.php?rest_route=\/wp\/v2\/users\/14"}],"replies":[{"embeddable":true,"href":"https:\/\/www.diarioimagen.net\/index.php?rest_route=%2Fwp%2Fv2%2Fcomments&post=679377"}],"version-history":[{"count":3,"href":"https:\/\/www.diarioimagen.net\/index.php?rest_route=\/wp\/v2\/posts\/679377\/revisions"}],"predecessor-version":[{"id":679380,"href":"https:\/\/www.diarioimagen.net\/index.php?rest_route=\/wp\/v2\/posts\/679377\/revisions\/679380"}],"wp:attachment":[{"href":"https:\/\/www.diarioimagen.net\/index.php?rest_route=%2Fwp%2Fv2%2Fmedia&parent=679377"}],"wp:term":[{"taxonomy":"category","embeddable":true,"href":"https:\/\/www.diarioimagen.net\/index.php?rest_route=%2Fwp%2Fv2%2Fcategories&post=679377"},{"taxonomy":"post_tag","embeddable":true,"href":"https:\/\/www.diarioimagen.net\/index.php?rest_route=%2Fwp%2Fv2%2Ftags&post=679377"}],"curies":[{"name":"wp","href":"https:\/\/api.w.org\/{rel}","templated":true}]}}