{"id":679552,"date":"2025-08-11T20:29:54","date_gmt":"2025-08-12T02:29:54","guid":{"rendered":"https:\/\/www.diarioimagen.net\/?p=679552"},"modified":"2025-08-11T20:29:54","modified_gmt":"2025-08-12T02:29:54","slug":"atencion-medica-de-calidad-es-prioridad-de-huixquilucan","status":"publish","type":"post","link":"https:\/\/www.diarioimagen.net\/?p=679552","title":{"rendered":"Atenci\u00f3n m\u00e9dica de calidad es prioridad de Huixquilucan\u00a0"},"content":{"rendered":"<p>&nbsp;<\/p>\n<p><img loading=\"lazy\" decoding=\"async\" class=\"alignnone wp-image-679553 size-large\" src=\"https:\/\/www.diarioimagen.net\/wp-content\/uploads\/2025\/08\/BAENA-4-ok-5-399x270.jpg\" alt=\"\" width=\"399\" height=\"270\" srcset=\"https:\/\/www.diarioimagen.net\/wp-content\/uploads\/2025\/08\/BAENA-4-ok-5-399x270.jpg 399w, https:\/\/www.diarioimagen.net\/wp-content\/uploads\/2025\/08\/BAENA-4-ok-5-240x162.jpg 240w, https:\/\/www.diarioimagen.net\/wp-content\/uploads\/2025\/08\/BAENA-4-ok-5-768x520.jpg 768w, https:\/\/www.diarioimagen.net\/wp-content\/uploads\/2025\/08\/BAENA-4-ok-5-1536x1040.jpg 1536w, https:\/\/www.diarioimagen.net\/wp-content\/uploads\/2025\/08\/BAENA-4-ok-5-2048x1386.jpg 2048w\" sizes=\"auto, (max-width: 399px) 100vw, 399px\" \/><\/p>\n<p>Huixquilucan, M\u00e9x.- \u00a0Con el objetivo de seguir brindando una atenci\u00f3n m\u00e9dica integral y de calidad a los pacientes, el Gobierno de Huixquilucan supervis\u00f3 las operaciones del Centro de Rehabilitaci\u00f3n Integral contra las Adicciones (CRIA), perteneciente al Complejo Rosa M\u00edstica del Sistema Municipal DIF, con la intenci\u00f3n de refrendar su compromiso de que reciban los tratamientos, terapias y talleres adecuados que contribuyan a mejorar su salud f\u00edsica y mental. \u00a0Al visitar el CRIA, la presidenta municipal Romina Contreras Carrasco indic\u00f3 que, como parte de su proceso de recuperaci\u00f3n, los pacientes recibieron una terapia de hielo para reforzar la terapia f\u00edsica y mental, as\u00ed como su fortalecimiento emocional, a trav\u00e9s de esta experiencia, la cual consiste en sumergirse en una tina con agua y hielos durante, m\u00e1ximo, tres minutos.<\/p>\n<p>&nbsp;<\/p>\n<p>&nbsp;<\/p>\n<p>&nbsp;<\/p>\n<p>7\u201cEsta experiencia inmersiva se pens\u00f3 especialmente para los pacientes que se encuentran en el CRIA, ya que brinda diversos beneficios como disciplina mental, conexi\u00f3n entre mente-cuerpo, sentido de comunidad y pertenencia, incremento de la confianza personal, reducci\u00f3n de estr\u00e9s y ansiedad, entre otros factores que les ayudan a poder lidiar con situaciones complejas de su d\u00eda a d\u00eda. Seguiremos impulsando estas acciones en todos los centros que conforman el Complejo Rosa M\u00edstica del Sistema Municipal DIF, para brindar un mejor tratamiento a las personas que se encuentren en estas instalaciones\u201d, comparti\u00f3 la presidenta municipal.<\/p>\n","protected":false},"excerpt":{"rendered":"<p>&nbsp; Huixquilucan, M\u00e9x.- \u00a0Con el objetivo de seguir brindando una atenci\u00f3n m\u00e9dica integral y de calidad a los pacientes, el Gobierno de Huixquilucan supervis\u00f3 las operaciones del Centro de Rehabilitaci\u00f3n Integral contra las Adicciones (CRIA), perteneciente al Complejo Rosa M\u00edstica del Sistema Municipal DIF, con la intenci\u00f3n de refrendar su compromiso de que reciban los [&hellip;]<\/p>\n","protected":false},"author":14,"featured_media":679553,"comment_status":"open","ping_status":"open","sticky":false,"template":"","format":"standard","meta":{"_monsterinsights_skip_tracking":false,"_monsterinsights_sitenote_active":false,"_monsterinsights_sitenote_note":"","_monsterinsights_sitenote_category":0,"footnotes":""},"categories":[5],"tags":[],"class_list":["post-679552","post","type-post","status-publish","format-standard","has-post-thumbnail","hentry","category-estado-de-mexico"],"_links":{"self":[{"href":"https:\/\/www.diarioimagen.net\/index.php?rest_route=\/wp\/v2\/posts\/679552","targetHints":{"allow":["GET"]}}],"collection":[{"href":"https:\/\/www.diarioimagen.net\/index.php?rest_route=\/wp\/v2\/posts"}],"about":[{"href":"https:\/\/www.diarioimagen.net\/index.php?rest_route=\/wp\/v2\/types\/post"}],"author":[{"embeddable":true,"href":"https:\/\/www.diarioimagen.net\/index.php?rest_route=\/wp\/v2\/users\/14"}],"replies":[{"embeddable":true,"href":"https:\/\/www.diarioimagen.net\/index.php?rest_route=%2Fwp%2Fv2%2Fcomments&post=679552"}],"version-history":[{"count":1,"href":"https:\/\/www.diarioimagen.net\/index.php?rest_route=\/wp\/v2\/posts\/679552\/revisions"}],"predecessor-version":[{"id":679554,"href":"https:\/\/www.diarioimagen.net\/index.php?rest_route=\/wp\/v2\/posts\/679552\/revisions\/679554"}],"wp:featuredmedia":[{"embeddable":true,"href":"https:\/\/www.diarioimagen.net\/index.php?rest_route=\/wp\/v2\/media\/679553"}],"wp:attachment":[{"href":"https:\/\/www.diarioimagen.net\/index.php?rest_route=%2Fwp%2Fv2%2Fmedia&parent=679552"}],"wp:term":[{"taxonomy":"category","embeddable":true,"href":"https:\/\/www.diarioimagen.net\/index.php?rest_route=%2Fwp%2Fv2%2Fcategories&post=679552"},{"taxonomy":"post_tag","embeddable":true,"href":"https:\/\/www.diarioimagen.net\/index.php?rest_route=%2Fwp%2Fv2%2Ftags&post=679552"}],"curies":[{"name":"wp","href":"https:\/\/api.w.org\/{rel}","templated":true}]}}