{"id":679766,"date":"2025-08-12T21:01:10","date_gmt":"2025-08-13T03:01:10","guid":{"rendered":"https:\/\/www.diarioimagen.net\/?p=679766"},"modified":"2025-08-12T21:01:10","modified_gmt":"2025-08-13T03:01:10","slug":"celebra-naucalpan-jornada-de-convivencia-comunitaria","status":"publish","type":"post","link":"https:\/\/www.diarioimagen.net\/?p=679766","title":{"rendered":"Celebra Naucalpan jornada de convivencia comunitaria"},"content":{"rendered":"<p><img loading=\"lazy\" decoding=\"async\" class=\"alignnone wp-image-679767 size-large\" src=\"https:\/\/www.diarioimagen.net\/wp-content\/uploads\/2025\/08\/BAENA-4-ok-6-394x270.jpg\" alt=\"\" width=\"394\" height=\"270\" srcset=\"https:\/\/www.diarioimagen.net\/wp-content\/uploads\/2025\/08\/BAENA-4-ok-6-394x270.jpg 394w, https:\/\/www.diarioimagen.net\/wp-content\/uploads\/2025\/08\/BAENA-4-ok-6-240x164.jpg 240w, https:\/\/www.diarioimagen.net\/wp-content\/uploads\/2025\/08\/BAENA-4-ok-6-768x526.jpg 768w, https:\/\/www.diarioimagen.net\/wp-content\/uploads\/2025\/08\/BAENA-4-ok-6.jpg 1500w\" sizes=\"auto, (max-width: 394px) 100vw, 394px\" \/><\/p>\n<p>&nbsp;<\/p>\n<p>Naucalpan, Mex.- Naucalpan\u00a0 se convirti\u00f3 en el primer municipio en celebrar la Primera Jornada de Convivencia Comunitaria, impulsada por el Observatorio de Seguridad Ciudadana y el municipio de Naucalpan. Es una alianza y colaboraci\u00f3n permanente entre ciudadan\u00eda, autoridades de seguridad de los tres niveles de gobierno y la Fiscal\u00eda Regional, afirm\u00f3 el\u00a0 alcalde Isaac Montoya M\u00e1rquez. \u201cEs un honor el que seamos el primer municipio en el Estado de M\u00e9xico en dar este paso hacia adelante. Es necesario que entendamos los nuevos tiempos y hay una l\u00ednea muy clara de la Presidenta de la Rep\u00fablica, Claudia Sheinbaum, y del secretario de Seguridad y Protecci\u00f3n Ciudadana, Omar Garc\u00eda Harfuch, que es la proximidad, estar con la gente, estar con las comunidades, eso es algo que cuando se dej\u00f3 de hacer, nos afect\u00f3 much\u00edsimo en Naucalpan\u201d enfatiz\u00f3 el alcalde.<\/p>\n<p>&nbsp;<\/p>\n<p>&nbsp;<\/p>\n<p>Subray\u00f3 que la Jornada de Convivencia Comunitaria abonar\u00e1 para compartir y replicar las mejores pr\u00e1cticas a lo largo y ancho del pa\u00eds y trabajar de manera conjunta para recuperar la paz y convertirse en un modelo de seguridad, de justicia, de relaci\u00f3n interinstitucional y de coordinaci\u00f3n plena a favor de la ciudadan\u00eda<\/p>\n","protected":false},"excerpt":{"rendered":"<p>&nbsp; Naucalpan, Mex.- Naucalpan\u00a0 se convirti\u00f3 en el primer municipio en celebrar la Primera Jornada de Convivencia Comunitaria, impulsada por el Observatorio de Seguridad Ciudadana y el municipio de Naucalpan. Es una alianza y colaboraci\u00f3n permanente entre ciudadan\u00eda, autoridades de seguridad de los tres niveles de gobierno y la Fiscal\u00eda Regional, afirm\u00f3 el\u00a0 alcalde Isaac [&hellip;]<\/p>\n","protected":false},"author":14,"featured_media":679767,"comment_status":"open","ping_status":"open","sticky":false,"template":"","format":"standard","meta":{"_monsterinsights_skip_tracking":false,"_monsterinsights_sitenote_active":false,"_monsterinsights_sitenote_note":"","_monsterinsights_sitenote_category":0,"footnotes":""},"categories":[5],"tags":[],"class_list":["post-679766","post","type-post","status-publish","format-standard","has-post-thumbnail","hentry","category-estado-de-mexico"],"_links":{"self":[{"href":"https:\/\/www.diarioimagen.net\/index.php?rest_route=\/wp\/v2\/posts\/679766","targetHints":{"allow":["GET"]}}],"collection":[{"href":"https:\/\/www.diarioimagen.net\/index.php?rest_route=\/wp\/v2\/posts"}],"about":[{"href":"https:\/\/www.diarioimagen.net\/index.php?rest_route=\/wp\/v2\/types\/post"}],"author":[{"embeddable":true,"href":"https:\/\/www.diarioimagen.net\/index.php?rest_route=\/wp\/v2\/users\/14"}],"replies":[{"embeddable":true,"href":"https:\/\/www.diarioimagen.net\/index.php?rest_route=%2Fwp%2Fv2%2Fcomments&post=679766"}],"version-history":[{"count":1,"href":"https:\/\/www.diarioimagen.net\/index.php?rest_route=\/wp\/v2\/posts\/679766\/revisions"}],"predecessor-version":[{"id":679768,"href":"https:\/\/www.diarioimagen.net\/index.php?rest_route=\/wp\/v2\/posts\/679766\/revisions\/679768"}],"wp:featuredmedia":[{"embeddable":true,"href":"https:\/\/www.diarioimagen.net\/index.php?rest_route=\/wp\/v2\/media\/679767"}],"wp:attachment":[{"href":"https:\/\/www.diarioimagen.net\/index.php?rest_route=%2Fwp%2Fv2%2Fmedia&parent=679766"}],"wp:term":[{"taxonomy":"category","embeddable":true,"href":"https:\/\/www.diarioimagen.net\/index.php?rest_route=%2Fwp%2Fv2%2Fcategories&post=679766"},{"taxonomy":"post_tag","embeddable":true,"href":"https:\/\/www.diarioimagen.net\/index.php?rest_route=%2Fwp%2Fv2%2Ftags&post=679766"}],"curies":[{"name":"wp","href":"https:\/\/api.w.org\/{rel}","templated":true}]}}