{"id":679805,"date":"2025-08-12T23:01:48","date_gmt":"2025-08-13T05:01:48","guid":{"rendered":"https:\/\/www.diarioimagen.net\/?p=679805"},"modified":"2025-08-12T23:01:48","modified_gmt":"2025-08-13T05:01:48","slug":"capacitacion-a-operadores-de-trenes-de-pavimentacion-en-oriente-del-edomex-sict","status":"publish","type":"post","link":"https:\/\/www.diarioimagen.net\/?p=679805","title":{"rendered":"Capacitaci\u00f3n a operadores  de trenes de pavimentaci\u00f3n  en oriente del Edomex: SICT"},"content":{"rendered":"<ul>\n<li><strong>Participan123 operadores y t\u00e9cnicos<\/strong><\/li>\n<\/ul>\n<p><strong>\u00a0<\/strong><\/p>\n<p>&nbsp;<\/p>\n<p><strong><img loading=\"lazy\" decoding=\"async\" class=\"alignnone wp-image-679802 size-large\" src=\"https:\/\/www.diarioimagen.net\/wp-content\/uploads\/2025\/08\/SICT-1-OK-460x259.jpg\" alt=\"\" width=\"460\" height=\"259\" srcset=\"https:\/\/www.diarioimagen.net\/wp-content\/uploads\/2025\/08\/SICT-1-OK-460x259.jpg 460w, https:\/\/www.diarioimagen.net\/wp-content\/uploads\/2025\/08\/SICT-1-OK-240x135.jpg 240w, https:\/\/www.diarioimagen.net\/wp-content\/uploads\/2025\/08\/SICT-1-OK-768x432.jpg 768w, https:\/\/www.diarioimagen.net\/wp-content\/uploads\/2025\/08\/SICT-1-OK-480x270.jpg 480w, https:\/\/www.diarioimagen.net\/wp-content\/uploads\/2025\/08\/SICT-1-OK-235x132.jpg 235w, https:\/\/www.diarioimagen.net\/wp-content\/uploads\/2025\/08\/SICT-1-OK-202x114.jpg 202w, https:\/\/www.diarioimagen.net\/wp-content\/uploads\/2025\/08\/SICT-1-OK-350x196.jpg 350w, https:\/\/www.diarioimagen.net\/wp-content\/uploads\/2025\/08\/SICT-1-OK-220x123.jpg 220w, https:\/\/www.diarioimagen.net\/wp-content\/uploads\/2025\/08\/SICT-1-OK-237x132.jpg 237w, https:\/\/www.diarioimagen.net\/wp-content\/uploads\/2025\/08\/SICT-1-OK.jpg 1500w\" sizes=\"auto, (max-width: 460px) 100vw, 460px\" \/><\/strong><\/p>\n<p>La Secretar\u00eda de Infraestructura, Comunicaciones y Transportes (SICT) del Gobierno de M\u00e9xico, inici\u00f3 los cursos de capacitaci\u00f3n para operadores de trenes de pavimentaci\u00f3n que dar\u00e1n conservaci\u00f3n rutinaria en la zona oriente del Estado de M\u00e9xico.<\/p>\n<p>En el marco del Plan Integral para esa zona del Valle de M\u00e9xico, en una primera etapa participan 123 operadores y t\u00e9cnicos de los municipios de Texcoco, Nezahualc\u00f3yotl, Ecatepec, Chicoloapan, Ixtapaluca y La Paz, quienes reciben una capacitaci\u00f3n que incluye aspectos t\u00e9cnicos, operativos y de seguridad, con la finalidad de maximizar el rendimiento de los equipos y minimizar riesgos durante su operaci\u00f3n.<\/p>\n<p>&nbsp;<\/p>\n<p>Con una duraci\u00f3n de tres d\u00edas, en un horario de 9:00 a 17:00 horas, el programa est\u00e1 conformado por dos m\u00f3dulos especializados:<\/p>\n<p>&nbsp;<\/p>\n<p>Fresado y colocaci\u00f3n de carpeta de concreto asf\u00e1ltico, que contempla el manejo seguro y eficiente del equipo para la remoci\u00f3n de la capa superficial del pavimento deteriorado.<\/p>\n<p>&nbsp;<\/p>\n<p>&nbsp;<\/p>\n<p>Recuperaci\u00f3n y colocaci\u00f3n de carpeta de concreto asf\u00e1ltico, enfocado en el corte de las bases inferiores para mejorarlas.<\/p>\n<p>&nbsp;<\/p>\n<p>Esta acci\u00f3n la encabezan la Direcci\u00f3n General de Conservaci\u00f3n de Carreteras y el Centro SICT M\u00e9xico, con el prop\u00f3sito de fortalecer la capacidad t\u00e9cnica para la ejecuci\u00f3n eficiente y de alta calidad de obras de rehabilitaci\u00f3n y mantenimiento vial.<\/p>\n<p>&nbsp;<\/p>\n<p>Cabe se\u00f1alar que, en una segunda etapa, recibir\u00e1n la capacitaci\u00f3n operadores de los municipios de Valle de Chalco, Chalco, Tlalnepantla y Chimalhuac\u00e1n.<\/p>\n<p>&nbsp;<\/p>\n<p>El objetivo es impulsar el desarrollo sustentable de la infraestructura vial, optimizar los procesos constructivos y garantizar caminos m\u00e1s seguros, eficientes y duraderos para la ciudadan\u00eda.<\/p>\n<p>&nbsp;<\/p>\n","protected":false},"excerpt":{"rendered":"<p>Participan123 operadores y t\u00e9cnicos \u00a0 &nbsp; La Secretar\u00eda de Infraestructura, Comunicaciones y Transportes (SICT) del Gobierno de M\u00e9xico, inici\u00f3 los cursos de capacitaci\u00f3n para operadores de trenes de pavimentaci\u00f3n que dar\u00e1n conservaci\u00f3n rutinaria en la zona oriente del Estado de M\u00e9xico. En el marco del Plan Integral para esa zona del Valle de M\u00e9xico, en [&hellip;]<\/p>\n","protected":false},"author":14,"featured_media":679802,"comment_status":"open","ping_status":"open","sticky":false,"template":"","format":"standard","meta":{"_monsterinsights_skip_tracking":false,"_monsterinsights_sitenote_active":false,"_monsterinsights_sitenote_note":"","_monsterinsights_sitenote_category":0,"footnotes":""},"categories":[5],"tags":[],"class_list":["post-679805","post","type-post","status-publish","format-standard","has-post-thumbnail","hentry","category-estado-de-mexico"],"_links":{"self":[{"href":"https:\/\/www.diarioimagen.net\/index.php?rest_route=\/wp\/v2\/posts\/679805","targetHints":{"allow":["GET"]}}],"collection":[{"href":"https:\/\/www.diarioimagen.net\/index.php?rest_route=\/wp\/v2\/posts"}],"about":[{"href":"https:\/\/www.diarioimagen.net\/index.php?rest_route=\/wp\/v2\/types\/post"}],"author":[{"embeddable":true,"href":"https:\/\/www.diarioimagen.net\/index.php?rest_route=\/wp\/v2\/users\/14"}],"replies":[{"embeddable":true,"href":"https:\/\/www.diarioimagen.net\/index.php?rest_route=%2Fwp%2Fv2%2Fcomments&post=679805"}],"version-history":[{"count":1,"href":"https:\/\/www.diarioimagen.net\/index.php?rest_route=\/wp\/v2\/posts\/679805\/revisions"}],"predecessor-version":[{"id":679806,"href":"https:\/\/www.diarioimagen.net\/index.php?rest_route=\/wp\/v2\/posts\/679805\/revisions\/679806"}],"wp:featuredmedia":[{"embeddable":true,"href":"https:\/\/www.diarioimagen.net\/index.php?rest_route=\/wp\/v2\/media\/679802"}],"wp:attachment":[{"href":"https:\/\/www.diarioimagen.net\/index.php?rest_route=%2Fwp%2Fv2%2Fmedia&parent=679805"}],"wp:term":[{"taxonomy":"category","embeddable":true,"href":"https:\/\/www.diarioimagen.net\/index.php?rest_route=%2Fwp%2Fv2%2Fcategories&post=679805"},{"taxonomy":"post_tag","embeddable":true,"href":"https:\/\/www.diarioimagen.net\/index.php?rest_route=%2Fwp%2Fv2%2Ftags&post=679805"}],"curies":[{"name":"wp","href":"https:\/\/api.w.org\/{rel}","templated":true}]}}