{"id":679827,"date":"2025-08-12T23:18:35","date_gmt":"2025-08-13T05:18:35","guid":{"rendered":"https:\/\/www.diarioimagen.net\/?p=679827"},"modified":"2025-08-12T23:18:35","modified_gmt":"2025-08-13T05:18:35","slug":"la-reforma-electoral-arranca-con-todo-ya-sellado-y-acordado","status":"publish","type":"post","link":"https:\/\/www.diarioimagen.net\/?p=679827","title":{"rendered":"La reforma electoral arranca  con todo ya sellado y acordado"},"content":{"rendered":"<p>&nbsp;<\/p>\n<p>&nbsp;<\/p>\n<p><strong>TRAS LA PUERTA DEL PODER<\/strong>\u00a0 Roberto Vizca\u00edno<\/p>\n<p>&nbsp;<\/p>\n<p>&nbsp;<\/p>\n<p>Sin oposici\u00f3n pol\u00edtica que se le oponga, sin nadie que salga a protestar ni reclamar por ello en la plaza p\u00fablica, sin base social de un lado y el otro, en medio de una ciudadan\u00eda que ni entiende ni se alerta por lo que le representar\u00e1 en su vida y desarrollo, la presidenta\u00a0<strong>Claudia Sheinbaum<\/strong>\u00a0ya arranc\u00f3 su reforma electoral.<\/p>\n<p>Y, ante las cr\u00edticas de ex consejeros electorales, analistas, columnistas y l\u00edderes pol\u00edticos en algunos medios y sus redes sociales, pero no en las calles ni en los mercados p\u00fablicos, la mandataria se tom\u00f3 algunos minutos en su ma\u00f1anera para responderles y arremeter contra ellos:<\/p>\n<p>Desde su espacio en Palacio les dijo que podr\u00e1n participar en el debate y consultas, en los sondeos que se realizar\u00e1n por todo el pa\u00eds, \u201cpero junto al resto de los dem\u00e1s ciudadanos\u2026 nada de tratos especiales o sobresalientes a que est\u00e1n acostumbrados\u2026<\/p>\n<p>\u201cPueden participar, nadie les niega la participaci\u00f3n, pero \u00bfpor qu\u00e9 ellos van a presentar una propuesta como si fueran una \u00e9lite\u2026 una \u00e9lite de la supuesta democracia en M\u00e9xico?\u201d, interrog\u00f3 la mandataria.<\/p>\n<p>Ya metida en el tema, con\u00a0<strong>Pablo G\u00f3mez<\/strong>\u00a0-presidente de su comisi\u00f3n de reforma electoral- a su lado, agreg\u00f3:<\/p>\n<p>\u201cEllos son como todos los dem\u00e1s\u2026 aquel que se siente por arriba de otro, pues tiene un problema\u2026<\/p>\n<p>\u201cLo cierto es que hay much\u00edsima hipocres\u00eda\u2026 \u00bfc\u00f3mo es posible que\u00a0<strong>Lorenzo C\u00f3rdova<\/strong>\u00a0hable de autoritarismo cuando \u00e9l de forma autoritaria y despectiva -cuando era presidente del IFE- se refiri\u00f3 a ind\u00edgenas que fueron a solicitarle algo\u2026<\/p>\n<p>\u201cO c\u00f3mo es posible que durante todos los a\u00f1os que estuvo en el Instituto Electoral, desde trabajador hasta presidente, pues haya vivido de esta manera del erario, o c\u00f3mo es posible que nunca se hubiera dado cuenta de la compra de votos, de amigos de\u00a0<strong>Fox<\/strong>, del <em>Pemexgate<\/em>\u201d, subray\u00f3.<\/p>\n<p>Los foros, debates y consultas estar\u00e1n abiertas a toda la poblaci\u00f3n, dijo, para discutir el temario y la agenda de la reforma.<\/p>\n<p>Y continu\u00f3:<\/p>\n<p>\u201cTienen derecho a participar\u2026 va a haber foros, consultas\u2026 ellos se sienten superiores, que est\u00e1n por encima del pueblo de M\u00e9xico y que se debe considerar su opini\u00f3n como algo especial\u2026 pero no son m\u00e1s ni menos\u2026<\/p>\n<p>\u00abLlama la atenci\u00f3n, uno, que\u00a0<strong>Lorenzo C\u00f3rdova<\/strong>\u00a0-y (<strong>Luis Carlos<\/strong>)\u00a0<strong>Ugalde<\/strong>\u00a0en particular-, digan que hay autoritarismo, que M\u00e9xico ya es autoritario, seg\u00fan ellos, y que la reforma electoral busca hacer de M\u00e9xico un pa\u00eds todav\u00eda m\u00e1s autoritario\u2026<\/p>\n<p>\u201c\u00bfQu\u00e9 evidencia tienen de que hay autoritarismo en el gobierno?, \u00a1Ah!, la evidencia es\u00a0<em>de que se vot\u00f3 por los jueces<\/em>, que el Poder Judicial es elegido por el pueblo de M\u00e9xico, \u00a1ese es su argumento de por qu\u00e9 M\u00e9xico es autoritario!, O sea, cuando el pueblo participa, hay autoritarismo dicen ellos\u201d.<\/p>\n<p>La andanada sigui\u00f3:<\/p>\n<p>\u201cEllos critican que hay censura, pese a que ellos pueden decir lo que quieran en cualquier medio, en cualquier lugar, y nadie los censura\u201d.<\/p>\n<p>Metida en el tema pidi\u00f3 que los ciudadanos analicen todo lo de la reforma para que las elecciones no cuesten tanto, y sobre todo c\u00f3mo deben quedar el financiamiento p\u00fablico a los partidos.<\/p>\n<p>Record\u00f3 que hoy mismo estos partidos, incluido el suyo, Morena, reciben m\u00e1s de 7 mil millones de pesos de recursos del erario.<\/p>\n<p>\u201c\u2026 y hasta el PRI, que es de los que menos votos tiene ahora, reciben recursos p\u00fablicos para su operaci\u00f3n normal, no s\u00f3lo para las elecciones\u00bb, agreg\u00f3.<\/p>\n<p>Otro de los temas en que los ciudadanos se tienen que expresar, dijo, es el de si se quedan o desaparecen los legisladores plurinominales.<\/p>\n<p>\u201cLa lista de plurinominales se ha convertido para muchos partidos pol\u00edticos en el reparto interno de puestos para las c\u00fapulas de los partidos pol\u00edticos\u201d, subray\u00f3.<\/p>\n<p>&nbsp;<\/p>\n<p><strong>Foros y encuestas ya programadas: Pablo G\u00f3mez<\/strong><\/p>\n<p>&nbsp;<\/p>\n<p>Sin mayor cosa que agregar,\u00a0<strong>Pablo G\u00f3mez<\/strong>\u00a0sugiri\u00f3 a los cr\u00edticos mencionados antes por la Presidenta que est\u00e9n pendientes de la agenda de foros y sondeos para que puedan participar en el debate p\u00fablico sobre la reforma electoral.<\/p>\n<p>\u201cQueremos que participe el mayor n\u00famero de personas posibles\u201d, indic\u00f3.<\/p>\n<p>Y repiti\u00f3 algunas de las cosas que ya ha dicho en entrevistas:<\/p>\n<p>Los temas ser\u00e1n: libertades pol\u00edticas; representaci\u00f3n del pueblo; sistema de partidos; financiamientos y prerrogativas de partidos; fiscalizaci\u00f3n de ingresos y gastos de partidos, candidatos y campa\u00f1as electorales y preelectorales; efectividad del sufragio; regulaci\u00f3n de la competencia pol\u00edtico-electoral; as\u00ed como libertad de difusi\u00f3n de opiniones, informaciones e ideas; propaganda de poderes y organismos p\u00fablicos; sistema de votaci\u00f3n y de c\u00f3mputos dentro del territorio nacional y en el extranjero; autoridades electorales, administrativas y jurisdiccionales; requisitos de elegibilidad: inmunidad de funcionarios elegidos por el pueblo, y las consultas populares y revocaciones de mandatos y voto electr\u00f3nico, financiamiento de los partidos, cantidad de recursos destinados a las campa\u00f1as, y representaci\u00f3n plurinominal.<\/p>\n<p>Todo esto bajo la conducci\u00f3n de \u00e9l y los otros integrantes de su comisi\u00f3n. O sea, todo sellado y decidido de antemano.<\/p>\n<p>&nbsp;<\/p>\n<p><strong>Concluye foro latinoamericano en Senado<\/strong><\/p>\n<p>&nbsp;<\/p>\n<p>En el Alc\u00e1zar del Castillo de Chapultepec, la presidenta de la Comisi\u00f3n para la Igualdad de G\u00e9nero, la senadora de Morena,\u00a0<strong>Martha Luc\u00eda M\u00edcher<\/strong>\u00a0cerr\u00f3 a el Foro Parlamentario de Am\u00e9rica Latina y el Caribe, que se realiz\u00f3 en el marco de la XVI Conferencia Regional sobre la Mujer.<\/p>\n<p>En este encuentro participaron, no solo legisladoras mexicanas sino de todo el continente y representantes de la Comisi\u00f3n Econ\u00f3mica para Am\u00e9rica Latina y el Caribe (CEPAL) y ONU-Mujeres.<\/p>\n<p>En su mensaje de clausura, la senadora\u00a0<strong>M\u00edcher\u00a0<\/strong>asegur\u00f3 que a trav\u00e9s de estos espacios se demuestra que \u201cla diplomacia parlamentaria feminista existe\u201d y que con ella se pueden construir consensos s\u00f3lidos para influir en la agenda regional en beneficio de la mujer.<\/p>\n<p>&nbsp;<\/p>\n<p>Twitter: @_Vizcaino \/ Facebook<\/p>\n<p>\/\u00a0<a href=\"https:\/\/www.facebook.com\/rvizcainoa\">https:\/\/www.facebook.com\/rvizcainoa<\/a><\/p>\n<p>&nbsp;<\/p>\n","protected":false},"excerpt":{"rendered":"<p>&nbsp; &nbsp; TRAS LA PUERTA DEL PODER\u00a0 Roberto Vizca\u00edno &nbsp; &nbsp; Sin oposici\u00f3n pol\u00edtica que se le oponga, sin nadie que salga a protestar ni reclamar por ello en la plaza p\u00fablica, sin base social de un lado y el otro, en medio de una ciudadan\u00eda que ni entiende ni se alerta por lo que [&hellip;]<\/p>\n","protected":false},"author":14,"featured_media":0,"comment_status":"open","ping_status":"open","sticky":false,"template":"","format":"standard","meta":{"_monsterinsights_skip_tracking":false,"_monsterinsights_sitenote_active":false,"_monsterinsights_sitenote_note":"","_monsterinsights_sitenote_category":0,"footnotes":""},"categories":[4,136],"tags":[],"class_list":["post-679827","post","type-post","status-publish","format-standard","hentry","category-opinion","category-roberto-vizcaino-opinion"],"_links":{"self":[{"href":"https:\/\/www.diarioimagen.net\/index.php?rest_route=\/wp\/v2\/posts\/679827","targetHints":{"allow":["GET"]}}],"collection":[{"href":"https:\/\/www.diarioimagen.net\/index.php?rest_route=\/wp\/v2\/posts"}],"about":[{"href":"https:\/\/www.diarioimagen.net\/index.php?rest_route=\/wp\/v2\/types\/post"}],"author":[{"embeddable":true,"href":"https:\/\/www.diarioimagen.net\/index.php?rest_route=\/wp\/v2\/users\/14"}],"replies":[{"embeddable":true,"href":"https:\/\/www.diarioimagen.net\/index.php?rest_route=%2Fwp%2Fv2%2Fcomments&post=679827"}],"version-history":[{"count":1,"href":"https:\/\/www.diarioimagen.net\/index.php?rest_route=\/wp\/v2\/posts\/679827\/revisions"}],"predecessor-version":[{"id":679828,"href":"https:\/\/www.diarioimagen.net\/index.php?rest_route=\/wp\/v2\/posts\/679827\/revisions\/679828"}],"wp:attachment":[{"href":"https:\/\/www.diarioimagen.net\/index.php?rest_route=%2Fwp%2Fv2%2Fmedia&parent=679827"}],"wp:term":[{"taxonomy":"category","embeddable":true,"href":"https:\/\/www.diarioimagen.net\/index.php?rest_route=%2Fwp%2Fv2%2Fcategories&post=679827"},{"taxonomy":"post_tag","embeddable":true,"href":"https:\/\/www.diarioimagen.net\/index.php?rest_route=%2Fwp%2Fv2%2Ftags&post=679827"}],"curies":[{"name":"wp","href":"https:\/\/api.w.org\/{rel}","templated":true}]}}