{"id":679961,"date":"2025-08-13T19:35:22","date_gmt":"2025-08-14T01:35:22","guid":{"rendered":"https:\/\/www.diarioimagen.net\/?p=679961"},"modified":"2025-08-13T19:35:22","modified_gmt":"2025-08-14T01:35:22","slug":"prd-mexiquense-se-manifiesta-en-contra-de-elevar-las-tarifas-en-el-transporte-publico","status":"publish","type":"post","link":"https:\/\/www.diarioimagen.net\/?p=679961","title":{"rendered":"PRD mexiquense se manifiesta en contra  de elevar las tarifas en el transporte p\u00fablico"},"content":{"rendered":"<ul>\n<li><strong>\u201cEs deficiente, caro e inseguro\u201d<\/strong><\/li>\n<\/ul>\n<p><strong>\u00a0<\/strong><\/p>\n<div id=\"attachment_679962\" style=\"width: 456px\" class=\"wp-caption alignnone\"><img loading=\"lazy\" decoding=\"async\" aria-describedby=\"caption-attachment-679962\" class=\"wp-image-679962 size-large\" src=\"https:\/\/www.diarioimagen.net\/wp-content\/uploads\/2025\/08\/BAENA-1-ok-5-446x270.jpg\" alt=\"\" width=\"446\" height=\"270\" srcset=\"https:\/\/www.diarioimagen.net\/wp-content\/uploads\/2025\/08\/BAENA-1-ok-5-446x270.jpg 446w, https:\/\/www.diarioimagen.net\/wp-content\/uploads\/2025\/08\/BAENA-1-ok-5-240x145.jpg 240w, https:\/\/www.diarioimagen.net\/wp-content\/uploads\/2025\/08\/BAENA-1-ok-5-768x465.jpg 768w, https:\/\/www.diarioimagen.net\/wp-content\/uploads\/2025\/08\/BAENA-1-ok-5-1536x930.jpg 1536w, https:\/\/www.diarioimagen.net\/wp-content\/uploads\/2025\/08\/BAENA-1-ok-5-2048x1240.jpg 2048w\" sizes=\"auto, (max-width: 446px) 100vw, 446px\" \/><p id=\"caption-attachment-679962\" class=\"wp-caption-text\">El presidente del PRD en el Edomex, Arturo Pi\u00f1a Garc\u00eda, se pronunci\u00f3 en contra del posible incremento en la tarifa del transporte p\u00fablico, que podr\u00eda oscilar entre los 2 y 3 pesos.<\/p><\/div>\n<p>Valle de M\u00e9xico. &#8211; L\u00edderes partidistas, s\u00edndicos, regidores y militantes del PRD respaldaron la negativa de ese instituto pol\u00edtico a que haya aumento de tarifas en la entidad mexiquense.<\/p>\n<p>&nbsp;<\/p>\n<p>El presidente del sol azteca, Arturo Pi\u00f1a Garc\u00eda, se\u00f1al\u00f3 en entrevista estar en contra del posible incremento en la tarifa del transporte p\u00fablico, que de acuerdo con versiones period\u00edsticas, podr\u00eda oscilar entre los 2 y 3 pesos en las pr\u00f3ximas semanas.<\/p>\n<p>&nbsp;<\/p>\n<p>\u201cEl transporte p\u00fablico en el Estado de M\u00e9xico es uno de los peores evaluados del pa\u00eds; es deficiente, caro e inseguro, millones de mexiquenses, especialmente en el Valle de M\u00e9xico, padecen a diario recorridos que superan las dos horas para llegar a sus empleos o a sus hogares, no es justo ni sensato pensar en aumentar el costo del pasaje cuando el servicio no ha tenido mejoras sustanciales\u201d sostuvo, Pi\u00f1a Garc\u00eda.<\/p>\n<p>&nbsp;<\/p>\n<p>En este sentido dijo que \u201csubir el precio del pasaje, en estas condiciones, ser\u00eda un golpe directo a la econom\u00eda de las familias trabajadoras; un aumento de 2 pesos por viaje significar\u00eda para una familia de cuatro integrantes, dos padres que salen a trabajar y dos hijos que acuden a la escuela, un gasto extra de 320 pesos al mes.<\/p>\n<p>Si el incremento fuera de 3 pesos, el impacto subir\u00eda a 480 pesos mensuales, sin que ello garantice mejoras en el servicio, eso tomando en cuenta que solo empleen 2 unidades del transporte p\u00fablico por persona, pero hay muchos casos en los que las personas transbordan en m\u00e1s de 2 unidades al d\u00eda, por lo cual el aumento ser\u00eda un duro golpe directo a la econom\u00eda de las familias\u201d, expuso.<\/p>\n<p>&nbsp;<\/p>\n<p>Al fijar su postura sobre este tema, Pi\u00f1a Garc\u00eda consider\u00f3 que se debe definir una estrategia para mejorar las unidades, las cuales representan un riesgo por s\u00ed mismas para la ciudadan\u00eda; proyectos como el Mexib\u00fas o Cableb\u00fas han sido ampliamente sobrepasados por la cantidad de personas que se trasladan diario a la CDMX, la \u00fanica opci\u00f3n viable es invertir en una red de Metro para el Estado de M\u00e9xico.<\/p>\n<p>&nbsp;<\/p>\n<p>Por \u00faltimo, asever\u00f3 que en las \u00faltimas dos d\u00e9cadas los incrementos al pasaje se han autorizado con argumentos t\u00e9cnicos y econ\u00f3micos, siempre a favor de los concesionarios, ya que pocas veces se traducen en mejoras del servicio.<\/p>\n<p>&nbsp;<\/p>\n","protected":false},"excerpt":{"rendered":"<p>\u201cEs deficiente, caro e inseguro\u201d \u00a0 Valle de M\u00e9xico. &#8211; L\u00edderes partidistas, s\u00edndicos, regidores y militantes del PRD respaldaron la negativa de ese instituto pol\u00edtico a que haya aumento de tarifas en la entidad mexiquense. &nbsp; El presidente del sol azteca, Arturo Pi\u00f1a Garc\u00eda, se\u00f1al\u00f3 en entrevista estar en contra del posible incremento en la [&hellip;]<\/p>\n","protected":false},"author":14,"featured_media":679962,"comment_status":"open","ping_status":"open","sticky":false,"template":"","format":"standard","meta":{"_monsterinsights_skip_tracking":false,"_monsterinsights_sitenote_active":false,"_monsterinsights_sitenote_note":"","_monsterinsights_sitenote_category":0,"footnotes":""},"categories":[5],"tags":[],"class_list":["post-679961","post","type-post","status-publish","format-standard","has-post-thumbnail","hentry","category-estado-de-mexico"],"_links":{"self":[{"href":"https:\/\/www.diarioimagen.net\/index.php?rest_route=\/wp\/v2\/posts\/679961","targetHints":{"allow":["GET"]}}],"collection":[{"href":"https:\/\/www.diarioimagen.net\/index.php?rest_route=\/wp\/v2\/posts"}],"about":[{"href":"https:\/\/www.diarioimagen.net\/index.php?rest_route=\/wp\/v2\/types\/post"}],"author":[{"embeddable":true,"href":"https:\/\/www.diarioimagen.net\/index.php?rest_route=\/wp\/v2\/users\/14"}],"replies":[{"embeddable":true,"href":"https:\/\/www.diarioimagen.net\/index.php?rest_route=%2Fwp%2Fv2%2Fcomments&post=679961"}],"version-history":[{"count":1,"href":"https:\/\/www.diarioimagen.net\/index.php?rest_route=\/wp\/v2\/posts\/679961\/revisions"}],"predecessor-version":[{"id":679963,"href":"https:\/\/www.diarioimagen.net\/index.php?rest_route=\/wp\/v2\/posts\/679961\/revisions\/679963"}],"wp:featuredmedia":[{"embeddable":true,"href":"https:\/\/www.diarioimagen.net\/index.php?rest_route=\/wp\/v2\/media\/679962"}],"wp:attachment":[{"href":"https:\/\/www.diarioimagen.net\/index.php?rest_route=%2Fwp%2Fv2%2Fmedia&parent=679961"}],"wp:term":[{"taxonomy":"category","embeddable":true,"href":"https:\/\/www.diarioimagen.net\/index.php?rest_route=%2Fwp%2Fv2%2Fcategories&post=679961"},{"taxonomy":"post_tag","embeddable":true,"href":"https:\/\/www.diarioimagen.net\/index.php?rest_route=%2Fwp%2Fv2%2Ftags&post=679961"}],"curies":[{"name":"wp","href":"https:\/\/api.w.org\/{rel}","templated":true}]}}