{"id":680516,"date":"2025-08-18T19:53:02","date_gmt":"2025-08-19T01:53:02","guid":{"rendered":"https:\/\/www.diarioimagen.net\/?p=680516"},"modified":"2025-08-18T19:53:02","modified_gmt":"2025-08-19T01:53:02","slug":"gutierrez-muller-niega-vivir-en-espana-pero-su-hijo-esta-inscrito-en-la-complutense","status":"publish","type":"post","link":"https:\/\/www.diarioimagen.net\/?p=680516","title":{"rendered":"Guti\u00e9rrez M\u00fcller niega vivir en Espa\u00f1a,  pero su hijo est\u00e1 inscrito en la Complutense"},"content":{"rendered":"<p><strong>CLASE POLITICA\u00a0<\/strong>Miguel \u00c1ngel Rivera<\/p>\n<p><strong>\u00a0<\/strong><\/p>\n<p>&nbsp;<\/p>\n<p>Otra muestra del por qu\u00e9 el gobierno de la llamada Cuarta Transformaci\u00f3n decidi\u00f3 desaparecer a un Poder Judicial independiente y aut\u00f3nomo por otro totalmente sometido.<\/p>\n<p>La evidencia la dio, claro, sin propon\u00e9rselo, la ex (no)primera dama Beatriz Guti\u00e9rrez M\u00fcller (Mueller, escribi\u00f3 ella), al refutar las revelaciones en el sentido de que ser\u00e1 o es residente de La Moraleja, el barrio m\u00e1s exclusivo de la capital de Espa\u00f1a, Madrid, y probablemente de toda la repudiada por los \u201cmorenos\u201d \u201cMadre Patria\u201d.<\/p>\n<p>La esposa de L\u00f3pez Obrador y azote de Espa\u00f1a se muda a Madrid, public\u00f3 el diario espa\u00f1ol, que aseguraba que la historiadora se habr\u00eda mudado con su hijo Jes\u00fas Ernesto a la capital de Espa\u00f1a, ya que iba a estudiar Derecho en la Universidad Complutense de Madrid.<\/p>\n<p>La informaci\u00f3n original acerca de las supuestas acciones de la ex (no)primera dama mexicana para instalarse en el exclusivo barrio madrile\u00f1o la dio el diario espa\u00f1ol\u00a0<strong><em>El Pa\u00eds<\/em><\/strong>, el mismo que antes hab\u00eda dado cuenta de los tr\u00e1mites de Guti\u00e9rrez M\u00fcller (o Mueller) para adquirir la nacionalidad espa\u00f1ola, a la que tiene derecho por su abuelo que dej\u00f3 el Viejo Continente para refugiarse en M\u00e9xico.<\/p>\n<p>La historiadora neg\u00f3 haberse mudado a Espa\u00f1a con el hijo que tiene en com\u00fan con el ex presidente Andr\u00e9s Manuel L\u00f3pez Obrador.<\/p>\n<p>\u201cMe dedico, desde hace d\u00e9cadas, a la docencia e investigaci\u00f3n en una universidad p\u00fablica de mi pa\u00eds, donde contin\u00fao trabajando, y desde luego no me he ido a vivir all\u00ed ni a ning\u00fan otro lado. Tampoco Jes\u00fas\u00a0Ernesto\u201d, ha escrito.<\/p>\n<p>En respuesta, los chairos de las redes y los bots contratados por el ex vocero presidencial y ahora jefe de asesores de la Presidencia, Jes\u00fas Ram\u00edrez Cuevas, le preguntaron si demandar\u00eda al diario espa\u00f1ol -y, probablemente, tambi\u00e9n a los periodistas mexicanos que le dieron continuidad a la versi\u00f3n- la ex (no)primera dama dio una respuesta ambigua acerca de su situaci\u00f3n personal y familiar, pero puso en evidencia el por qu\u00e9 la llamada Cuarta Transformaci\u00f3n quiere tener el control de los jueces de todo el pa\u00eds.<\/p>\n<p>\u201cUna buena: entrar\u00e1 en funciones el nuevo Poder Judicial y est\u00e1 la opci\u00f3n real de denunciarlos y que se haga justicia\u201d, escribi\u00f3 Guti\u00e9rrez M\u00fcller en sus redes sociales, en las que estuvo muy activa desde primera hora, pues su carta de desmentido a\u00a0<strong><em>El Pa\u00eds<\/em><\/strong>\u00a0apareci\u00f3 desde las siete de la ma\u00f1ana, lo que evidencia que recibi\u00f3 inmediatos informes desde la Pen\u00ednsula, debido a la diferencia horaria.<\/p>\n<p>\u201cEstoy enamorada de ese hombre y de mi hijito. Somos una familia muy unida a la cual han vilipendiado por los ideales de ese loco hermoso llamado AMLO. Estamos siempre en resistencia\u201d, escribi\u00f3 tambi\u00e9n la profesora universitaria, aunque no aclara c\u00f3mo es posible que a pesar de sus estrechos v\u00ednculos se animar\u00eda a dejar s\u00f3lo en la capital espa\u00f1ola a su entra\u00f1able hijo. \u00bfSi no es en La Moraleja, en d\u00f3nde va a vivir Jes\u00fas Ernesto mientras estudia en la Complutense? \u00bfLo acompa\u00f1ar\u00e1 en ese periodo su madre?<\/p>\n<p>Esto tambi\u00e9n lleva a otras dudas. Durante sus estudios de nivel medio en Londres \u00bfd\u00f3nde viv\u00eda Jes\u00fas Ernesto? \u00bfTuvo la compa\u00f1\u00eda de su madre? \u00bfC\u00f3mo se sufragaron sus gastos? El salario de un profesor universitario en M\u00e9xico ni las regal\u00edas por la edici\u00f3n de sus libros, como lo declara su madre, no resulta suficiente para sostener esos gastos. Tampoco resulta probable que los pueda sostener su padre, que elimin\u00f3 las pensiones a los ex presidentes y s\u00f3lo lleva 200 pesos en su cartera, sin tener cuentas bancarias ni tarjetas de cr\u00e9dito, adem\u00e1s de que tiene que afrontar los gastos de su finca de \u201cLa Chingada\u201d.<\/p>\n<p>\u00bfLa empresa familiar \u201cChocolates Roc\u00edo\u201d dejar\u00e1 suficientes utilidades como para pagar los viajes, los lujos de sus hermanos mayores y, adem\u00e1s, para cubrir los costos de colegiaturas y residencia en el extranjero?<\/p>\n<p>Por lo dem\u00e1s, con esos estudios en el extranjero, alentado por su madre, contradice los comentarios de su padre, quien como Presidente de la Rep\u00fablica descalific\u00f3 a todos los profesionales con grados acad\u00e9micos obtenidos en universidades de otros pa\u00eds, con lo cual afect\u00f3 a sus propios colaboradores, incluida su heredera al frente del Ejecutivo federal, Claudia Sheinbaum Pardo, quien obtuvo un doctorado en Berkeley.<\/p>\n<p>El 6 de agosto de 2021, al defender su iniciativa para la revocaci\u00f3n mandato, el ex presidente L\u00f3pez sostuvo que\u00a0\u00ablos que van a\u00a0<em>estudiar<\/em>\u00a0a Harvard o en el\u00a0<em>extranjero<\/em>\u00a0aprenden a robar&#8230; es una mentalidad elitista, clasista, racista\u00bb.<\/p>\n<p>\u201cImag\u00ednense, los que han estudiado en Harvard o en otras universidades del extranjero y aprenden a robar, a eso van, o a ayudar a que roben otros y que ellos reciban migajas del bot\u00edn. \u00bfPara qu\u00e9 entonces estudiar en esas circunstancias? Pero existe esa mentalidad, es una mentalidad elitista, clasista, racista\u201d, dijo el mandatario que en breve, a partir del mes venidero tendr\u00e1 a un hijo inscrito en una Universidad de un pa\u00eds al que, adem\u00e1s, no disculpa por haber explotado a los pueblos originarios de Am\u00e9rica. Esto, adem\u00e1s de que Jes\u00fas Ernesto estudi\u00f3 el bachillerato en otra de las capitales del imperialismo, Londres.<\/p>\n<p>Por lo pronto, la presidenta (con A) Sheinbaum dej\u00f3 a un lado cualquier resabio por las cr\u00edticas a los graduados en el extranjero y se sum\u00f3 a la defensa de la familia L\u00f3pez Guti\u00e9rrez.<\/p>\n<p>En\u00a0su conferencia ma\u00f1anera, al defender a Guti\u00e9rrez M\u00fcller destac\u00f3 que \u201csale en el peri\u00f3dico espa\u00f1ol de derecha, el <strong><em>ABC<\/em><\/strong>, que se fue a vivir a Espa\u00f1a y todos los coment\u00f3cratas criticando\u201d, dijo, \u201cya respondi\u00f3, ya me coment\u00f3 hace rato, ella vive en M\u00e9xico, ah, pero la mentira\u2026\u201d.<\/p>\n<p>La jefa del Ejecutivo aprovech\u00f3 para reavivar su campa\u00f1a en contra de los periodistas no sometidos a los mandatos de la llamada Cuarta Transformaci\u00f3n, lo que caus\u00f3 indignaci\u00f3n entre los colegas, al grado que Joaqu\u00edn L\u00f3pez D\u00f3riga expres\u00f3 en su programa de mediod\u00eda estar dispuesto a refutar cualquier denuncia en su contra.<\/p>\n<p>Otra demostraci\u00f3n de lo que es y lo que se espera de la \u201cnueva justicia\u201d impulsada por la llamada Cuarta Transformaci\u00f3n es la decisi\u00f3n del incondicional Instituto Nacional Electoral (INE), al entregar a sus constancias de mayor\u00eda a 45 candidatos a jueces a los que anteriormente hab\u00eda rechazado por no cumplir los requisitos m\u00ednimos en la convocatoria para renovar el Poder Judicial, como parte de la reforma impuesta por la mayor\u00eda oficialista en el Congreso de la Uni\u00f3n a petici\u00f3n del Ejecutivo federal, eso s\u00ed, \u201csin cambiarle ni una coma\u201d.<\/p>\n<p>A pesar de la trascendencia de tareas tan complejas como la administraci\u00f3n de justicia y la aplicaci\u00f3n de las leyes requiere de profesionales de alto nivel acad\u00e9mico, en sus prisas por quedar bien con el caudillo, los comisionados de los poderes Ejecutivo y Legislativo no revisaron debidamente los expedientes de los candidatos a integrar el nuevo Poder Judicial y dejaron pasar a decenas que no cumpl\u00edan con el requisito m\u00ednimo de haber alcanzado un promedio de calificaciones superior a ocho o nueve, seg\u00fan el cargo al que aspiran.<\/p>\n<p>En un gesto de la perdida autonom\u00eda, los consejeros electorales decidieron negarles su constancia de mayor\u00eda a quienes no cumpl\u00edan con esa cl\u00e1usula elemental.<\/p>\n<p>Tal decisi\u00f3n no se mantuvo vigente mucho tiempo, pues ante las prisas de completar el proceso para cumplirle a la llamada Cuarta Transformaci\u00f3n, el tambi\u00e9n sometido Tribunal Electoral del Poder Judicial (TEPJF) determin\u00f3 invalidar la decisi\u00f3n de los consejeros electorales y dar la raz\u00f3n a los futuros juzgadores privados de sus constancias.<\/p>\n<p>Los magistrados sostuvieron que el INE carece de facultades para interpretar quienes cumpl\u00edan con requisitos de elegibilidad, y s\u00f3lo los comit\u00e9s de los tres poderes de la Uni\u00f3n tuvieron esa tarea. Es decir, reconocieron que los candidatos no cumpl\u00edan los requisitos fijados en la convocatoria, pero dieron por v\u00e1lida la decisi\u00f3n de los comit\u00e9s de los podres Ejecutivo y Legislativo, a pesar de que evidentemente no cumplieron con su responsabilidad.<\/p>\n<p>En esta circunstancia, adem\u00e1s, resulta imposible cargar alguna culpa al Poder Judicial, pues los integrantes de su comit\u00e9 responsable de revisar expedientes renunciaron de manera anticipada por no estar de acuerdo con los procedimientos y, en sustituci\u00f3n, entr\u00f3 la comisi\u00f3n del Poder Legislativo que, las evidencias lo demuestran, no supo cumplir, por lo que en el futuro inmediato tendremos un cuadro de juzgadores mediocres.<\/p>\n<p>\u201cCon estas mulas tenemos que arar\u201d, dir\u00e1n los abogados.<\/p>\n<p>&nbsp;<\/p>\n","protected":false},"excerpt":{"rendered":"<p>CLASE POLITICA\u00a0Miguel \u00c1ngel Rivera \u00a0 &nbsp; Otra muestra del por qu\u00e9 el gobierno de la llamada Cuarta Transformaci\u00f3n decidi\u00f3 desaparecer a un Poder Judicial independiente y aut\u00f3nomo por otro totalmente sometido. La evidencia la dio, claro, sin propon\u00e9rselo, la ex (no)primera dama Beatriz Guti\u00e9rrez M\u00fcller (Mueller, escribi\u00f3 ella), al refutar las revelaciones en el sentido [&hellip;]<\/p>\n","protected":false},"author":14,"featured_media":0,"comment_status":"open","ping_status":"open","sticky":false,"template":"","format":"standard","meta":{"_monsterinsights_skip_tracking":false,"_monsterinsights_sitenote_active":false,"_monsterinsights_sitenote_note":"","_monsterinsights_sitenote_category":0,"footnotes":""},"categories":[84119,4],"tags":[],"class_list":["post-680516","post","type-post","status-publish","format-standard","hentry","category-miguel-angel-rivera","category-opinion"],"_links":{"self":[{"href":"https:\/\/www.diarioimagen.net\/index.php?rest_route=\/wp\/v2\/posts\/680516","targetHints":{"allow":["GET"]}}],"collection":[{"href":"https:\/\/www.diarioimagen.net\/index.php?rest_route=\/wp\/v2\/posts"}],"about":[{"href":"https:\/\/www.diarioimagen.net\/index.php?rest_route=\/wp\/v2\/types\/post"}],"author":[{"embeddable":true,"href":"https:\/\/www.diarioimagen.net\/index.php?rest_route=\/wp\/v2\/users\/14"}],"replies":[{"embeddable":true,"href":"https:\/\/www.diarioimagen.net\/index.php?rest_route=%2Fwp%2Fv2%2Fcomments&post=680516"}],"version-history":[{"count":1,"href":"https:\/\/www.diarioimagen.net\/index.php?rest_route=\/wp\/v2\/posts\/680516\/revisions"}],"predecessor-version":[{"id":680517,"href":"https:\/\/www.diarioimagen.net\/index.php?rest_route=\/wp\/v2\/posts\/680516\/revisions\/680517"}],"wp:attachment":[{"href":"https:\/\/www.diarioimagen.net\/index.php?rest_route=%2Fwp%2Fv2%2Fmedia&parent=680516"}],"wp:term":[{"taxonomy":"category","embeddable":true,"href":"https:\/\/www.diarioimagen.net\/index.php?rest_route=%2Fwp%2Fv2%2Fcategories&post=680516"},{"taxonomy":"post_tag","embeddable":true,"href":"https:\/\/www.diarioimagen.net\/index.php?rest_route=%2Fwp%2Fv2%2Ftags&post=680516"}],"curies":[{"name":"wp","href":"https:\/\/api.w.org\/{rel}","templated":true}]}}