{"id":680524,"date":"2025-08-18T21:08:12","date_gmt":"2025-08-19T03:08:12","guid":{"rendered":"https:\/\/www.diarioimagen.net\/?p=680524"},"modified":"2025-08-18T21:08:12","modified_gmt":"2025-08-19T03:08:12","slug":"marti-batres-hizo-entrega-de-constancias-de-finiquito-a-acreditados-del-fovissste","status":"publish","type":"post","link":"https:\/\/www.diarioimagen.net\/?p=680524","title":{"rendered":"Mart\u00ed Batres hizo entrega  de constancias de finiquito  a acreditados del FOVISSSTE"},"content":{"rendered":"<p>&nbsp;<\/p>\n<p>&nbsp;<\/p>\n<ul>\n<li><strong>Adeudos elevados fueron cancelados<\/strong><\/li>\n<\/ul>\n<div id=\"attachment_680525\" style=\"width: 415px\" class=\"wp-caption alignnone\"><img loading=\"lazy\" decoding=\"async\" aria-describedby=\"caption-attachment-680525\" class=\"wp-image-680525 size-large\" src=\"https:\/\/www.diarioimagen.net\/wp-content\/uploads\/2025\/08\/ISSSTE-ok-6-405x270.jpg\" alt=\"\" width=\"405\" height=\"270\" srcset=\"https:\/\/www.diarioimagen.net\/wp-content\/uploads\/2025\/08\/ISSSTE-ok-6-405x270.jpg 405w, https:\/\/www.diarioimagen.net\/wp-content\/uploads\/2025\/08\/ISSSTE-ok-6-240x160.jpg 240w, https:\/\/www.diarioimagen.net\/wp-content\/uploads\/2025\/08\/ISSSTE-ok-6-768x512.jpg 768w, https:\/\/www.diarioimagen.net\/wp-content\/uploads\/2025\/08\/ISSSTE-ok-6.jpg 1500w\" sizes=\"auto, (max-width: 405px) 100vw, 405px\" \/><p id=\"caption-attachment-680525\" class=\"wp-caption-text\">Mart\u00ed Batres Guadarrama, director general del ISSSTE, realiz\u00f3 la entrega simb\u00f3lica de tres de 448 constancias de finiquito a acreditados del FOVISSSTE, en la sucursal del SuperISSSTE \u201cZaragoza\u201d, en Iztapalapa.<\/p><\/div>\n<p>El director general del Instituto de Seguridad y Servicios Sociales de los Trabajadores del Estado (ISSSTE), Mart\u00ed Batres Guadarrama, realiz\u00f3 la entrega simb\u00f3lica de tres de 448 constancias de finiquito a acreditados del Fondo de la Vivienda (FOVISSSTE) en la sucursal del SuperISSSTE \u201cZaragoza\u201d, en la Alcald\u00eda Iztapalapa, donde destac\u00f3 que las personas que recibieron su documento ya no tienen esta deuda.<\/p>\n<p>&nbsp;<\/p>\n<p>\u201cD\u00e9jenme decirles, en este caso, para esta reuni\u00f3n, todas y todos ustedes tienen su deuda liquidada, se van de este acto sin deuda alguna. Eso quiere decir que no estamos entregando solamente un papel, una constancia, un finiquito, estamos entreg\u00e1ndole a cada quien la vivienda que hace a\u00f1os solicit\u00f3 al ISSSTE y al FOVISSSTE\u201d, subray\u00f3.<\/p>\n<p>&nbsp;<\/p>\n<p>El director general del ISSSTE coment\u00f3 que en esta jornada se entregaron una serie de finiquitos de diversos tama\u00f1os, como el caso de Enoch Ortiz Montejo, quien ten\u00eda un cr\u00e9dito inicial de 498 mil pesos, ha pagado un mill\u00f3n 18 mil, pero todav\u00eda deb\u00eda 821 mil; o el de Consuelo Alfaro Blasio, cuya deuda original eran 468 mil pesos, hab\u00eda entregado 953 mil, pero le faltaba por pagar 952 mil, y Blanca Rosal\u00eda Santander Conriquez, que hab\u00eda recibido un cr\u00e9dito de 435 mil pesos, hab\u00eda liquidado 884 mil y, no obstante, deb\u00eda 933 mil.<\/p>\n<p>&nbsp;<\/p>\n<p>\u201cBueno, quiero decirles que estos tres voluminosos adeudos que acabo de mencionar est\u00e1n totalmente cancelados, ya no tienen deuda nuestros amigos acreditados del FOVISSSTE. No solo ya no tienen deuda, sino que se les van a hacer algunas devoluciones: aqu\u00ed a la se\u00f1ora Blanca Rosal\u00eda de 19 mil pesos; al se\u00f1or Montejo, de 10 mil pesos; y la se\u00f1ora Blasio de 23 mil pesos. Es decir, con eso se toma una decisi\u00f3n elemental de justicia social y tambi\u00e9n l\u00f3gica, racional\u201d, asegur\u00f3.<\/p>\n<p>&nbsp;<\/p>\n<p>La vocal ejecutiva del FOVISSSTE, Jabnely Maldonado Meza, coment\u00f3 que gracias a este programa, el Fondo de Vivienda ha liquidado los cr\u00e9ditos que ya se pagaron dos o m\u00e1s veces, los que tienen 30 a\u00f1os de antig\u00fcedad, los que solamente tienen un saldo del 10 por ciento y tambi\u00e9n, se\u00f1al\u00f3, a trav\u00e9s de este, las personas pensionadas y jubiladas tuvieron ya su condonaci\u00f3n de intereses y la quita por el monto que ya no se alcanz\u00f3 a pagar.<\/p>\n<p>&nbsp;<\/p>\n<p>\u201cTambi\u00e9n gracias a este programa las personas que est\u00e1n fuera del sector p\u00fablico tienen condonaci\u00f3n de intereses y descuento. Gracias a este programa las personas que trabajaron en la extinta Polic\u00eda Federal tienen ya un camino para poder liquidar sus cr\u00e9ditos y tener certeza jur\u00eddica. (&#8230;) Quiero compartir con ustedes que la Presidenta, la doctora Claudia Sheinbaum Pardo, emiti\u00f3 un decreto que nos permiti\u00f3 hacer el programa de justicia social del FOVISSSTE y gracias a este programa hemos ayudado a muchas y muchos acreditados; estamos recomponiendo los cr\u00e9ditos, pero sobre todo estamos restituyendo derechos de la derechohabiencia\u201d, se\u00f1al\u00f3.<\/p>\n<p>&nbsp;<\/p>\n<p>Asimismo, la acreditada del FOVISSSTE, Blanca Rosal\u00eda Santander Conriquez, agradeci\u00f3, a nombre de las y los acreditados asistentes, la entrega de sus finiquitos, ya que a la fecha continuaba con la esperanza de alg\u00fan d\u00eda tener certeza jur\u00eddica sobre su patrimonio.<\/p>\n<p>&nbsp;<\/p>\n<p>\u201cFui secretaria y labor\u00e9 durante casi 30 a\u00f1os en el Servicio de Administraci\u00f3n Tributaria. Actualmente me encuentro jubilada y vengo a recibir con mucha emoci\u00f3n y agradecimiento mi carta finiquito del cr\u00e9dito FOVISSSTE. (&#8230;) En este d\u00eda soy muy afortunada en recibir este grandioso beneficio, el cual condon\u00f3 mi adeudo. Ahora yo solo puedo decir que mi departamento es de mi propiedad\u201d, concluy\u00f3.<\/p>\n<p>&nbsp;<\/p>\n<p>&nbsp;<\/p>\n","protected":false},"excerpt":{"rendered":"<p>&nbsp; &nbsp; Adeudos elevados fueron cancelados El director general del Instituto de Seguridad y Servicios Sociales de los Trabajadores del Estado (ISSSTE), Mart\u00ed Batres Guadarrama, realiz\u00f3 la entrega simb\u00f3lica de tres de 448 constancias de finiquito a acreditados del Fondo de la Vivienda (FOVISSSTE) en la sucursal del SuperISSSTE \u201cZaragoza\u201d, en la Alcald\u00eda Iztapalapa, donde [&hellip;]<\/p>\n","protected":false},"author":14,"featured_media":680525,"comment_status":"open","ping_status":"open","sticky":false,"template":"","format":"standard","meta":{"_monsterinsights_skip_tracking":false,"_monsterinsights_sitenote_active":false,"_monsterinsights_sitenote_note":"","_monsterinsights_sitenote_category":0,"footnotes":""},"categories":[3],"tags":[],"class_list":["post-680524","post","type-post","status-publish","format-standard","has-post-thumbnail","hentry","category-nacional"],"_links":{"self":[{"href":"https:\/\/www.diarioimagen.net\/index.php?rest_route=\/wp\/v2\/posts\/680524","targetHints":{"allow":["GET"]}}],"collection":[{"href":"https:\/\/www.diarioimagen.net\/index.php?rest_route=\/wp\/v2\/posts"}],"about":[{"href":"https:\/\/www.diarioimagen.net\/index.php?rest_route=\/wp\/v2\/types\/post"}],"author":[{"embeddable":true,"href":"https:\/\/www.diarioimagen.net\/index.php?rest_route=\/wp\/v2\/users\/14"}],"replies":[{"embeddable":true,"href":"https:\/\/www.diarioimagen.net\/index.php?rest_route=%2Fwp%2Fv2%2Fcomments&post=680524"}],"version-history":[{"count":1,"href":"https:\/\/www.diarioimagen.net\/index.php?rest_route=\/wp\/v2\/posts\/680524\/revisions"}],"predecessor-version":[{"id":680526,"href":"https:\/\/www.diarioimagen.net\/index.php?rest_route=\/wp\/v2\/posts\/680524\/revisions\/680526"}],"wp:featuredmedia":[{"embeddable":true,"href":"https:\/\/www.diarioimagen.net\/index.php?rest_route=\/wp\/v2\/media\/680525"}],"wp:attachment":[{"href":"https:\/\/www.diarioimagen.net\/index.php?rest_route=%2Fwp%2Fv2%2Fmedia&parent=680524"}],"wp:term":[{"taxonomy":"category","embeddable":true,"href":"https:\/\/www.diarioimagen.net\/index.php?rest_route=%2Fwp%2Fv2%2Fcategories&post=680524"},{"taxonomy":"post_tag","embeddable":true,"href":"https:\/\/www.diarioimagen.net\/index.php?rest_route=%2Fwp%2Fv2%2Ftags&post=680524"}],"curies":[{"name":"wp","href":"https:\/\/api.w.org\/{rel}","templated":true}]}}