{"id":680708,"date":"2025-08-19T19:40:24","date_gmt":"2025-08-20T01:40:24","guid":{"rendered":"https:\/\/www.diarioimagen.net\/?p=680708"},"modified":"2025-08-19T19:40:24","modified_gmt":"2025-08-20T01:40:24","slug":"asigna-issste-mas-de-26-mil-prestamos-personales-en-el-vigesimo-sorteo-del-ano","status":"publish","type":"post","link":"https:\/\/www.diarioimagen.net\/?p=680708","title":{"rendered":"Asigna ISSSTE m\u00e1s de 26 mil  pr\u00e9stamos personales en el  vig\u00e9simo sorteo del a\u00f1o"},"content":{"rendered":"<ul>\n<li><strong>El pr\u00f3ximo ser\u00e1 el 28 de agosto<\/strong><\/li>\n<\/ul>\n<p><strong>\u00a0<\/strong><\/p>\n<div id=\"attachment_680709\" style=\"width: 470px\" class=\"wp-caption alignnone\"><img loading=\"lazy\" decoding=\"async\" aria-describedby=\"caption-attachment-680709\" class=\"wp-image-680709 size-large\" src=\"https:\/\/www.diarioimagen.net\/wp-content\/uploads\/2025\/08\/ISSSTE-1-ok-460x224.jpg\" alt=\"\" width=\"460\" height=\"224\" srcset=\"https:\/\/www.diarioimagen.net\/wp-content\/uploads\/2025\/08\/ISSSTE-1-ok-460x224.jpg 460w, https:\/\/www.diarioimagen.net\/wp-content\/uploads\/2025\/08\/ISSSTE-1-ok-240x117.jpg 240w, https:\/\/www.diarioimagen.net\/wp-content\/uploads\/2025\/08\/ISSSTE-1-ok-768x374.jpg 768w, https:\/\/www.diarioimagen.net\/wp-content\/uploads\/2025\/08\/ISSSTE-1-ok.jpg 1500w\" sizes=\"auto, (max-width: 460px) 100vw, 460px\" \/><p id=\"caption-attachment-680709\" class=\"wp-caption-text\">En el vig\u00e9simo sorteo convencional del Programa Anual de Pr\u00e9stamos Personales 2025, del ISSSTE, se asignaron 26 mil 691 cr\u00e9ditos.<\/p><\/div>\n<p>&nbsp;<\/p>\n<p>El Instituto de Seguridad y Servicios Sociales de los Trabajadores del Estado (ISSSTE), encabezado por el director general Mart\u00ed Batres Guadarrama, informa que en el vig\u00e9simo sorteo convencional del Programa Anual de Pr\u00e9stamos Personales 2025 se asignaron 26 mil 691 cr\u00e9ditos, es decir, salieron todos aquellos que cumplieron los requisitos.<\/p>\n<p>&nbsp;<\/p>\n<p>La distribuci\u00f3n por tipo de pr\u00e9stamo personal fue de 9 mil 908 pr\u00e9stamos ordinarios; mil 599 pr\u00e9stamos exclusivos para pensionados; 11 mil 042 pr\u00e9stamos especiales; y 4 mil 142 pr\u00e9stamos conmemorativos.<\/p>\n<p>&nbsp;<\/p>\n<p>El pr\u00f3ximo sorteo ser\u00e1 el 28 de agosto, exclusivo por el D\u00eda Nacional de las Personas Adultas Mayores, y los resultados podr\u00e1n ser consultados el mismo d\u00eda a partir de las 21:00 horas. Podr\u00e1n participar todos aquellos registrados hasta el d\u00eda 27 de agosto.<\/p>\n<p>&nbsp;<\/p>\n<p>Para iniciar la inscripci\u00f3n, las y los participantes deber\u00e1n ingresar al portal https:\/\/asissste.issste.gob.mx\/, seleccionar la pesta\u00f1a \u201cEcon\u00f3micas\u201d y darle clic a la opci\u00f3n \u201cRegistro al sorteo electr\u00f3nico\u201d.<\/p>\n<p>&nbsp;<\/p>\n<p>Es importante destacar que todos los tr\u00e1mites que realiza el ISSSTE son totalmente gratuitos y sin intermediarios, por lo que todos los procedimientos son de manera personal.<\/p>\n<p>&nbsp;<\/p>\n<p>El ISSSTE, encabezado por Mart\u00ed Batres Guadarrama, contribuye al bienestar financiero de las personas trabajadoras, pensionadas y jubiladas, a trav\u00e9s del otorgamiento de estos pr\u00e9stamos.<\/p>\n<p>&nbsp;<\/p>\n<p>&nbsp;<\/p>\n<p>&nbsp;<\/p>\n<p>&nbsp;<\/p>\n","protected":false},"excerpt":{"rendered":"<p>El pr\u00f3ximo ser\u00e1 el 28 de agosto \u00a0 &nbsp; El Instituto de Seguridad y Servicios Sociales de los Trabajadores del Estado (ISSSTE), encabezado por el director general Mart\u00ed Batres Guadarrama, informa que en el vig\u00e9simo sorteo convencional del Programa Anual de Pr\u00e9stamos Personales 2025 se asignaron 26 mil 691 cr\u00e9ditos, es decir, salieron todos aquellos [&hellip;]<\/p>\n","protected":false},"author":14,"featured_media":680709,"comment_status":"open","ping_status":"open","sticky":false,"template":"","format":"standard","meta":{"_monsterinsights_skip_tracking":false,"_monsterinsights_sitenote_active":false,"_monsterinsights_sitenote_note":"","_monsterinsights_sitenote_category":0,"footnotes":""},"categories":[3],"tags":[],"class_list":["post-680708","post","type-post","status-publish","format-standard","has-post-thumbnail","hentry","category-nacional"],"_links":{"self":[{"href":"https:\/\/www.diarioimagen.net\/index.php?rest_route=\/wp\/v2\/posts\/680708","targetHints":{"allow":["GET"]}}],"collection":[{"href":"https:\/\/www.diarioimagen.net\/index.php?rest_route=\/wp\/v2\/posts"}],"about":[{"href":"https:\/\/www.diarioimagen.net\/index.php?rest_route=\/wp\/v2\/types\/post"}],"author":[{"embeddable":true,"href":"https:\/\/www.diarioimagen.net\/index.php?rest_route=\/wp\/v2\/users\/14"}],"replies":[{"embeddable":true,"href":"https:\/\/www.diarioimagen.net\/index.php?rest_route=%2Fwp%2Fv2%2Fcomments&post=680708"}],"version-history":[{"count":1,"href":"https:\/\/www.diarioimagen.net\/index.php?rest_route=\/wp\/v2\/posts\/680708\/revisions"}],"predecessor-version":[{"id":680710,"href":"https:\/\/www.diarioimagen.net\/index.php?rest_route=\/wp\/v2\/posts\/680708\/revisions\/680710"}],"wp:featuredmedia":[{"embeddable":true,"href":"https:\/\/www.diarioimagen.net\/index.php?rest_route=\/wp\/v2\/media\/680709"}],"wp:attachment":[{"href":"https:\/\/www.diarioimagen.net\/index.php?rest_route=%2Fwp%2Fv2%2Fmedia&parent=680708"}],"wp:term":[{"taxonomy":"category","embeddable":true,"href":"https:\/\/www.diarioimagen.net\/index.php?rest_route=%2Fwp%2Fv2%2Fcategories&post=680708"},{"taxonomy":"post_tag","embeddable":true,"href":"https:\/\/www.diarioimagen.net\/index.php?rest_route=%2Fwp%2Fv2%2Ftags&post=680708"}],"curies":[{"name":"wp","href":"https:\/\/api.w.org\/{rel}","templated":true}]}}