{"id":680935,"date":"2025-08-20T22:08:12","date_gmt":"2025-08-21T04:08:12","guid":{"rendered":"https:\/\/www.diarioimagen.net\/?p=680935"},"modified":"2025-08-20T22:08:12","modified_gmt":"2025-08-21T04:08:12","slug":"concanaco-servytur-y-sectur-unen-esfuerzos-para-consolidar-a-mexico-como-una-potencia-turistica","status":"publish","type":"post","link":"https:\/\/www.diarioimagen.net\/?p=680935","title":{"rendered":"Concanaco Servytur y  Sectur unen esfuerzos para  consolidar a M\u00e9xico como  una potencia tur\u00edstica  \u00a0"},"content":{"rendered":"<ul>\n<li><strong>Parte del Plan M\u00e9xico<\/strong><\/li>\n<li><strong>M\u00e1s de 3 mil prestadores de servicios se han sumado a la Campa\u00f1a Nacional de Autoverificaci\u00f3n Tur\u00edstica 2025<\/strong><\/li>\n<\/ul>\n<div id=\"attachment_680936\" style=\"width: 415px\" class=\"wp-caption alignnone\"><img loading=\"lazy\" decoding=\"async\" aria-describedby=\"caption-attachment-680936\" class=\"wp-image-680936 size-large\" src=\"https:\/\/www.diarioimagen.net\/wp-content\/uploads\/2025\/08\/SECTUR-ok-3-405x270.jpg\" alt=\"\" width=\"405\" height=\"270\" srcset=\"https:\/\/www.diarioimagen.net\/wp-content\/uploads\/2025\/08\/SECTUR-ok-3-405x270.jpg 405w, https:\/\/www.diarioimagen.net\/wp-content\/uploads\/2025\/08\/SECTUR-ok-3-240x160.jpg 240w, https:\/\/www.diarioimagen.net\/wp-content\/uploads\/2025\/08\/SECTUR-ok-3-768x512.jpg 768w, https:\/\/www.diarioimagen.net\/wp-content\/uploads\/2025\/08\/SECTUR-ok-3.jpg 1500w\" sizes=\"auto, (max-width: 405px) 100vw, 405px\" \/><p id=\"caption-attachment-680936\" class=\"wp-caption-text\">Josefina Rodr\u00edguez Zamora, titular de Sectur, particip\u00f3 en la reuni\u00f3n del Comit\u00e9 Ejecutivo de la Confederaci\u00f3n de C\u00e1maras Nacionales de Comercio, Servicios y Turismo de los Estados Unidos Mexicanos (Concanaco Servytur).<\/p><\/div>\n<p>La secretaria de Turismo, Josefina Rodr\u00edguez Zamora, particip\u00f3 en la reuni\u00f3n del Comit\u00e9 Ejecutivo de la Confederaci\u00f3n de C\u00e1maras Nacionales de Comercio, Servicios y Turismo de los Estados Unidos Mexicanos (Concanaco Servytur), donde expuso las estrategias impulsadas, desde el Gobierno de M\u00e9xico, para posicionar al pa\u00eds el quinto m\u00e1s visitado del mundo, objetivo establecido por la Presidenta de M\u00e9xico, Claudia Sheinbaum Pardo, como parte del Plan M\u00e9xico.<\/p>\n<p>\u201cYo les quiero pedir que seamos embajadores de nuestro propio pa\u00eds. S\u00e9 que, como en todos los pa\u00edses, hay retos, pero si somos una red de voces que digan: Ven a M\u00e9xico, porque somos el sexto pa\u00eds m\u00e1s visitado, con recursos naturales, cultura y una gente \u00fanica, entonces tendremos dos millones de embajadores tur\u00edsticos. Eso es lo que tenemos que lograr\u201d, declar\u00f3.<\/p>\n<p>Refrend\u00f3 la importancia de este encuentro como una oportunidad para consolidar la confianza entre autoridades e industria, y expuso las acciones que se desarrollan en materia de promoci\u00f3n, capacitaci\u00f3n y fortalecimiento del sector.<\/p>\n<p>Agradeci\u00f3 la invitaci\u00f3n del presidente de Concanaco Servytur, Octavio de la Torre de St\u00e9ffano, y enalteci\u00f3 la presencia de mujeres l\u00edderes en el pres\u00eddium, lo cual -a\u00f1adi\u00f3- refleja la creciente participaci\u00f3n femenina en el sector tur\u00edstico y empresarial del pa\u00eds.<\/p>\n<p>La titular de Sectur record\u00f3 que en julio se lanz\u00f3 la primera Campa\u00f1a Nacional de Autoverificaci\u00f3n Tur\u00edstica 2025, que permanecer\u00e1 abierta hasta el pr\u00f3ximo 30 de agosto, con el prop\u00f3sito de impulsar buenas pr\u00e1cticas entre las y los prestadores de servicios.<\/p>\n<p>Precis\u00f3 que, hasta la fecha, m\u00e1s de 3 mil prestadores de servicios tur\u00edsticos se han sumado a este ejercicio de autoverificaci\u00f3n voluntario, digital y proactivo, que les permite evaluar y demostrar su cumplimiento de manera aut\u00f3noma y transparente.<\/p>\n<p>Rodr\u00edguez Zamora destac\u00f3 que, como parte de la promoci\u00f3n en el exterior, M\u00e9xico tendr\u00e1 participaci\u00f3n en ocho roadshows en Estados Unidos y Canad\u00e1. Adem\u00e1s, durante 2026 \u2014a\u00f1o hist\u00f3rico para el turismo en M\u00e9xico\u2014, la marca M\u00e9xico estar\u00e1 presente en 15 ferias internacionales.<\/p>\n<p>Como parte de la pol\u00edtica de esta administraci\u00f3n para hacer del turismo un generador de Prosperidad Compartida, asegur\u00f3 que desde la Secretar\u00eda de Turismo se han puesto en marcha el Distintivo Comunitario y la Gu\u00eda de Experiencias Comunitarias.<\/p>\n<p>\u201cM\u00e9xico es la sexta potencia tur\u00edstica del mundo y, trabajando de la mano con el sector privado, lograremos consolidar un turismo m\u00e1s diverso, sustentable y de calidad, generando bienestar econ\u00f3mico y social para todas las comunidades\u201d, concluy\u00f3 la secretaria.<\/p>\n<p>&nbsp;<\/p>\n<p><strong>\u00a0<\/strong><\/p>\n<p><strong>\u00a0<\/strong><\/p>\n","protected":false},"excerpt":{"rendered":"<p>Parte del Plan M\u00e9xico M\u00e1s de 3 mil prestadores de servicios se han sumado a la Campa\u00f1a Nacional de Autoverificaci\u00f3n Tur\u00edstica 2025 La secretaria de Turismo, Josefina Rodr\u00edguez Zamora, particip\u00f3 en la reuni\u00f3n del Comit\u00e9 Ejecutivo de la Confederaci\u00f3n de C\u00e1maras Nacionales de Comercio, Servicios y Turismo de los Estados Unidos Mexicanos (Concanaco Servytur), donde [&hellip;]<\/p>\n","protected":false},"author":14,"featured_media":680936,"comment_status":"open","ping_status":"open","sticky":false,"template":"","format":"standard","meta":{"_monsterinsights_skip_tracking":false,"_monsterinsights_sitenote_active":false,"_monsterinsights_sitenote_note":"","_monsterinsights_sitenote_category":0,"footnotes":""},"categories":[11],"tags":[],"class_list":["post-680935","post","type-post","status-publish","format-standard","has-post-thumbnail","hentry","category-turismo"],"_links":{"self":[{"href":"https:\/\/www.diarioimagen.net\/index.php?rest_route=\/wp\/v2\/posts\/680935","targetHints":{"allow":["GET"]}}],"collection":[{"href":"https:\/\/www.diarioimagen.net\/index.php?rest_route=\/wp\/v2\/posts"}],"about":[{"href":"https:\/\/www.diarioimagen.net\/index.php?rest_route=\/wp\/v2\/types\/post"}],"author":[{"embeddable":true,"href":"https:\/\/www.diarioimagen.net\/index.php?rest_route=\/wp\/v2\/users\/14"}],"replies":[{"embeddable":true,"href":"https:\/\/www.diarioimagen.net\/index.php?rest_route=%2Fwp%2Fv2%2Fcomments&post=680935"}],"version-history":[{"count":1,"href":"https:\/\/www.diarioimagen.net\/index.php?rest_route=\/wp\/v2\/posts\/680935\/revisions"}],"predecessor-version":[{"id":680937,"href":"https:\/\/www.diarioimagen.net\/index.php?rest_route=\/wp\/v2\/posts\/680935\/revisions\/680937"}],"wp:featuredmedia":[{"embeddable":true,"href":"https:\/\/www.diarioimagen.net\/index.php?rest_route=\/wp\/v2\/media\/680936"}],"wp:attachment":[{"href":"https:\/\/www.diarioimagen.net\/index.php?rest_route=%2Fwp%2Fv2%2Fmedia&parent=680935"}],"wp:term":[{"taxonomy":"category","embeddable":true,"href":"https:\/\/www.diarioimagen.net\/index.php?rest_route=%2Fwp%2Fv2%2Fcategories&post=680935"},{"taxonomy":"post_tag","embeddable":true,"href":"https:\/\/www.diarioimagen.net\/index.php?rest_route=%2Fwp%2Fv2%2Ftags&post=680935"}],"curies":[{"name":"wp","href":"https:\/\/api.w.org\/{rel}","templated":true}]}}