{"id":680955,"date":"2025-08-20T22:22:51","date_gmt":"2025-08-21T04:22:51","guid":{"rendered":"https:\/\/www.diarioimagen.net\/?p=680955"},"modified":"2025-08-20T22:22:51","modified_gmt":"2025-08-21T04:22:51","slug":"alejandra-frausto-arranca-colibri-viajero-para-adultos-mayores","status":"publish","type":"post","link":"https:\/\/www.diarioimagen.net\/?p=680955","title":{"rendered":"Alejandra Frausto  arranca Colibr\u00ed Viajero  para adultos mayores"},"content":{"rendered":"<ul>\n<li><strong>Alianza Metropolitana de Turismo Social<\/strong><\/li>\n<li><strong>Viaje a Hidalgo, Morelos, Puebla, Guerrero, Edomex y Tlaxcala<\/strong><\/li>\n<\/ul>\n<p>&nbsp;<\/p>\n<div id=\"attachment_680956\" style=\"width: 415px\" class=\"wp-caption alignnone\"><img loading=\"lazy\" decoding=\"async\" aria-describedby=\"caption-attachment-680956\" class=\"wp-image-680956 size-large\" src=\"https:\/\/www.diarioimagen.net\/wp-content\/uploads\/2025\/08\/TURISMO-CDMX-ok-405x270.jpg\" alt=\"\" width=\"405\" height=\"270\" srcset=\"https:\/\/www.diarioimagen.net\/wp-content\/uploads\/2025\/08\/TURISMO-CDMX-ok-405x270.jpg 405w, https:\/\/www.diarioimagen.net\/wp-content\/uploads\/2025\/08\/TURISMO-CDMX-ok-240x160.jpg 240w, https:\/\/www.diarioimagen.net\/wp-content\/uploads\/2025\/08\/TURISMO-CDMX-ok-768x512.jpg 768w, https:\/\/www.diarioimagen.net\/wp-content\/uploads\/2025\/08\/TURISMO-CDMX-ok.jpg 1500w\" sizes=\"auto, (max-width: 405px) 100vw, 405px\" \/><p id=\"caption-attachment-680956\" class=\"wp-caption-text\">Alejandra Frausto Guerrero dio el banderazo de salida a los autobuses que llevar\u00e1n a mil 200 los adultos mayores inscritos Colibr\u00ed Viajero, en su modalidad Colibr\u00ed de Plata, quines van a disfrutar de los atractivos tur\u00edsticos de seis estados.<\/p><\/div>\n<p>La Secretaria de Turismo de la Ciudad de M\u00e9xico, Alejandra Frausto Guerrero, dio el simb\u00f3lico banderazo de salida a los autobuses que llevar\u00e1n a mil 200 los adultos mayores inscritos -280 en esta primera etapa-, quienes van a disfrutar de los atractivos tur\u00edsticos de seis estados de la Rep\u00fablica, aleda\u00f1os a la capital del pa\u00eds, en la continuaci\u00f3n de Colibr\u00ed Viajero, en su modalidad Colibr\u00ed de Plata, a fin de fortalecer el derecho a la inclusi\u00f3n de los capitalinos, con prioridad hacia personas en situaci\u00f3n vulnerable.<\/p>\n<p>De esta manera, expres\u00f3 la secretaria Frausto Guerrero, se da seguimiento a la firma de la Alianza Metropolitana de Turismo Social, que permite que los usuarios conozcan el patrimonio cultural y natural del que son poseedores, a trav\u00e9s de recorridos tur\u00edsticos gratuitos, hacia estados como Hidalgo, Morelos, Puebla, Guerrero, Estado de M\u00e9xico y Tlaxcala, en el ejercicio de un turismo equitativo con servicios dignos de calidad, accesibles y sin discriminaci\u00f3n.<\/p>\n<p>Reunidos frente al Auditorio Nacional, la funcionaria explic\u00f3 que durante los recorridos, los adultos mayores estar\u00e1n acompa\u00f1ados por gu\u00edas de turismo especializados y certificados, quienes resaltar\u00e1n la historia, la cultura, las tradiciones de los lugares que visiten y har\u00e1n realidad la socializaci\u00f3n del turismo en cada una de las entidades mencionadas, como un derecho para los habitantes de la CDMX. Al respecto hizo notar que son, en total, para esta temporada del Colibr\u00ed de Plata, mil 200 adultos mayores.<\/p>\n<p>La secretaria Frausto Guerrero entreg\u00f3 tambi\u00e9n reconocimientos a los Amigos Colibr\u00ed, entre otros, a M\u00f3nica Rojas, del Acuario Inbursa; a Jos\u00e9 Arturo Hern\u00e1ndez y Rodrigo \u00c1lvarez Cordero, del Acuario Michin Ciudad de M\u00e9xico; del Ballet Folkl\u00f3rico M\u00e9xico M\u00e1gico, Javier Aguilar Flores; a la empresa de transportaci\u00f3n tur\u00edstica Capital Bus, a Jos\u00e9 Luis de Alba; al Club Campestre Teotihuac\u00e1n, a Sandra Oviedo y Ana Luisa Hidalgo y a Granja Las Am\u00e9ricas, Graciela Dom\u00ednguez.<\/p>\n<p>La Secretar\u00eda de Turismo denomina Amigos Colibr\u00ed a los empresarios que de manera generosa y altruista colaboran con el Programa Colibr\u00ed para ofrecer servicios de acceso y transportaci\u00f3n gratis a los usuarios del mencionado programa, de manera que se haga realidad el derecho a la inclusi\u00f3n y la pr\u00e1ctica del turismo sin discriminaci\u00f3n, a aquellos capitalinos en condici\u00f3n socioecon\u00f3mica precaria o vulnerable.<\/p>\n<p>Este d\u00eda, 80 de los adultos mayores disfrutar\u00e1n la zona arqueol\u00f3gica de Teotihuac\u00e1n, en el Estado de M\u00e9xico. Los que visitar\u00e1n a Taxco, Guerrero, conocer\u00e1n las tiendas de plata de Santa Prisca; en Hidalgo, pasear\u00e1n por Pachuca y la antigua zona minera de Real del Monte; aquellos que vayan a Morelos, ir\u00e1n a Tepoztl\u00e1n y a la zona arqueol\u00f3gica de Xochicalco. En Tlaxcala, conocer\u00e1n Huamantla y en Puebla, visitar\u00e1n Cholula.<\/p>\n<p>El arranque del programa Colibr\u00ed Viajero, en su modalidad Colibr\u00ed de Plata, estuvo encabezado por la Secretaria, Alejandra Frausto, en representaci\u00f3n de la Jefa de Gobierno de la CDMX, Clara Brugada Molina. En el acto estuvieron tambi\u00e9n los responsables estatales de turismo en los estados mencionados: Fabricio Mena Rodr\u00edguez, Secretario de Turismo de Tlaxcala; Daniel Altafi Valladares, Secretario de Turismo de Morelos y Catalina Funes Cervantes, directora general de Turismo Social en representaci\u00f3n de Alejandro Villarejo, Secretario de Turismo de Taxco, Guerrero, quienes dieron el simb\u00f3lico banderazo de salida a los autobuses tur\u00edsticos.<\/p>\n<p>Igualmente Claudia Ben\u00edtez Guzm\u00e1n, Directora Ejecutiva Para una Vida Libre de Violencia, en representaci\u00f3n de la Secretaria de las Mujeres, Daphne Cuevas Ortiz, Secretaria de las Mujeres de la Ciudad de M\u00e9xico; Araceli Dami\u00e1n Gonz\u00e1lez, Secretaria de Bienestar e Igualdad Social de la Ciudad de M\u00e9xico; Juan Francisco Fuentes, director de Centros Gerontol\u00f3gicos y Campamentos Recreativos, en representaci\u00f3n de Gloria Tokunaga Casta\u00f1eda, Directora General de Integraci\u00f3n Social del DIF Nacional y Beatriz Rojas Mart\u00ednez, Directora General del Sistema para el Desarrollo Integral de la Familia de la Ciudad de M\u00e9xico.<\/p>\n<p>Estuvieron tambi\u00e9n Jos\u00e9 Gregorio Porras V\u00e1zquez, presidente del Cl\u00faster Econ\u00f3mico Cultural y Tur\u00edstico de Cholula, Puebla; Amy Ba\u00f1uelos D\u00edaz, Directora de Turismo y Vinculaci\u00f3n Internacional, en representaci\u00f3n de la alcald\u00eda de Tlalpan y Concepci\u00f3n Cueto Reyes, Secretar\u00eda de las Mujeres del Gobierno capitalino, as\u00ed como una de las beneficiarias de Colbr\u00ed, la se\u00f1ora Rosaura de los Santos P\u00e9rez.<\/p>\n<p>&nbsp;<\/p>\n<p>&nbsp;<\/p>\n<p>&nbsp;<\/p>\n","protected":false},"excerpt":{"rendered":"<p>Alianza Metropolitana de Turismo Social Viaje a Hidalgo, Morelos, Puebla, Guerrero, Edomex y Tlaxcala &nbsp; La Secretaria de Turismo de la Ciudad de M\u00e9xico, Alejandra Frausto Guerrero, dio el simb\u00f3lico banderazo de salida a los autobuses que llevar\u00e1n a mil 200 los adultos mayores inscritos -280 en esta primera etapa-, quienes van a disfrutar de [&hellip;]<\/p>\n","protected":false},"author":14,"featured_media":680956,"comment_status":"open","ping_status":"open","sticky":false,"template":"","format":"standard","meta":{"_monsterinsights_skip_tracking":false,"_monsterinsights_sitenote_active":false,"_monsterinsights_sitenote_note":"","_monsterinsights_sitenote_category":0,"footnotes":""},"categories":[11],"tags":[],"class_list":["post-680955","post","type-post","status-publish","format-standard","has-post-thumbnail","hentry","category-turismo"],"_links":{"self":[{"href":"https:\/\/www.diarioimagen.net\/index.php?rest_route=\/wp\/v2\/posts\/680955","targetHints":{"allow":["GET"]}}],"collection":[{"href":"https:\/\/www.diarioimagen.net\/index.php?rest_route=\/wp\/v2\/posts"}],"about":[{"href":"https:\/\/www.diarioimagen.net\/index.php?rest_route=\/wp\/v2\/types\/post"}],"author":[{"embeddable":true,"href":"https:\/\/www.diarioimagen.net\/index.php?rest_route=\/wp\/v2\/users\/14"}],"replies":[{"embeddable":true,"href":"https:\/\/www.diarioimagen.net\/index.php?rest_route=%2Fwp%2Fv2%2Fcomments&post=680955"}],"version-history":[{"count":1,"href":"https:\/\/www.diarioimagen.net\/index.php?rest_route=\/wp\/v2\/posts\/680955\/revisions"}],"predecessor-version":[{"id":680957,"href":"https:\/\/www.diarioimagen.net\/index.php?rest_route=\/wp\/v2\/posts\/680955\/revisions\/680957"}],"wp:featuredmedia":[{"embeddable":true,"href":"https:\/\/www.diarioimagen.net\/index.php?rest_route=\/wp\/v2\/media\/680956"}],"wp:attachment":[{"href":"https:\/\/www.diarioimagen.net\/index.php?rest_route=%2Fwp%2Fv2%2Fmedia&parent=680955"}],"wp:term":[{"taxonomy":"category","embeddable":true,"href":"https:\/\/www.diarioimagen.net\/index.php?rest_route=%2Fwp%2Fv2%2Fcategories&post=680955"},{"taxonomy":"post_tag","embeddable":true,"href":"https:\/\/www.diarioimagen.net\/index.php?rest_route=%2Fwp%2Fv2%2Ftags&post=680955"}],"curies":[{"name":"wp","href":"https:\/\/api.w.org\/{rel}","templated":true}]}}