{"id":681092,"date":"2025-08-21T18:39:31","date_gmt":"2025-08-22T00:39:31","guid":{"rendered":"https:\/\/www.diarioimagen.net\/?p=681092"},"modified":"2025-08-21T18:39:31","modified_gmt":"2025-08-22T00:39:31","slug":"mejora-gobierno-la-imagen-urbana-de-huixquilucan","status":"publish","type":"post","link":"https:\/\/www.diarioimagen.net\/?p=681092","title":{"rendered":"Mejora gobierno la imagen urbana de Huixquilucan"},"content":{"rendered":"<div id=\"attachment_681093\" style=\"width: 383px\" class=\"wp-caption alignnone\"><img loading=\"lazy\" decoding=\"async\" aria-describedby=\"caption-attachment-681093\" class=\"wp-image-681093 size-large\" src=\"https:\/\/www.diarioimagen.net\/wp-content\/uploads\/2025\/08\/BAENA-4-OK-9-373x270.jpg\" alt=\"\" width=\"373\" height=\"270\" srcset=\"https:\/\/www.diarioimagen.net\/wp-content\/uploads\/2025\/08\/BAENA-4-OK-9-373x270.jpg 373w, https:\/\/www.diarioimagen.net\/wp-content\/uploads\/2025\/08\/BAENA-4-OK-9-240x174.jpg 240w, https:\/\/www.diarioimagen.net\/wp-content\/uploads\/2025\/08\/BAENA-4-OK-9-768x556.jpg 768w, https:\/\/www.diarioimagen.net\/wp-content\/uploads\/2025\/08\/BAENA-4-OK-9-1536x1112.jpg 1536w, https:\/\/www.diarioimagen.net\/wp-content\/uploads\/2025\/08\/BAENA-4-OK-9-2048x1483.jpg 2048w, https:\/\/www.diarioimagen.net\/wp-content\/uploads\/2025\/08\/BAENA-4-OK-9-90x65.jpg 90w\" sizes=\"auto, (max-width: 373px) 100vw, 373px\" \/><p id=\"caption-attachment-681093\" class=\"wp-caption-text\">Mejora gobierno la imagen urbana de Huixquilucan<\/p><\/div>\n<p>&nbsp;<\/p>\n<p>Huixquilucan, M\u00e9x.- Con el objetivo de mejorar la conectividad entre el municipio y la Ciudad de M\u00e9xico, as\u00ed como la imagen urbana y dignificar la vida de la poblaci\u00f3n, el gobierno de Huixquilucan entreg\u00f3 la repavimentaci\u00f3n con concreto hidr\u00e1ulico de Vialidad de la Barranca Hueyetlaco, en beneficio de miles de personas que transitan diariamente por la zona. En el evento, la presidenta municipal de Huixquilucan, Romina Contreras Carrasco, destac\u00f3 que la rehabilitaci\u00f3n de esta avenida, la cual ayuda a agilizar el tr\u00e1nsito vehicular, reducir los tiempos de traslado y fortalecer la seguridad vial, consisti\u00f3 en la repavimentaci\u00f3n con concreto hidr\u00e1ulico de una superficie superior a 14 mil metros cuadrados, con una inversi\u00f3n de m\u00e1s de 23.9 millones de pesos.<\/p>\n<p>&nbsp;<\/p>\n<p>\u201cVecinos y vecinas de Huixquilucan, sepan que continuamos trabajando 24\/7 para desarrollar y mejorar la infraestructura vial en las tres zonas que conforman el municipio. Seguimos avanzando y, hoy, el territorio tiene otra cara, por ello, refrendo mi compromiso de mantener los esfuerzos para la entrega de obras enfocadas en elevar la calidad de vida para todos\u201d, indic\u00f3 la presidenta municipal.<\/p>\n","protected":false},"excerpt":{"rendered":"<p>&nbsp; Huixquilucan, M\u00e9x.- Con el objetivo de mejorar la conectividad entre el municipio y la Ciudad de M\u00e9xico, as\u00ed como la imagen urbana y dignificar la vida de la poblaci\u00f3n, el gobierno de Huixquilucan entreg\u00f3 la repavimentaci\u00f3n con concreto hidr\u00e1ulico de Vialidad de la Barranca Hueyetlaco, en beneficio de miles de personas que transitan diariamente [&hellip;]<\/p>\n","protected":false},"author":14,"featured_media":681093,"comment_status":"open","ping_status":"open","sticky":false,"template":"","format":"standard","meta":{"_monsterinsights_skip_tracking":false,"_monsterinsights_sitenote_active":false,"_monsterinsights_sitenote_note":"","_monsterinsights_sitenote_category":0,"footnotes":""},"categories":[5],"tags":[],"class_list":["post-681092","post","type-post","status-publish","format-standard","has-post-thumbnail","hentry","category-estado-de-mexico"],"_links":{"self":[{"href":"https:\/\/www.diarioimagen.net\/index.php?rest_route=\/wp\/v2\/posts\/681092","targetHints":{"allow":["GET"]}}],"collection":[{"href":"https:\/\/www.diarioimagen.net\/index.php?rest_route=\/wp\/v2\/posts"}],"about":[{"href":"https:\/\/www.diarioimagen.net\/index.php?rest_route=\/wp\/v2\/types\/post"}],"author":[{"embeddable":true,"href":"https:\/\/www.diarioimagen.net\/index.php?rest_route=\/wp\/v2\/users\/14"}],"replies":[{"embeddable":true,"href":"https:\/\/www.diarioimagen.net\/index.php?rest_route=%2Fwp%2Fv2%2Fcomments&post=681092"}],"version-history":[{"count":1,"href":"https:\/\/www.diarioimagen.net\/index.php?rest_route=\/wp\/v2\/posts\/681092\/revisions"}],"predecessor-version":[{"id":681094,"href":"https:\/\/www.diarioimagen.net\/index.php?rest_route=\/wp\/v2\/posts\/681092\/revisions\/681094"}],"wp:featuredmedia":[{"embeddable":true,"href":"https:\/\/www.diarioimagen.net\/index.php?rest_route=\/wp\/v2\/media\/681093"}],"wp:attachment":[{"href":"https:\/\/www.diarioimagen.net\/index.php?rest_route=%2Fwp%2Fv2%2Fmedia&parent=681092"}],"wp:term":[{"taxonomy":"category","embeddable":true,"href":"https:\/\/www.diarioimagen.net\/index.php?rest_route=%2Fwp%2Fv2%2Fcategories&post=681092"},{"taxonomy":"post_tag","embeddable":true,"href":"https:\/\/www.diarioimagen.net\/index.php?rest_route=%2Fwp%2Fv2%2Ftags&post=681092"}],"curies":[{"name":"wp","href":"https:\/\/api.w.org\/{rel}","templated":true}]}}