{"id":681279,"date":"2025-08-24T20:30:14","date_gmt":"2025-08-25T02:30:14","guid":{"rendered":"https:\/\/www.diarioimagen.net\/?p=681279"},"modified":"2025-08-24T20:30:14","modified_gmt":"2025-08-25T02:30:14","slug":"ante-la-severa-problematica-de-movilidad-edomex-necesita-del-metro-higinio-martinez","status":"publish","type":"post","link":"https:\/\/www.diarioimagen.net\/?p=681279","title":{"rendered":"Ante la severa problem\u00e1tica de movilidad,  Edomex necesita del Metro: Higinio Mart\u00ednez"},"content":{"rendered":"<ul>\n<li><strong>Gira por 50 a\u00f1os de trayectoria pol\u00edtica<\/strong><\/li>\n<\/ul>\n<p><strong>\u00a0<\/strong><\/p>\n<p><img loading=\"lazy\" decoding=\"async\" class=\"alignnone wp-image-681280 size-large\" src=\"https:\/\/www.diarioimagen.net\/wp-content\/uploads\/2025\/08\/BAENA-1-ok-8-372x270.jpg\" alt=\"\" width=\"372\" height=\"270\" srcset=\"https:\/\/www.diarioimagen.net\/wp-content\/uploads\/2025\/08\/BAENA-1-ok-8-372x270.jpg 372w, https:\/\/www.diarioimagen.net\/wp-content\/uploads\/2025\/08\/BAENA-1-ok-8-240x174.jpg 240w, https:\/\/www.diarioimagen.net\/wp-content\/uploads\/2025\/08\/BAENA-1-ok-8-768x557.jpg 768w, https:\/\/www.diarioimagen.net\/wp-content\/uploads\/2025\/08\/BAENA-1-ok-8-90x65.jpg 90w, https:\/\/www.diarioimagen.net\/wp-content\/uploads\/2025\/08\/BAENA-1-ok-8.jpg 1500w\" sizes=\"auto, (max-width: 372px) 100vw, 372px\" \/><\/p>\n<p>&nbsp;<\/p>\n<p>Valle de Chalco, M\u00e9x.-\u00a0 El senador con licencia Higinio Mart\u00ednez Miranda llev\u00f3 a cabo un evento de su gira de 50 a\u00f1os de trayectoria pol\u00edtica ante vecinos de este municipio, donde afirm\u00f3 que el Estado de M\u00e9xico necesitan el Sistema de Transporte Colectivo Metro debido a que diariamente miles de personas se desplazan a centros laborales y educativos.<\/p>\n<p>&nbsp;<\/p>\n<p>Mart\u00ednez Miranda se reuni\u00f3\u00a0 con cientos de simpatizantes del municipio de Valle de Chalco, as\u00ed como con senadores y diputados locales y federales, a quienes coment\u00f3 que es necesario trabajar en territorio mexiquense para sacar adelante a la Cuarta Transformaci\u00f3n.<\/p>\n<p>&nbsp;<\/p>\n<p>Ante la severa problem\u00e1tica en materia de movilidad que enfrenta la entidad, dijo que es necesario construir en la entidad una l\u00ednea del Metro, debido a que miles de personas buscan alg\u00fan transporte para llegar a sus destinos.<\/p>\n<p>&nbsp;<\/p>\n<p>Reconoci\u00f3 el trabajo de la Presidenta de la Rep\u00fablica Claudia Sheinbaum Pardo y la gobernadora Delfina G\u00f3mez \u00c1lvarez para la construcci\u00f3n del Troleb\u00fas Chalco-Santa Martha, lo que beneficiar\u00eda a m\u00e1s de 3 millones de habitantes.<\/p>\n<p>&nbsp;<\/p>\n<p>Plante\u00f3 que el Estado de M\u00e9xico debe tener, de manera constitucional y legal, dos capitales: Toluca y otra en el Valle de M\u00e9xico, ante los gastos y el tiempo que ocupan los habitantes del nororiente y oriente para trasladarse a la capital mexiquense.<\/p>\n<p>&nbsp;<\/p>\n<p>Por otro lado, dijo que la presidenta Claudia Sheinbaum sabe de las necesidades de Valle de Chalco, por ello lo incluy\u00f3 en el Plan Integral del Oriente, que contempla seguridad, agua, movilidad y salud.<\/p>\n<p>&nbsp;<\/p>\n<p>Higinio Mart\u00ednez dijo que hay que tener confianza en la diputada Yessica Rojas y que Valle de Chalco necesita a una mujer como ella, con m\u00e1s responsabilidades.<\/p>\n<p>&nbsp;<\/p>\n<p>\u00abEn Valle de Chalco se requiere seguir trabajando. En Valle de Chalco no se va a resolver todo al momento, necesitamos mucho m\u00e1s. Valle de Chalco necesita una persona como Yessica Rojas,\u00a0 ella ya es diputada, pero puede ser m\u00e1s, con m\u00e1s responsabilidades\u201d, explic\u00f3.<\/p>\n<p>&nbsp;<\/p>\n<p><strong>\u00a0<\/strong><\/p>\n<p>&nbsp;<\/p>\n","protected":false},"excerpt":{"rendered":"<p>Gira por 50 a\u00f1os de trayectoria pol\u00edtica \u00a0 &nbsp; Valle de Chalco, M\u00e9x.-\u00a0 El senador con licencia Higinio Mart\u00ednez Miranda llev\u00f3 a cabo un evento de su gira de 50 a\u00f1os de trayectoria pol\u00edtica ante vecinos de este municipio, donde afirm\u00f3 que el Estado de M\u00e9xico necesitan el Sistema de Transporte Colectivo Metro debido a [&hellip;]<\/p>\n","protected":false},"author":14,"featured_media":681280,"comment_status":"open","ping_status":"open","sticky":false,"template":"","format":"standard","meta":{"_monsterinsights_skip_tracking":false,"_monsterinsights_sitenote_active":false,"_monsterinsights_sitenote_note":"","_monsterinsights_sitenote_category":0,"footnotes":""},"categories":[5],"tags":[],"class_list":["post-681279","post","type-post","status-publish","format-standard","has-post-thumbnail","hentry","category-estado-de-mexico"],"_links":{"self":[{"href":"https:\/\/www.diarioimagen.net\/index.php?rest_route=\/wp\/v2\/posts\/681279","targetHints":{"allow":["GET"]}}],"collection":[{"href":"https:\/\/www.diarioimagen.net\/index.php?rest_route=\/wp\/v2\/posts"}],"about":[{"href":"https:\/\/www.diarioimagen.net\/index.php?rest_route=\/wp\/v2\/types\/post"}],"author":[{"embeddable":true,"href":"https:\/\/www.diarioimagen.net\/index.php?rest_route=\/wp\/v2\/users\/14"}],"replies":[{"embeddable":true,"href":"https:\/\/www.diarioimagen.net\/index.php?rest_route=%2Fwp%2Fv2%2Fcomments&post=681279"}],"version-history":[{"count":1,"href":"https:\/\/www.diarioimagen.net\/index.php?rest_route=\/wp\/v2\/posts\/681279\/revisions"}],"predecessor-version":[{"id":681281,"href":"https:\/\/www.diarioimagen.net\/index.php?rest_route=\/wp\/v2\/posts\/681279\/revisions\/681281"}],"wp:featuredmedia":[{"embeddable":true,"href":"https:\/\/www.diarioimagen.net\/index.php?rest_route=\/wp\/v2\/media\/681280"}],"wp:attachment":[{"href":"https:\/\/www.diarioimagen.net\/index.php?rest_route=%2Fwp%2Fv2%2Fmedia&parent=681279"}],"wp:term":[{"taxonomy":"category","embeddable":true,"href":"https:\/\/www.diarioimagen.net\/index.php?rest_route=%2Fwp%2Fv2%2Fcategories&post=681279"},{"taxonomy":"post_tag","embeddable":true,"href":"https:\/\/www.diarioimagen.net\/index.php?rest_route=%2Fwp%2Fv2%2Ftags&post=681279"}],"curies":[{"name":"wp","href":"https:\/\/api.w.org\/{rel}","templated":true}]}}