{"id":681492,"date":"2025-08-25T19:22:50","date_gmt":"2025-08-26T01:22:50","guid":{"rendered":"https:\/\/www.diarioimagen.net\/?p=681492"},"modified":"2025-08-25T19:22:50","modified_gmt":"2025-08-26T01:22:50","slug":"isaac-montoya-da-banderazo-de-inicio-de-rehabilitacion-de-calles-en-la-mancha-i","status":"publish","type":"post","link":"https:\/\/www.diarioimagen.net\/?p=681492","title":{"rendered":"Isaac Montoya da banderazo de inicio  de rehabilitaci\u00f3n de calles en La Mancha I"},"content":{"rendered":"<ul>\n<li><strong>Avanza obra p\u00fablica en Naucalpan<\/strong><\/li>\n<\/ul>\n<div id=\"attachment_681493\" style=\"width: 424px\" class=\"wp-caption alignnone\"><img loading=\"lazy\" decoding=\"async\" aria-describedby=\"caption-attachment-681493\" class=\"wp-image-681493 size-large\" src=\"https:\/\/www.diarioimagen.net\/wp-content\/uploads\/2025\/08\/BAENA-2-ok-11-414x270.jpg\" alt=\"\" width=\"414\" height=\"270\" srcset=\"https:\/\/www.diarioimagen.net\/wp-content\/uploads\/2025\/08\/BAENA-2-ok-11-414x270.jpg 414w, https:\/\/www.diarioimagen.net\/wp-content\/uploads\/2025\/08\/BAENA-2-ok-11-240x157.jpg 240w, https:\/\/www.diarioimagen.net\/wp-content\/uploads\/2025\/08\/BAENA-2-ok-11-768x501.jpg 768w, https:\/\/www.diarioimagen.net\/wp-content\/uploads\/2025\/08\/BAENA-2-ok-11.jpg 1500w\" sizes=\"auto, (max-width: 414px) 100vw, 414px\" \/><p id=\"caption-attachment-681493\" class=\"wp-caption-text\">El alcalde Isaac Montoya M\u00e1rquez dio el banderazo de inicio a la rehabilitaci\u00f3n integral con concreto asf\u00e1ltico e hidr\u00e1ulico de 1.4 kil\u00f3metros en La Mancha I.<\/p><\/div>\n<p>NaucalpaN, M\u00e9x.- Como parte de su plan general de obra p\u00fablica para renovar Naucalpan, el alcalde Isaac Montoya M\u00e1rquez dio el banderazo de inicio a la rehabilitaci\u00f3n integral con concreto asf\u00e1ltico e hidr\u00e1ulico de 1.4 kil\u00f3metros, as\u00ed como la sustituci\u00f3n de la red hidr\u00e1ulica y nuevo alumbrado vial y p\u00fablico de la calle Molinos de Viento, de la colonia La Mancha I, lugar que no recib\u00eda atenci\u00f3n en d\u00e9cadas y que se calcula beneficiar\u00e1 a cerca de 145 mil personas.<\/p>\n<p>En el evento, que se llev\u00f3 a cabo frente a la escuela primaria Manuel Jos\u00e9 Oth\u00f3n, el edil detall\u00f3 las acciones que realizar\u00e1 la Direcci\u00f3n de Obras P\u00fablicas en esta calle y subray\u00f3: \u201ces el gran sello distintivo de nuestro gobierno, no s\u00f3lo se hacen obras de calidad, sino que tambi\u00e9n se piensa en solucionar desde lo invisible, como lo es la obra hidr\u00e1ulica, as\u00ed que vamos a sustituir las redes hidr\u00e1ulicas de asbesto por tuber\u00eda de los materiales m\u00e1s avanzados para asegurar la salud de todas y de todos los vecinos\u201d.<\/p>\n<p>En presencia de las y los servidores p\u00fablicos, l\u00edderes sociales y de autoridades auxiliares de las comunidades la Mancha I, la Mancha 2, Vicente Guerrero, Buenavista, Flores Mag\u00f3n y Benito Ju\u00e1rez y ante el reconocimiento de vecinas y vecinos, el presidente municipal reiter\u00f3 que est\u00e1 obra favorecer\u00e1 a todo el corredor de la Mancha I y la Mancha II.<\/p>\n<p>\u201cEste no es un anuncio que favorece exclusivamente a una sola colonia, sino que va a favorecer todo este corredor, tambi\u00e9n nos han comentado el tema de las \u00e1reas verdes, el tema del gimnasio (Comando Tibur\u00f3n), desde antes que fuera yo presidente, lo estuvimos viendo y lo tenemos muy presente y que vamos a ir devolviendo la dignidad y la calidad de vida a nuestras comunidades\u201d, enfatiz\u00f3.<\/p>\n<p>Por otra parte, el presidente municipal, anunci\u00f3 que el proyecto del Polideportivo se planea establecerlo en el Parque de las Mujeres Bonitas: \u201cLo vamos a entregar a ustedes vecinas y vecinos, para que tengamos ah\u00ed un gimnasio, tengamos campos, tengamos espacios comunes y podamos recuperar esa \u00e1rea verde que hoy se encuentra en un estado de abandono\u201d.<\/p>\n<p>&nbsp;<\/p>\n<p>&nbsp;<\/p>\n","protected":false},"excerpt":{"rendered":"<p>Avanza obra p\u00fablica en Naucalpan NaucalpaN, M\u00e9x.- Como parte de su plan general de obra p\u00fablica para renovar Naucalpan, el alcalde Isaac Montoya M\u00e1rquez dio el banderazo de inicio a la rehabilitaci\u00f3n integral con concreto asf\u00e1ltico e hidr\u00e1ulico de 1.4 kil\u00f3metros, as\u00ed como la sustituci\u00f3n de la red hidr\u00e1ulica y nuevo alumbrado vial y p\u00fablico [&hellip;]<\/p>\n","protected":false},"author":14,"featured_media":681493,"comment_status":"open","ping_status":"open","sticky":false,"template":"","format":"standard","meta":{"_monsterinsights_skip_tracking":false,"_monsterinsights_sitenote_active":false,"_monsterinsights_sitenote_note":"","_monsterinsights_sitenote_category":0,"footnotes":""},"categories":[5],"tags":[],"class_list":["post-681492","post","type-post","status-publish","format-standard","has-post-thumbnail","hentry","category-estado-de-mexico"],"_links":{"self":[{"href":"https:\/\/www.diarioimagen.net\/index.php?rest_route=\/wp\/v2\/posts\/681492","targetHints":{"allow":["GET"]}}],"collection":[{"href":"https:\/\/www.diarioimagen.net\/index.php?rest_route=\/wp\/v2\/posts"}],"about":[{"href":"https:\/\/www.diarioimagen.net\/index.php?rest_route=\/wp\/v2\/types\/post"}],"author":[{"embeddable":true,"href":"https:\/\/www.diarioimagen.net\/index.php?rest_route=\/wp\/v2\/users\/14"}],"replies":[{"embeddable":true,"href":"https:\/\/www.diarioimagen.net\/index.php?rest_route=%2Fwp%2Fv2%2Fcomments&post=681492"}],"version-history":[{"count":1,"href":"https:\/\/www.diarioimagen.net\/index.php?rest_route=\/wp\/v2\/posts\/681492\/revisions"}],"predecessor-version":[{"id":681494,"href":"https:\/\/www.diarioimagen.net\/index.php?rest_route=\/wp\/v2\/posts\/681492\/revisions\/681494"}],"wp:featuredmedia":[{"embeddable":true,"href":"https:\/\/www.diarioimagen.net\/index.php?rest_route=\/wp\/v2\/media\/681493"}],"wp:attachment":[{"href":"https:\/\/www.diarioimagen.net\/index.php?rest_route=%2Fwp%2Fv2%2Fmedia&parent=681492"}],"wp:term":[{"taxonomy":"category","embeddable":true,"href":"https:\/\/www.diarioimagen.net\/index.php?rest_route=%2Fwp%2Fv2%2Fcategories&post=681492"},{"taxonomy":"post_tag","embeddable":true,"href":"https:\/\/www.diarioimagen.net\/index.php?rest_route=%2Fwp%2Fv2%2Ftags&post=681492"}],"curies":[{"name":"wp","href":"https:\/\/api.w.org\/{rel}","templated":true}]}}