{"id":681680,"date":"2025-08-26T20:14:02","date_gmt":"2025-08-27T02:14:02","guid":{"rendered":"https:\/\/www.diarioimagen.net\/?p=681680"},"modified":"2025-08-26T20:14:02","modified_gmt":"2025-08-27T02:14:02","slug":"abren-tres-estaciones-mas-del-trolebus-mexiquense","status":"publish","type":"post","link":"https:\/\/www.diarioimagen.net\/?p=681680","title":{"rendered":"Abren tres estaciones m\u00e1s del Troleb\u00fas Mexiquense"},"content":{"rendered":"<ul>\n<li><strong>Usuarios ya pueden utilizar Uni\u00f3n de Guadalupe, La Covadonga y Ejidal<\/strong><\/li>\n<\/ul>\n<div id=\"attachment_681681\" style=\"width: 415px\" class=\"wp-caption alignnone\"><img loading=\"lazy\" decoding=\"async\" aria-describedby=\"caption-attachment-681681\" class=\"wp-image-681681 size-large\" src=\"https:\/\/www.diarioimagen.net\/wp-content\/uploads\/2025\/08\/EDOMEX-2-ok-9-405x270.jpg\" alt=\"\" width=\"405\" height=\"270\" srcset=\"https:\/\/www.diarioimagen.net\/wp-content\/uploads\/2025\/08\/EDOMEX-2-ok-9-405x270.jpg 405w, https:\/\/www.diarioimagen.net\/wp-content\/uploads\/2025\/08\/EDOMEX-2-ok-9-240x160.jpg 240w, https:\/\/www.diarioimagen.net\/wp-content\/uploads\/2025\/08\/EDOMEX-2-ok-9-768x513.jpg 768w, https:\/\/www.diarioimagen.net\/wp-content\/uploads\/2025\/08\/EDOMEX-2-ok-9.jpg 1500w\" sizes=\"auto, (max-width: 405px) 100vw, 405px\" \/><p id=\"caption-attachment-681681\" class=\"wp-caption-text\">Las estaciones del Troleb\u00fas Mexiquense Uni\u00f3n de Guadalupe, La Covadonga y Ejidal del Troleb\u00fas Mexiquense, se suman a las nueve que brindan servicio en este nuevo sistema de transporte desde el pasado 18 de mayo.<\/p><\/div>\n<p>&nbsp;<\/p>\n<p>Chalco, Estado de M\u00e9xico.- Iniciaron operaciones las estaciones Uni\u00f3n de Guadalupe, La Covadonga y Ejidal del Troleb\u00fas Mexiquense, que se vienen a sumar a las nueve que brindan servicio desde el pasado 18 de mayo.<\/p>\n<p>Daniel Sibaja, Secretario de Movilidad, realiz\u00f3 un recorrido de supervisi\u00f3n en el que verific\u00f3 entre otros aspectos el correcto funcionamiento de la infraestructura vial, la se\u00f1alizaci\u00f3n, el alumbrado, as\u00ed como los accesos y salidas de las tres estaciones referidas.<\/p>\n<p>Las 12 que operan ahora son: Santa Marta, Parque de la Mujer, Cuauht\u00e9moc, Puente Rojo, Puente Blanco. Parque Tejones. Uni\u00f3n de Guadalupe. La Covadonga. Ejidal, Jos\u00e9 Mar\u00eda Mart\u00ednez, Amal\u00ednalco y Chalco.<\/p>\n<p>Coment\u00f3 que a poco m\u00e1s de tres meses de que se puso en operaci\u00f3n el Troleb\u00fas, m\u00e1s de dos millones 200 mil personas lo han utilizado, al permitirles disminuir sus tiempos de traslado de 2 horas a s\u00f3lo 45 minutos en servicio ordinario y a 33 minutos en servicio expr\u00e9s.<\/p>\n<p>Mencion\u00f3 que, como resultado de la pol\u00edtica social de la Gobernadora Delfina G\u00f3mez \u00c1lvarez, m\u00e1s de 486 mil personas de la tercera edad, con discapacidad y ni\u00f1os menores de cinco a\u00f1os, se han visto beneficiados con viajes gratuitos, en estos municipios del oriente del Estado de M\u00e9xico.<\/p>\n<p>El Troleb\u00fas Mexiquense tiene una extensi\u00f3n de 18.5 kil\u00f3metros y est\u00e1 integrado por un viaducto elevado de 6.7 kil\u00f3metros y un carril confinado a nivel de superficie de 11.8 kil\u00f3metros, donde circulan unidades con capacidad para trasladar hasta 142 pasajeros y, en su etapa de maduraci\u00f3n, podr\u00e1 atender a 230 mil usuarios todos los d\u00edas.<\/p>\n<p>&nbsp;<\/p>\n<p>&nbsp;<\/p>\n","protected":false},"excerpt":{"rendered":"<p>Usuarios ya pueden utilizar Uni\u00f3n de Guadalupe, La Covadonga y Ejidal &nbsp; Chalco, Estado de M\u00e9xico.- Iniciaron operaciones las estaciones Uni\u00f3n de Guadalupe, La Covadonga y Ejidal del Troleb\u00fas Mexiquense, que se vienen a sumar a las nueve que brindan servicio desde el pasado 18 de mayo. Daniel Sibaja, Secretario de Movilidad, realiz\u00f3 un recorrido [&hellip;]<\/p>\n","protected":false},"author":14,"featured_media":681681,"comment_status":"open","ping_status":"open","sticky":false,"template":"","format":"standard","meta":{"_monsterinsights_skip_tracking":false,"_monsterinsights_sitenote_active":false,"_monsterinsights_sitenote_note":"","_monsterinsights_sitenote_category":0,"footnotes":""},"categories":[5],"tags":[],"class_list":["post-681680","post","type-post","status-publish","format-standard","has-post-thumbnail","hentry","category-estado-de-mexico"],"_links":{"self":[{"href":"https:\/\/www.diarioimagen.net\/index.php?rest_route=\/wp\/v2\/posts\/681680","targetHints":{"allow":["GET"]}}],"collection":[{"href":"https:\/\/www.diarioimagen.net\/index.php?rest_route=\/wp\/v2\/posts"}],"about":[{"href":"https:\/\/www.diarioimagen.net\/index.php?rest_route=\/wp\/v2\/types\/post"}],"author":[{"embeddable":true,"href":"https:\/\/www.diarioimagen.net\/index.php?rest_route=\/wp\/v2\/users\/14"}],"replies":[{"embeddable":true,"href":"https:\/\/www.diarioimagen.net\/index.php?rest_route=%2Fwp%2Fv2%2Fcomments&post=681680"}],"version-history":[{"count":1,"href":"https:\/\/www.diarioimagen.net\/index.php?rest_route=\/wp\/v2\/posts\/681680\/revisions"}],"predecessor-version":[{"id":681682,"href":"https:\/\/www.diarioimagen.net\/index.php?rest_route=\/wp\/v2\/posts\/681680\/revisions\/681682"}],"wp:featuredmedia":[{"embeddable":true,"href":"https:\/\/www.diarioimagen.net\/index.php?rest_route=\/wp\/v2\/media\/681681"}],"wp:attachment":[{"href":"https:\/\/www.diarioimagen.net\/index.php?rest_route=%2Fwp%2Fv2%2Fmedia&parent=681680"}],"wp:term":[{"taxonomy":"category","embeddable":true,"href":"https:\/\/www.diarioimagen.net\/index.php?rest_route=%2Fwp%2Fv2%2Fcategories&post=681680"},{"taxonomy":"post_tag","embeddable":true,"href":"https:\/\/www.diarioimagen.net\/index.php?rest_route=%2Fwp%2Fv2%2Ftags&post=681680"}],"curies":[{"name":"wp","href":"https:\/\/api.w.org\/{rel}","templated":true}]}}