{"id":681724,"date":"2025-08-26T20:39:53","date_gmt":"2025-08-27T02:39:53","guid":{"rendered":"https:\/\/www.diarioimagen.net\/?p=681724"},"modified":"2025-08-26T20:39:53","modified_gmt":"2025-08-27T02:39:53","slug":"avanzan-acuerdos-para-reiniciar-clases-presenciales-en-facultades-de-la-uaemex","status":"publish","type":"post","link":"https:\/\/www.diarioimagen.net\/?p=681724","title":{"rendered":"Avanzan acuerdos para reiniciar clases  presenciales en facultades de la UAEM\u00e9x  \u00a0"},"content":{"rendered":"<p><strong>\u00a0<\/strong><\/p>\n<p>&nbsp;<\/p>\n<ul>\n<li><strong>Regularizaci\u00f3n de la vida acad\u00e9mica y administrativa, reiterando la importancia del consenso y el mutuo respeto a los acuerdos con las asambleas estudiantiles<\/strong><\/li>\n<\/ul>\n<div id=\"attachment_681725\" style=\"width: 412px\" class=\"wp-caption alignnone\"><img loading=\"lazy\" decoding=\"async\" aria-describedby=\"caption-attachment-681725\" class=\"wp-image-681725 size-large\" src=\"https:\/\/www.diarioimagen.net\/wp-content\/uploads\/2025\/08\/UAEM-1-4-402x270.jpg\" alt=\"\" width=\"402\" height=\"270\" srcset=\"https:\/\/www.diarioimagen.net\/wp-content\/uploads\/2025\/08\/UAEM-1-4-402x270.jpg 402w, https:\/\/www.diarioimagen.net\/wp-content\/uploads\/2025\/08\/UAEM-1-4-240x161.jpg 240w, https:\/\/www.diarioimagen.net\/wp-content\/uploads\/2025\/08\/UAEM-1-4-768x516.jpg 768w, https:\/\/www.diarioimagen.net\/wp-content\/uploads\/2025\/08\/UAEM-1-4-1536x1031.jpg 1536w, https:\/\/www.diarioimagen.net\/wp-content\/uploads\/2025\/08\/UAEM-1-4-2048x1375.jpg 2048w\" sizes=\"auto, (max-width: 402px) 100vw, 402px\" \/><p id=\"caption-attachment-681725\" class=\"wp-caption-text\">La UAEM\u00e9x regres\u00f3 a la presencialidad en distintos espacios acad\u00e9micos, luego de que las asambleas, hicieran la entrega de las instalaciones a las autoridades encabezadas por la rectora Martha Patricia Zarza Delgado.<\/p><\/div>\n<p>&nbsp;<\/p>\n<p>Toluca, M\u00e9x.- Como resultado de los acuerdos en las mesas de di\u00e1logo y trabajo con las asambleas estudiantiles, la Universidad Aut\u00f3noma del Estado de M\u00e9xico (UAEM\u00e9x) regres\u00f3 a la presencialidad en distintos espacios acad\u00e9micos, luego de que las asambleas, hicieran la entrega de las instalaciones.<\/p>\n<p>El lunes, la Escuela de Artes Esc\u00e9nicas, la Facultad de Odontolog\u00eda y la Facultad de Planeaci\u00f3n Urbana y Regional (FAPUR) reanudaron actividades, tras recibir formalmente sus espacios.<\/p>\n<p>En tanto, la Facultad de Ciencias Pol\u00edticas y Sociales (FCPyS), que recibi\u00f3 el inmueble el domingo 24 de agosto, realiza actividades de reacondicionamiento y las clases de forma presencial se reactivaron a partir del martes 26.<\/p>\n<p>Por su parte, la Facultad de Derecho realizar\u00e1 esta semana el mantenimiento y reacondicionamiento de instalaciones para iniciar clases en forma presencial el pr\u00f3ximo martes 2 de septiembre; en la misma fecha tambi\u00e9n lo har\u00e1 la Facultad de Artes, cuya asamblea entregar\u00e1 el espacio este lunes 25 de agosto.<\/p>\n<p>Las actividades de mantenimiento, higiene y reacondicionamiento contin\u00faan en los distintos espacios acad\u00e9micos, as\u00ed como el seguimiento puntual a los acuerdos suscritos en las mesas de di\u00e1logo para brindar certeza y garantizar el derecho a la educaci\u00f3n a cada integrante de la comunidad estudiantil de la UAEM\u00e9x.<\/p>\n<p>A partir de la escucha activa, la corresponsabilidad y el trabajo conjunto, la M\u00e1xima Casa de Estudios mexiquense avanza en la regularizaci\u00f3n de su vida acad\u00e9mica y administrativa, reiterando la importancia del consenso y el mutuo respeto a los acuerdos con las asambleas como rutas correctas para el cumplimento de los compromisos y la atenci\u00f3n a las demandas de la comunidad estudiantil.<\/p>\n<p>&nbsp;<\/p>\n<p>&nbsp;<\/p>\n<p>&nbsp;<\/p>\n","protected":false},"excerpt":{"rendered":"<p>\u00a0 &nbsp; Regularizaci\u00f3n de la vida acad\u00e9mica y administrativa, reiterando la importancia del consenso y el mutuo respeto a los acuerdos con las asambleas estudiantiles &nbsp; Toluca, M\u00e9x.- Como resultado de los acuerdos en las mesas de di\u00e1logo y trabajo con las asambleas estudiantiles, la Universidad Aut\u00f3noma del Estado de M\u00e9xico (UAEM\u00e9x) regres\u00f3 a la [&hellip;]<\/p>\n","protected":false},"author":14,"featured_media":681725,"comment_status":"open","ping_status":"open","sticky":false,"template":"","format":"standard","meta":{"_monsterinsights_skip_tracking":false,"_monsterinsights_sitenote_active":false,"_monsterinsights_sitenote_note":"","_monsterinsights_sitenote_category":0,"footnotes":""},"categories":[16,5],"tags":[],"class_list":["post-681724","post","type-post","status-publish","format-standard","has-post-thumbnail","hentry","category-destacadas","category-estado-de-mexico"],"_links":{"self":[{"href":"https:\/\/www.diarioimagen.net\/index.php?rest_route=\/wp\/v2\/posts\/681724","targetHints":{"allow":["GET"]}}],"collection":[{"href":"https:\/\/www.diarioimagen.net\/index.php?rest_route=\/wp\/v2\/posts"}],"about":[{"href":"https:\/\/www.diarioimagen.net\/index.php?rest_route=\/wp\/v2\/types\/post"}],"author":[{"embeddable":true,"href":"https:\/\/www.diarioimagen.net\/index.php?rest_route=\/wp\/v2\/users\/14"}],"replies":[{"embeddable":true,"href":"https:\/\/www.diarioimagen.net\/index.php?rest_route=%2Fwp%2Fv2%2Fcomments&post=681724"}],"version-history":[{"count":1,"href":"https:\/\/www.diarioimagen.net\/index.php?rest_route=\/wp\/v2\/posts\/681724\/revisions"}],"predecessor-version":[{"id":681726,"href":"https:\/\/www.diarioimagen.net\/index.php?rest_route=\/wp\/v2\/posts\/681724\/revisions\/681726"}],"wp:featuredmedia":[{"embeddable":true,"href":"https:\/\/www.diarioimagen.net\/index.php?rest_route=\/wp\/v2\/media\/681725"}],"wp:attachment":[{"href":"https:\/\/www.diarioimagen.net\/index.php?rest_route=%2Fwp%2Fv2%2Fmedia&parent=681724"}],"wp:term":[{"taxonomy":"category","embeddable":true,"href":"https:\/\/www.diarioimagen.net\/index.php?rest_route=%2Fwp%2Fv2%2Fcategories&post=681724"},{"taxonomy":"post_tag","embeddable":true,"href":"https:\/\/www.diarioimagen.net\/index.php?rest_route=%2Fwp%2Fv2%2Ftags&post=681724"}],"curies":[{"name":"wp","href":"https:\/\/api.w.org\/{rel}","templated":true}]}}