{"id":681874,"date":"2025-08-27T20:19:49","date_gmt":"2025-08-28T02:19:49","guid":{"rendered":"https:\/\/www.diarioimagen.net\/?p=681874"},"modified":"2025-08-27T20:19:49","modified_gmt":"2025-08-28T02:19:49","slug":"alfredo-oropeza-mendez-el-candidato-mas-firme-para-dirigir-al-pan-naucalpan","status":"publish","type":"post","link":"https:\/\/www.diarioimagen.net\/?p=681874","title":{"rendered":"Alfredo Oropeza M\u00e9ndez, el candidato  m\u00e1s firme para dirigir al PAN-Naucalpan"},"content":{"rendered":"<ul>\n<li><strong>Denuncian injerencia de morenistas<\/strong><\/li>\n<\/ul>\n<p><strong>\u00a0<\/strong><\/p>\n<div id=\"attachment_681875\" style=\"width: 281px\" class=\"wp-caption alignnone\"><img loading=\"lazy\" decoding=\"async\" aria-describedby=\"caption-attachment-681875\" class=\"wp-image-681875 size-large\" src=\"https:\/\/www.diarioimagen.net\/wp-content\/uploads\/2025\/08\/BAENA-1-OK-10-271x270.jpg\" alt=\"\" width=\"271\" height=\"270\" srcset=\"https:\/\/www.diarioimagen.net\/wp-content\/uploads\/2025\/08\/BAENA-1-OK-10-271x270.jpg 271w, https:\/\/www.diarioimagen.net\/wp-content\/uploads\/2025\/08\/BAENA-1-OK-10-240x240.jpg 240w, https:\/\/www.diarioimagen.net\/wp-content\/uploads\/2025\/08\/BAENA-1-OK-10-150x150.jpg 150w, https:\/\/www.diarioimagen.net\/wp-content\/uploads\/2025\/08\/BAENA-1-OK-10-768x765.jpg 768w, https:\/\/www.diarioimagen.net\/wp-content\/uploads\/2025\/08\/BAENA-1-OK-10-50x50.jpg 50w, https:\/\/www.diarioimagen.net\/wp-content\/uploads\/2025\/08\/BAENA-1-OK-10-75x75.jpg 75w, https:\/\/www.diarioimagen.net\/wp-content\/uploads\/2025\/08\/BAENA-1-OK-10-70x70.jpg 70w, https:\/\/www.diarioimagen.net\/wp-content\/uploads\/2025\/08\/BAENA-1-OK-10.jpg 1500w\" sizes=\"auto, (max-width: 271px) 100vw, 271px\" \/><p id=\"caption-attachment-681875\" class=\"wp-caption-text\">Alfredo Oropeza M\u00e9ndez se perfila como el candidato m\u00e1s s\u00f3lido para encabezar al panismo naucalpense.<\/p><\/div>\n<p><strong>\u00a0<\/strong><\/p>\n<p>&nbsp;<\/p>\n<p>Naucalpan, M\u00e9x.- A unos d\u00edas del proceso interno del Partido Acci\u00f3n Nacional (PAN) en este municipio, para renovar la dirigencia municipal, se ha convertido en el centro de atenci\u00f3n pol\u00edtica local. En medio de acusaciones de guerra sucia y la intromisi\u00f3n del gobierno morenista, todas las miradas apuntan a un nombre: Alfredo Oropeza M\u00e9ndez, quien se perfila como el candidato m\u00e1s s\u00f3lido para encabezar al panismo naucalpense.<\/p>\n<p>&nbsp;<\/p>\n<p>Antes de iniciar las campa\u00f1as, el proceso para elegir a la nueva dirigencia municipal del PAN parec\u00eda destinado a pasar desapercibido, como ha ocurrido en ocasiones anteriores. Sin embargo, la competencia entre aspirantes y la evidente injerencia de intereses externos \u2014particularmente del gobierno morenista a trav\u00e9s de sus aliados a\u00fan presentes en Acci\u00f3n Nacional y en el Partido Verde\u2014, transformaron una contienda rutinaria en una disputa de alto voltaje pol\u00edtico.<\/p>\n<p>&nbsp;<\/p>\n<p>En este escenario, la figura de Alfredo Oropeza ha cobrado fuerza. Su candidatura no s\u00f3lo representa al panismo leal de Naucalpan, sino que se ha convertido en el verdadero reto a vencer para el oficialismo. La posibilidad de que Oropeza asuma nuevamente la presidencia del Comit\u00e9 Directivo Municipal coloca al PAN en posici\u00f3n de consolidarse como una oposici\u00f3n real, con capacidad para frenar las aspiraciones de continuidad de Morena en el municipio.<\/p>\n<p>&nbsp;<\/p>\n<p>No es la primera vez que Oropeza enfrenta este reto. En el periodo 2014-2017 ya dirigi\u00f3 al partido a nivel municipal, etapa en la que reposicion\u00f3 al PAN como fuerza competitiva, logrando que en 2015 Acci\u00f3n Nacional ganara la elecci\u00f3n constitucional en Naucalpan. Su experiencia, conocimiento del territorio y arraigo entre la militancia lo colocan como un perfil con peso espec\u00edfico en la pol\u00edtica local.<\/p>\n<p>&nbsp;<\/p>\n<p>Los ataques en su contra \u2014desde campa\u00f1as de desprestigio hasta la difusi\u00f3n de noticias falsas y montajes\u2014, lejos de debilitarlo, parecen confirmar que su candidatura lleva la delantera en esta contienda interna.<\/p>\n<p>&nbsp;<\/p>\n<p>Los dados est\u00e1n echados. Este domingo 31 de agosto, Acci\u00f3n Nacional definir\u00e1 a su nuevo dirigente municipal en Naucalpan y todo indica que Alfredo Oropeza M\u00e9ndez encabeza las preferencias. Su eventual triunfo abrir\u00eda una nueva etapa para el PAN, con el desaf\u00edo de convertirse en la principal fuerza opositora frente al gobierno morenista.<\/p>\n<p>&nbsp;<\/p>\n<p>&nbsp;<\/p>\n<p>&nbsp;<\/p>\n","protected":false},"excerpt":{"rendered":"<p>Denuncian injerencia de morenistas \u00a0 \u00a0 &nbsp; Naucalpan, M\u00e9x.- A unos d\u00edas del proceso interno del Partido Acci\u00f3n Nacional (PAN) en este municipio, para renovar la dirigencia municipal, se ha convertido en el centro de atenci\u00f3n pol\u00edtica local. En medio de acusaciones de guerra sucia y la intromisi\u00f3n del gobierno morenista, todas las miradas apuntan [&hellip;]<\/p>\n","protected":false},"author":14,"featured_media":681875,"comment_status":"open","ping_status":"open","sticky":false,"template":"","format":"standard","meta":{"_monsterinsights_skip_tracking":false,"_monsterinsights_sitenote_active":false,"_monsterinsights_sitenote_note":"","_monsterinsights_sitenote_category":0,"footnotes":""},"categories":[5],"tags":[],"class_list":["post-681874","post","type-post","status-publish","format-standard","has-post-thumbnail","hentry","category-estado-de-mexico"],"_links":{"self":[{"href":"https:\/\/www.diarioimagen.net\/index.php?rest_route=\/wp\/v2\/posts\/681874","targetHints":{"allow":["GET"]}}],"collection":[{"href":"https:\/\/www.diarioimagen.net\/index.php?rest_route=\/wp\/v2\/posts"}],"about":[{"href":"https:\/\/www.diarioimagen.net\/index.php?rest_route=\/wp\/v2\/types\/post"}],"author":[{"embeddable":true,"href":"https:\/\/www.diarioimagen.net\/index.php?rest_route=\/wp\/v2\/users\/14"}],"replies":[{"embeddable":true,"href":"https:\/\/www.diarioimagen.net\/index.php?rest_route=%2Fwp%2Fv2%2Fcomments&post=681874"}],"version-history":[{"count":1,"href":"https:\/\/www.diarioimagen.net\/index.php?rest_route=\/wp\/v2\/posts\/681874\/revisions"}],"predecessor-version":[{"id":681876,"href":"https:\/\/www.diarioimagen.net\/index.php?rest_route=\/wp\/v2\/posts\/681874\/revisions\/681876"}],"wp:featuredmedia":[{"embeddable":true,"href":"https:\/\/www.diarioimagen.net\/index.php?rest_route=\/wp\/v2\/media\/681875"}],"wp:attachment":[{"href":"https:\/\/www.diarioimagen.net\/index.php?rest_route=%2Fwp%2Fv2%2Fmedia&parent=681874"}],"wp:term":[{"taxonomy":"category","embeddable":true,"href":"https:\/\/www.diarioimagen.net\/index.php?rest_route=%2Fwp%2Fv2%2Fcategories&post=681874"},{"taxonomy":"post_tag","embeddable":true,"href":"https:\/\/www.diarioimagen.net\/index.php?rest_route=%2Fwp%2Fv2%2Ftags&post=681874"}],"curies":[{"name":"wp","href":"https:\/\/api.w.org\/{rel}","templated":true}]}}