{"id":681877,"date":"2025-08-27T20:30:56","date_gmt":"2025-08-28T02:30:56","guid":{"rendered":"https:\/\/www.diarioimagen.net\/?p=681877"},"modified":"2025-08-27T20:31:24","modified_gmt":"2025-08-28T02:31:24","slug":"diputado-roman-cortes-lugo-a-un-paso-de-sumarse-a-morena","status":"publish","type":"post","link":"https:\/\/www.diarioimagen.net\/?p=681877","title":{"rendered":"Diputado Rom\u00e1n Cort\u00e9s Lugo,  a un paso de sumarse a Morena"},"content":{"rendered":"<ul>\n<li><strong>Asistencia a informe de Alfonso Ram\u00edrez Cu\u00e9llar<\/strong><\/li>\n<\/ul>\n<p><strong>\u00a0<\/strong><\/p>\n<div id=\"attachment_681878\" style=\"width: 390px\" class=\"wp-caption alignnone\"><img loading=\"lazy\" decoding=\"async\" aria-describedby=\"caption-attachment-681878\" class=\"wp-image-681878 size-large\" src=\"https:\/\/www.diarioimagen.net\/wp-content\/uploads\/2025\/08\/BAENA-2-OK-12-380x270.jpg\" alt=\"\" width=\"380\" height=\"270\" srcset=\"https:\/\/www.diarioimagen.net\/wp-content\/uploads\/2025\/08\/BAENA-2-OK-12-380x270.jpg 380w, https:\/\/www.diarioimagen.net\/wp-content\/uploads\/2025\/08\/BAENA-2-OK-12-240x171.jpg 240w, https:\/\/www.diarioimagen.net\/wp-content\/uploads\/2025\/08\/BAENA-2-OK-12-768x546.jpg 768w, https:\/\/www.diarioimagen.net\/wp-content\/uploads\/2025\/08\/BAENA-2-OK-12-90x65.jpg 90w, https:\/\/www.diarioimagen.net\/wp-content\/uploads\/2025\/08\/BAENA-2-OK-12.jpg 1500w\" sizes=\"auto, (max-width: 380px) 100vw, 380px\" \/><p id=\"caption-attachment-681878\" class=\"wp-caption-text\">El diputado local panista, por el Distrito 16, Rom\u00e1n Cort\u00e9s Lugo, asisti\u00f3 al informe, en Ecatepec, del diputado federal Alfonso Ram\u00edrez Cu\u00e9llar.<\/p><\/div>\n<p>&nbsp;<\/p>\n<p>Atizap\u00e1n de Zaragoza, M\u00e9x.- La asistencia del diputado local por el Distrito 16, Rom\u00e1n Cort\u00e9s Lugo, al informe en Ecatepec, del diputado federal Alfonso Ram\u00edrez Cu\u00e9llar confirm\u00f3 que el legislador atizapense podr\u00eda sumarse al partido Morena y dejar de participar con Acci\u00f3n Nacional.<\/p>\n<p>&nbsp;<\/p>\n<p>Trascendi\u00f3 que Cort\u00e9s Lugo puede ser pieza clave para los planes de Morena en la elecci\u00f3n de 2027, ya que sus resultados y cercan\u00eda con la comunidad, a la que ha apoyado permanentemente, tiene el potencial de sumar un importante capital pol\u00edtico a quien encabece en su momento la candidatura a la presidencia municipal de Atizap\u00e1n, fortaleciendo la estructura partidista guinda.<\/p>\n<p>&nbsp;<\/p>\n<p>Cabe recordar que Rom\u00e1n Cort\u00e9s es un pol\u00edtico que cuenta con una amplia trayectoria de presencia con la ciudadan\u00eda, a la que ha beneficiado, apegado a programas de subsidio que han ayudado a miles de familias.<\/p>\n<p>&nbsp;<\/p>\n<p>Adem\u00e1s, el legislador tiene una carrera pol\u00edtica limpia, sin esc\u00e1ndalos, empatando perfectamente con los principios y valores morenistas, de no robar, no mentir y no traicionar al pueblo. Todo indica que Morena ya lo arropa para fortalecer las estructuras en Atizap\u00e1n, donde las \u00faltimas encuestas, colocan a morena arriba del PAN, que es el partido gobernante, rumbo a la renovaci\u00f3n del ayuntamiento en 2027.<\/p>\n<p>&nbsp;<\/p>\n<p>Mientras tanto, militantes y simpatizantes de Acci\u00f3n Nacional, aseguraron que \u201cdonde decida el diputado Rom\u00e1n Cort\u00e9s estar, contar\u00e1 con todo nuestro apoyo\u201d.<\/p>\n<p>&nbsp;<\/p>\n<p>&nbsp;<\/p>\n","protected":false},"excerpt":{"rendered":"<p>Asistencia a informe de Alfonso Ram\u00edrez Cu\u00e9llar \u00a0 &nbsp; Atizap\u00e1n de Zaragoza, M\u00e9x.- La asistencia del diputado local por el Distrito 16, Rom\u00e1n Cort\u00e9s Lugo, al informe en Ecatepec, del diputado federal Alfonso Ram\u00edrez Cu\u00e9llar confirm\u00f3 que el legislador atizapense podr\u00eda sumarse al partido Morena y dejar de participar con Acci\u00f3n Nacional. &nbsp; Trascendi\u00f3 que [&hellip;]<\/p>\n","protected":false},"author":14,"featured_media":681878,"comment_status":"open","ping_status":"open","sticky":false,"template":"","format":"standard","meta":{"_monsterinsights_skip_tracking":false,"_monsterinsights_sitenote_active":false,"_monsterinsights_sitenote_note":"","_monsterinsights_sitenote_category":0,"footnotes":""},"categories":[5],"tags":[],"class_list":["post-681877","post","type-post","status-publish","format-standard","has-post-thumbnail","hentry","category-estado-de-mexico"],"_links":{"self":[{"href":"https:\/\/www.diarioimagen.net\/index.php?rest_route=\/wp\/v2\/posts\/681877","targetHints":{"allow":["GET"]}}],"collection":[{"href":"https:\/\/www.diarioimagen.net\/index.php?rest_route=\/wp\/v2\/posts"}],"about":[{"href":"https:\/\/www.diarioimagen.net\/index.php?rest_route=\/wp\/v2\/types\/post"}],"author":[{"embeddable":true,"href":"https:\/\/www.diarioimagen.net\/index.php?rest_route=\/wp\/v2\/users\/14"}],"replies":[{"embeddable":true,"href":"https:\/\/www.diarioimagen.net\/index.php?rest_route=%2Fwp%2Fv2%2Fcomments&post=681877"}],"version-history":[{"count":2,"href":"https:\/\/www.diarioimagen.net\/index.php?rest_route=\/wp\/v2\/posts\/681877\/revisions"}],"predecessor-version":[{"id":681880,"href":"https:\/\/www.diarioimagen.net\/index.php?rest_route=\/wp\/v2\/posts\/681877\/revisions\/681880"}],"wp:featuredmedia":[{"embeddable":true,"href":"https:\/\/www.diarioimagen.net\/index.php?rest_route=\/wp\/v2\/media\/681878"}],"wp:attachment":[{"href":"https:\/\/www.diarioimagen.net\/index.php?rest_route=%2Fwp%2Fv2%2Fmedia&parent=681877"}],"wp:term":[{"taxonomy":"category","embeddable":true,"href":"https:\/\/www.diarioimagen.net\/index.php?rest_route=%2Fwp%2Fv2%2Fcategories&post=681877"},{"taxonomy":"post_tag","embeddable":true,"href":"https:\/\/www.diarioimagen.net\/index.php?rest_route=%2Fwp%2Fv2%2Ftags&post=681877"}],"curies":[{"name":"wp","href":"https:\/\/api.w.org\/{rel}","templated":true}]}}