{"id":681881,"date":"2025-08-27T20:34:32","date_gmt":"2025-08-28T02:34:32","guid":{"rendered":"https:\/\/www.diarioimagen.net\/?p=681881"},"modified":"2025-08-27T20:34:32","modified_gmt":"2025-08-28T02:34:32","slug":"azucena-cisneros-coss-reconocio-al-heroico-cuerpo-de-bomberos-en-su-dia","status":"publish","type":"post","link":"https:\/\/www.diarioimagen.net\/?p=681881","title":{"rendered":"Azucena Cisneros Coss reconoci\u00f3 al  Heroico Cuerpo de Bomberos en su d\u00eda"},"content":{"rendered":"<p><strong>Reciben bono y apoyo alimentario<\/strong><\/p>\n<p><strong>\u00a0<\/strong><\/p>\n<div id=\"attachment_681882\" style=\"width: 374px\" class=\"wp-caption alignnone\"><img loading=\"lazy\" decoding=\"async\" aria-describedby=\"caption-attachment-681882\" class=\"wp-image-681882 size-large\" src=\"https:\/\/www.diarioimagen.net\/wp-content\/uploads\/2025\/08\/BAENA-3-OK-13-364x270.jpg\" alt=\"\" width=\"364\" height=\"270\" srcset=\"https:\/\/www.diarioimagen.net\/wp-content\/uploads\/2025\/08\/BAENA-3-OK-13-364x270.jpg 364w, https:\/\/www.diarioimagen.net\/wp-content\/uploads\/2025\/08\/BAENA-3-OK-13-240x178.jpg 240w, https:\/\/www.diarioimagen.net\/wp-content\/uploads\/2025\/08\/BAENA-3-OK-13-768x570.jpg 768w, https:\/\/www.diarioimagen.net\/wp-content\/uploads\/2025\/08\/BAENA-3-OK-13.jpg 1500w\" sizes=\"auto, (max-width: 364px) 100vw, 364px\" \/><p id=\"caption-attachment-681882\" class=\"wp-caption-text\">Azucena Cisneros reconoci\u00f3 a bomberos de gran trayectoria en la corporaci\u00f3n, entre ellos Ricardo Gabriel Cruz Larios, \u201cBomberman\u201d, y precursor de la formaci\u00f3n de \u201ctragahumo\u201d, y \u00c1ngel Esteban Garc\u00eda Granados.<\/p><\/div>\n<p>&nbsp;<\/p>\n<p>Ecatepec, M\u00e9x.- El gobierno de este municipio celebr\u00f3 el D\u00eda del Bombero, a quienes reconoci\u00f3 por su labor y por ser el nivel de gobierno que m\u00e1s aplaude la poblaci\u00f3n, pues no solamente apagan incendios, sino que rescatan personas, apoyan en inundaciones y salvan a abejas, perros, gatos, reptiles y otros animales.<\/p>\n<p>&nbsp;<\/p>\n<p>\u201cSon los primeros que llegan a todos lados\u201d, afirm\u00f3 la alcaldesa Azucena Cisneros Coss, quien dijo estar orgullosa de las bomberas y bomberos de Ecatepec por el cuidado permanente que realizan de todos los habitantes del municipio.<\/p>\n<p>&nbsp;<\/p>\n<p>\u201cSon el nivel de gobierno que m\u00e1s aplaude la ciudadan\u00eda, porque se dedican exclusivamente a la parte humana y eso los hace muy grandes. Y en Ecatepec hay un verdadero Heroico Cuerpo de Bomberos y Protecci\u00f3n Civil. Me siento sumamente orgullosa de todos ustedes\u201d, reiter\u00f3.<\/p>\n<p>&nbsp;<\/p>\n<p>La presidenta municipal reconoci\u00f3 a bomberos de gran trayectoria y antig\u00fcedad en la corporaci\u00f3n, entre ellos Ricardo Gabriel Cruz Larios, conocido como \u201cBomberman\u201d y precursor de la formaci\u00f3n de \u201ctragahumo\u201d, y \u00c1ngel Esteban Garc\u00eda Granados.<\/p>\n<p>&nbsp;<\/p>\n<p>Cisneros Coss dijo que los elementos de la Direcci\u00f3n de Bomberos y Protecci\u00f3n Civil municipal recibieron un bono y apoyo alimentario, adem\u00e1s de que ya cuentan con seguro de vida; pr\u00f3ximamente recibir\u00e1n uniformes y el siguiente a\u00f1o evaluar\u00e1n ajuste salarial.<\/p>\n<p>&nbsp;<\/p>\n<p>\u201cVamos a seguir compensando y ayudando cada d\u00eda m\u00e1s. Ustedes encarguense de los ciudadanos en cuerpo, alma y coraz\u00f3n, y sobre todo con honestidad. La gente merece nuevos funcionarios, de primera, como lo son ustedes y con una gran conducta\u201d, expres\u00f3.<\/p>\n<p>&nbsp;<\/p>\n<p>La alcaldesa de Ecatepec dijo que no hay manera de corresponder a las familias por las horas de ausencia de los bomberos, solo con la conducta, el honor, la honestidad y los valores, por lo que \u201choy les digo a las mam\u00e1s y a las familias, a las esposas y a los hijitos: Hay que sentirse muy orgullosos de este heroico cuerpo de bomberos\u201d.<\/p>\n<p>&nbsp;<\/p>\n<p><strong>\u00a0<\/strong><\/p>\n","protected":false},"excerpt":{"rendered":"<p>Reciben bono y apoyo alimentario \u00a0 &nbsp; Ecatepec, M\u00e9x.- El gobierno de este municipio celebr\u00f3 el D\u00eda del Bombero, a quienes reconoci\u00f3 por su labor y por ser el nivel de gobierno que m\u00e1s aplaude la poblaci\u00f3n, pues no solamente apagan incendios, sino que rescatan personas, apoyan en inundaciones y salvan a abejas, perros, gatos, [&hellip;]<\/p>\n","protected":false},"author":14,"featured_media":681882,"comment_status":"open","ping_status":"open","sticky":false,"template":"","format":"standard","meta":{"_monsterinsights_skip_tracking":false,"_monsterinsights_sitenote_active":false,"_monsterinsights_sitenote_note":"","_monsterinsights_sitenote_category":0,"footnotes":""},"categories":[5],"tags":[],"class_list":["post-681881","post","type-post","status-publish","format-standard","has-post-thumbnail","hentry","category-estado-de-mexico"],"_links":{"self":[{"href":"https:\/\/www.diarioimagen.net\/index.php?rest_route=\/wp\/v2\/posts\/681881","targetHints":{"allow":["GET"]}}],"collection":[{"href":"https:\/\/www.diarioimagen.net\/index.php?rest_route=\/wp\/v2\/posts"}],"about":[{"href":"https:\/\/www.diarioimagen.net\/index.php?rest_route=\/wp\/v2\/types\/post"}],"author":[{"embeddable":true,"href":"https:\/\/www.diarioimagen.net\/index.php?rest_route=\/wp\/v2\/users\/14"}],"replies":[{"embeddable":true,"href":"https:\/\/www.diarioimagen.net\/index.php?rest_route=%2Fwp%2Fv2%2Fcomments&post=681881"}],"version-history":[{"count":1,"href":"https:\/\/www.diarioimagen.net\/index.php?rest_route=\/wp\/v2\/posts\/681881\/revisions"}],"predecessor-version":[{"id":681883,"href":"https:\/\/www.diarioimagen.net\/index.php?rest_route=\/wp\/v2\/posts\/681881\/revisions\/681883"}],"wp:featuredmedia":[{"embeddable":true,"href":"https:\/\/www.diarioimagen.net\/index.php?rest_route=\/wp\/v2\/media\/681882"}],"wp:attachment":[{"href":"https:\/\/www.diarioimagen.net\/index.php?rest_route=%2Fwp%2Fv2%2Fmedia&parent=681881"}],"wp:term":[{"taxonomy":"category","embeddable":true,"href":"https:\/\/www.diarioimagen.net\/index.php?rest_route=%2Fwp%2Fv2%2Fcategories&post=681881"},{"taxonomy":"post_tag","embeddable":true,"href":"https:\/\/www.diarioimagen.net\/index.php?rest_route=%2Fwp%2Fv2%2Ftags&post=681881"}],"curies":[{"name":"wp","href":"https:\/\/api.w.org\/{rel}","templated":true}]}}