{"id":681895,"date":"2025-08-27T21:02:45","date_gmt":"2025-08-28T03:02:45","guid":{"rendered":"https:\/\/www.diarioimagen.net\/?p=681895"},"modified":"2025-08-27T21:02:45","modified_gmt":"2025-08-28T03:02:45","slug":"despertares-regresa-al-auditorio-nacional-en-la-ciudad-de-mexico","status":"publish","type":"post","link":"https:\/\/www.diarioimagen.net\/?p=681895","title":{"rendered":"\u201cDespertares\u201d regresa al Auditorio Nacional en la Ciudad de M\u00e9xico"},"content":{"rendered":"<ul>\n<li><u>Bajo la direcci\u00f3n del virtuoso Isaac Hern\u00e1ndez\u00a0<\/u><\/li>\n<li><em>El\u00a0espect\u00e1culo de ballet m\u00e1s grande del mundo se presenta este 30 de agosto\u00a0<\/em><\/li>\n<\/ul>\n<div id=\"attachment_681896\" style=\"width: 161px\" class=\"wp-caption alignnone\"><img loading=\"lazy\" decoding=\"async\" aria-describedby=\"caption-attachment-681896\" class=\"wp-image-681896 size-large\" src=\"https:\/\/www.diarioimagen.net\/wp-content\/uploads\/2025\/08\/DESPERTARES-01-151x270.jpg\" alt=\"\" width=\"151\" height=\"270\" srcset=\"https:\/\/www.diarioimagen.net\/wp-content\/uploads\/2025\/08\/DESPERTARES-01-151x270.jpg 151w, https:\/\/www.diarioimagen.net\/wp-content\/uploads\/2025\/08\/DESPERTARES-01-134x240.jpg 134w, https:\/\/www.diarioimagen.net\/wp-content\/uploads\/2025\/08\/DESPERTARES-01-768x1371.jpg 768w, https:\/\/www.diarioimagen.net\/wp-content\/uploads\/2025\/08\/DESPERTARES-01-860x1536.jpg 860w, https:\/\/www.diarioimagen.net\/wp-content\/uploads\/2025\/08\/DESPERTARES-01-1147x2048.jpg 1147w, https:\/\/www.diarioimagen.net\/wp-content\/uploads\/2025\/08\/DESPERTARES-01-scaled.jpg 1434w\" sizes=\"auto, (max-width: 151px) 100vw, 151px\" \/><p id=\"caption-attachment-681896\" class=\"wp-caption-text\">\u201cDespertares\u201d, el encuentro de los mejores exponentes de la danza a nivel mundial.<\/p><\/div>\n<p>El espect\u00e1culo internacional de danza que re\u00fane a las estrellas de las mejores compa\u00f1\u00edas del mundo en un mismo escenario, una misma noche. Una propuesta art\u00edstica \u00fanica en M\u00e9xico.<\/p>\n<p>La Ciudad de M\u00e9xico se ha posicionado como uno de los escaparates m\u00e1s estimulantes y vibrantes en la escena del arte y el espect\u00e1culo, no en vano este a\u00f1o regresa a la metr\u00f3poli \u201cDespertares\u201d de Isaac Hern\u00e1ndez, el espect\u00e1culo de ballet m\u00e1s grande del mundo, en su s\u00e9ptima edici\u00f3n en el Auditorio Nacional y en la d\u00e9cima edici\u00f3n de \u201cDespertares\u201d, el encuentro de los mejores exponentes de la danza a nivel mundial.<\/p>\n<p>Tras dos a\u00f1os de ausencia en M\u00e9xico, regresa \u201cDespertares\u201d al Auditorio Nacional este pr\u00f3ximo 30 de agosto a las 20:30 horas, bajo la direcci\u00f3n art\u00edstica del bailar\u00edn mexicano Isaac Hern\u00e1ndez y la producci\u00f3n de Soul Arts Productions, casa productora dirigida por Emilia Hern\u00e1ndez, productora ejecutiva del espect\u00e1culo y de la cual ambos son co-fundadores.<\/p>\n<p>&nbsp;<\/p>\n<p>&nbsp;<\/p>\n","protected":false},"excerpt":{"rendered":"<p>Bajo la direcci\u00f3n del virtuoso Isaac Hern\u00e1ndez\u00a0 El\u00a0espect\u00e1culo de ballet m\u00e1s grande del mundo se presenta este 30 de agosto\u00a0 El espect\u00e1culo internacional de danza que re\u00fane a las estrellas de las mejores compa\u00f1\u00edas del mundo en un mismo escenario, una misma noche. Una propuesta art\u00edstica \u00fanica en M\u00e9xico. La Ciudad de M\u00e9xico se ha [&hellip;]<\/p>\n","protected":false},"author":14,"featured_media":681896,"comment_status":"open","ping_status":"open","sticky":false,"template":"","format":"standard","meta":{"_monsterinsights_skip_tracking":false,"_monsterinsights_sitenote_active":false,"_monsterinsights_sitenote_note":"","_monsterinsights_sitenote_category":0,"footnotes":""},"categories":[16,12],"tags":[],"class_list":["post-681895","post","type-post","status-publish","format-standard","has-post-thumbnail","hentry","category-destacadas","category-espectaculos"],"_links":{"self":[{"href":"https:\/\/www.diarioimagen.net\/index.php?rest_route=\/wp\/v2\/posts\/681895","targetHints":{"allow":["GET"]}}],"collection":[{"href":"https:\/\/www.diarioimagen.net\/index.php?rest_route=\/wp\/v2\/posts"}],"about":[{"href":"https:\/\/www.diarioimagen.net\/index.php?rest_route=\/wp\/v2\/types\/post"}],"author":[{"embeddable":true,"href":"https:\/\/www.diarioimagen.net\/index.php?rest_route=\/wp\/v2\/users\/14"}],"replies":[{"embeddable":true,"href":"https:\/\/www.diarioimagen.net\/index.php?rest_route=%2Fwp%2Fv2%2Fcomments&post=681895"}],"version-history":[{"count":1,"href":"https:\/\/www.diarioimagen.net\/index.php?rest_route=\/wp\/v2\/posts\/681895\/revisions"}],"predecessor-version":[{"id":681897,"href":"https:\/\/www.diarioimagen.net\/index.php?rest_route=\/wp\/v2\/posts\/681895\/revisions\/681897"}],"wp:featuredmedia":[{"embeddable":true,"href":"https:\/\/www.diarioimagen.net\/index.php?rest_route=\/wp\/v2\/media\/681896"}],"wp:attachment":[{"href":"https:\/\/www.diarioimagen.net\/index.php?rest_route=%2Fwp%2Fv2%2Fmedia&parent=681895"}],"wp:term":[{"taxonomy":"category","embeddable":true,"href":"https:\/\/www.diarioimagen.net\/index.php?rest_route=%2Fwp%2Fv2%2Fcategories&post=681895"},{"taxonomy":"post_tag","embeddable":true,"href":"https:\/\/www.diarioimagen.net\/index.php?rest_route=%2Fwp%2Fv2%2Ftags&post=681895"}],"curies":[{"name":"wp","href":"https:\/\/api.w.org\/{rel}","templated":true}]}}