{"id":681901,"date":"2025-08-27T21:05:43","date_gmt":"2025-08-28T03:05:43","guid":{"rendered":"https:\/\/www.diarioimagen.net\/?p=681901"},"modified":"2025-08-27T21:05:43","modified_gmt":"2025-08-28T03:05:43","slug":"en-edomex-el-poder-judicial-se-transforma-y-se-acerca-al-pueblo","status":"publish","type":"post","link":"https:\/\/www.diarioimagen.net\/?p=681901","title":{"rendered":"En Edomex, el Poder Judicial se transforma y se acerca al pueblo"},"content":{"rendered":"<ul>\n<li><strong>Informe de labores del magistrado Fernando D\u00edaz Ju\u00e1rez<\/strong><\/li>\n<\/ul>\n<p><strong>\u00a0<\/strong><\/p>\n<div id=\"attachment_681902\" style=\"width: 437px\" class=\"wp-caption alignnone\"><img loading=\"lazy\" decoding=\"async\" aria-describedby=\"caption-attachment-681902\" class=\"wp-image-681902 size-large\" src=\"https:\/\/www.diarioimagen.net\/wp-content\/uploads\/2025\/08\/EDOMEX-2-ok-10-427x270.jpg\" alt=\"\" width=\"427\" height=\"270\" srcset=\"https:\/\/www.diarioimagen.net\/wp-content\/uploads\/2025\/08\/EDOMEX-2-ok-10-427x270.jpg 427w, https:\/\/www.diarioimagen.net\/wp-content\/uploads\/2025\/08\/EDOMEX-2-ok-10-240x152.jpg 240w, https:\/\/www.diarioimagen.net\/wp-content\/uploads\/2025\/08\/EDOMEX-2-ok-10-768x485.jpg 768w, https:\/\/www.diarioimagen.net\/wp-content\/uploads\/2025\/08\/EDOMEX-2-ok-10.jpg 1500w\" sizes=\"auto, (max-width: 427px) 100vw, 427px\" \/><p id=\"caption-attachment-681902\" class=\"wp-caption-text\">Asiste la la gobernadora Delfina G\u00f3mez al informe del magistrado Fernando D\u00edaz Ju\u00e1rez, presidente del Tribunal Superior de Justicia y del Consejo de la Judicatura.<\/p><\/div>\n<p><strong>\u00a0<\/strong><\/p>\n<p><strong>\u00a0<\/strong><\/p>\n<p>&nbsp;<\/p>\n<p>Toluca, Estado de M\u00e9xico.- En el Estado de M\u00e9xico se consolida un Poder Judicial s\u00f3lido, renovado y cercano a la ciudadan\u00eda, comprometido con el respeto a los derechos humanos, afirm\u00f3 la Gobernadora Delfina G\u00f3mez \u00c1lvarez durante el informe de labores del Magistrado Fernando D\u00edaz Ju\u00e1rez, Presidente del Tribunal Superior de Justicia y del Consejo de la Judicatura.<\/p>\n<p>\u201cCada atenci\u00f3n a la ciudadan\u00eda, cada juicio que inicia y se finaliza, cada sentencia que se pronuncia tiene una sola finalidad, dar certidumbre a los mexiquenses de que sus derechos ser\u00e1n respetados, porque al margen de la ley nada y por encima de la ley nadie\u201d, asever\u00f3 la Maestra Delfina G\u00f3mez \u00c1lvarez.<\/p>\n<p>La gobernadora reconoci\u00f3 el liderazgo del Magistrado Fernando D\u00edaz para fortalecer la comunicaci\u00f3n, el entendimiento y la corresponsabilidad entre los Poderes Ejecutivo y Judicial, para servir y garantizar el bienestar del pueblo mexiquense. \u201cEn el Estado de M\u00e9xico coincidimos con la convicci\u00f3n de nuestra Presidenta, la Doctora Claudia Sheinbaum Pardo, cuando se\u00f1ala, que es muy bueno para el pa\u00eds que el Poder Judicial se renueve, se democratice y est\u00e9 al servicio del pueblo de M\u00e9xico y de la naci\u00f3n\u201d, expres\u00f3 la Maestra Delfina G\u00f3mez \u00c1lvarez.<\/p>\n<p>La mandataria estatal destac\u00f3 el avance que se ha dado en un modelo de justicia abierta, garantizando los derechos de accesibilidad para las personas con discapacidad y permitiendo el ingreso a animales de compa\u00f1\u00eda y de apoyo emocional a las sedes judiciales.<\/p>\n<p>Asimismo, subray\u00f3 el compromiso del Poder Judicial con el respeto a la dignidad y los derechos de las mujeres mexiquenses; el apoyo a personas privadas de su libertad para obtener la amnist\u00eda; y su colaboraci\u00f3n en las Mesas para la Construcci\u00f3n de la Paz para otorgar justicia a las familias mexiquenses.<\/p>\n<p>La gobernadora Delfina G\u00f3mez a\u00f1adi\u00f3 que la transformaci\u00f3n del Poder Judicial, donde por primera vez en la historia la ciudadan\u00eda eligi\u00f3 a sus integrantes, traer\u00e1 beneficios reales para las y los mexiquenses. Dese\u00f3 a las nuevas Magistradas y Magistrados todo el \u00e9xito y los llam\u00f3 a seguir el camino cercano a la gente, que escucha y aplica la justicia.<\/p>\n<p>Por su parte, Fernando D\u00edaz Ju\u00e1rez, Presidente del Tribunal Superior de Justicia y del Consejo de la Judicatura del Poder Judicial del Estado de M\u00e9xico, agradeci\u00f3 a la Mandataria mexiquense su apoyo y reconoci\u00f3 su liderazgo para impulsar una visi\u00f3n de Estado humanista y trabajo coordinado, respetando siempre, dijo, la divisi\u00f3n de poderes.<\/p>\n<p>&nbsp;<\/p>\n<p>&nbsp;<\/p>\n","protected":false},"excerpt":{"rendered":"<p>Informe de labores del magistrado Fernando D\u00edaz Ju\u00e1rez \u00a0 \u00a0 \u00a0 &nbsp; Toluca, Estado de M\u00e9xico.- En el Estado de M\u00e9xico se consolida un Poder Judicial s\u00f3lido, renovado y cercano a la ciudadan\u00eda, comprometido con el respeto a los derechos humanos, afirm\u00f3 la Gobernadora Delfina G\u00f3mez \u00c1lvarez durante el informe de labores del Magistrado Fernando [&hellip;]<\/p>\n","protected":false},"author":14,"featured_media":681902,"comment_status":"open","ping_status":"open","sticky":false,"template":"","format":"standard","meta":{"_monsterinsights_skip_tracking":false,"_monsterinsights_sitenote_active":false,"_monsterinsights_sitenote_note":"","_monsterinsights_sitenote_category":0,"footnotes":""},"categories":[16,5],"tags":[],"class_list":["post-681901","post","type-post","status-publish","format-standard","has-post-thumbnail","hentry","category-destacadas","category-estado-de-mexico"],"_links":{"self":[{"href":"https:\/\/www.diarioimagen.net\/index.php?rest_route=\/wp\/v2\/posts\/681901","targetHints":{"allow":["GET"]}}],"collection":[{"href":"https:\/\/www.diarioimagen.net\/index.php?rest_route=\/wp\/v2\/posts"}],"about":[{"href":"https:\/\/www.diarioimagen.net\/index.php?rest_route=\/wp\/v2\/types\/post"}],"author":[{"embeddable":true,"href":"https:\/\/www.diarioimagen.net\/index.php?rest_route=\/wp\/v2\/users\/14"}],"replies":[{"embeddable":true,"href":"https:\/\/www.diarioimagen.net\/index.php?rest_route=%2Fwp%2Fv2%2Fcomments&post=681901"}],"version-history":[{"count":1,"href":"https:\/\/www.diarioimagen.net\/index.php?rest_route=\/wp\/v2\/posts\/681901\/revisions"}],"predecessor-version":[{"id":681903,"href":"https:\/\/www.diarioimagen.net\/index.php?rest_route=\/wp\/v2\/posts\/681901\/revisions\/681903"}],"wp:featuredmedia":[{"embeddable":true,"href":"https:\/\/www.diarioimagen.net\/index.php?rest_route=\/wp\/v2\/media\/681902"}],"wp:attachment":[{"href":"https:\/\/www.diarioimagen.net\/index.php?rest_route=%2Fwp%2Fv2%2Fmedia&parent=681901"}],"wp:term":[{"taxonomy":"category","embeddable":true,"href":"https:\/\/www.diarioimagen.net\/index.php?rest_route=%2Fwp%2Fv2%2Fcategories&post=681901"},{"taxonomy":"post_tag","embeddable":true,"href":"https:\/\/www.diarioimagen.net\/index.php?rest_route=%2Fwp%2Fv2%2Ftags&post=681901"}],"curies":[{"name":"wp","href":"https:\/\/api.w.org\/{rel}","templated":true}]}}