{"id":681904,"date":"2025-08-27T21:07:32","date_gmt":"2025-08-28T03:07:32","guid":{"rendered":"https:\/\/www.diarioimagen.net\/?p=681904"},"modified":"2025-08-27T21:07:32","modified_gmt":"2025-08-28T03:07:32","slug":"trabajan-en-la-informalidad-mas-de-32-millones-de-personas","status":"publish","type":"post","link":"https:\/\/www.diarioimagen.net\/?p=681904","title":{"rendered":"\u00a0  Trabajan en la informalidad m\u00e1s de 32 millones de personas"},"content":{"rendered":"<ul>\n<li><strong>Se suman 549 mil personas mas este a\u00f1o<\/strong><\/li>\n<li><strong>Econom\u00eda informal supera los 6.3 billones de pesos, equivalente al 4.8% del PIB<\/strong><\/li>\n<\/ul>\n<div id=\"attachment_681905\" style=\"width: 470px\" class=\"wp-caption alignnone\"><img loading=\"lazy\" decoding=\"async\" aria-describedby=\"caption-attachment-681905\" class=\"wp-image-681905 size-large\" src=\"https:\/\/www.diarioimagen.net\/wp-content\/uploads\/2025\/08\/EMPLEO-INFORMAL-1-460x259.jpeg\" alt=\"\" width=\"460\" height=\"259\" srcset=\"https:\/\/www.diarioimagen.net\/wp-content\/uploads\/2025\/08\/EMPLEO-INFORMAL-1-460x259.jpeg 460w, https:\/\/www.diarioimagen.net\/wp-content\/uploads\/2025\/08\/EMPLEO-INFORMAL-1-240x135.jpeg 240w, https:\/\/www.diarioimagen.net\/wp-content\/uploads\/2025\/08\/EMPLEO-INFORMAL-1-768x432.jpeg 768w, https:\/\/www.diarioimagen.net\/wp-content\/uploads\/2025\/08\/EMPLEO-INFORMAL-1-1536x864.jpeg 1536w, https:\/\/www.diarioimagen.net\/wp-content\/uploads\/2025\/08\/EMPLEO-INFORMAL-1-2048x1151.jpeg 2048w, https:\/\/www.diarioimagen.net\/wp-content\/uploads\/2025\/08\/EMPLEO-INFORMAL-1-480x270.jpeg 480w, https:\/\/www.diarioimagen.net\/wp-content\/uploads\/2025\/08\/EMPLEO-INFORMAL-1-235x132.jpeg 235w, https:\/\/www.diarioimagen.net\/wp-content\/uploads\/2025\/08\/EMPLEO-INFORMAL-1-202x114.jpeg 202w, https:\/\/www.diarioimagen.net\/wp-content\/uploads\/2025\/08\/EMPLEO-INFORMAL-1-350x196.jpeg 350w, https:\/\/www.diarioimagen.net\/wp-content\/uploads\/2025\/08\/EMPLEO-INFORMAL-1-220x123.jpeg 220w, https:\/\/www.diarioimagen.net\/wp-content\/uploads\/2025\/08\/EMPLEO-INFORMAL-1-237x132.jpeg 237w\" sizes=\"auto, (max-width: 460px) 100vw, 460px\" \/><p id=\"caption-attachment-681905\" class=\"wp-caption-text\">La tasa de informalidad laboral en M\u00e9xico se ubic\u00f3 en 54.8% en el segundo trimestre de 2025, lo que representa un aumento de 0.5% respecto al mismo periodo del a\u00f1o anterior, inform\u00f3 el Inegi.<\/p><\/div>\n<p>&nbsp;<\/p>\n<p>En el segundo trimestre de 2025, el n\u00famero de personas en el empleo informal fue de 32.6 millones, un incremento de 398 mil personas respecto al mismo lapso del a\u00f1o anterior, ubicandola tasa de informalidad laboral en 54.8 por ciento, report\u00f3 el Instituto Nacional de Estad\u00edstica y Geograf\u00eda (Inegi).<\/p>\n<p>Del total de trabajadores en la informalidad, 17.2 millones forman parte del sector informal puro, es decir, trabajan en unidades econ\u00f3micas no registradas, como peque\u00f1os negocios o micronegocios familiares que no pagan impuestos ni ofrecen seguridad social. Este n\u00famero aument\u00f3 en 549 mil personas con respecto al segundo trimestre de 2024.<\/p>\n<p>La informalidad tambi\u00e9n incluye el trabajo dom\u00e9stico sin contrato, labores agropecuarias sin acceso a seguridad social y empleos en empresas o instituciones donde los trabajadores carecen de prestaciones. Por ejemplo, una mujer que cuida casas sin estar registrada oficialmente entra dentro de estas cifras.<\/p>\n<p>Entre los trabajadores informales, 7.7 millones laboran en empresas, gobierno e instituciones sin prestaciones; 5.5 millones se encuentran en el sector agropecuario; y 2.2 millones trabajan en labores dom\u00e9sticas remuneradas. Estos n\u00fameros muestran c\u00f3mo la informalidad abarca distintos tipos de empleos y no solo peque\u00f1os negocios.<\/p>\n<p>La ocupaci\u00f3n informal, seg\u00fan sexo, muestra que hubo 13.5 millones de mujeres en esta situaci\u00f3n, cifra que subi\u00f3 en 126 mil respecto a la del trimestre abril-junio de 2024.<\/p>\n<p>Por su parte, la de hombres increment\u00f3 en 273 mil, al pasar de 18.9 millones en el segundo trimestre de 2024 a 19.1 millones de varones, en el mismo periodo de este a\u00f1o.<\/p>\n<p>En tanto, y tambi\u00e9n durante el segundo trimestre de 2025, la tasa de participaci\u00f3n econ\u00f3mica, es decir, porcentaje de la poblaci\u00f3n con trabajo, o que no tuvo, pero estaba en la b\u00fasqueda activa de uno, se ubic\u00f3 en 59.5 por ciento de la poblaci\u00f3n de 15 a\u00f1os y m\u00e1s.<\/p>\n<p>Un total de 59.4 millones de personas estuvieron ocupadas, esto es 114 mil m\u00e1s en relaci\u00f3n con el segundo trimestre de 2024.<\/p>\n<p>Los sectores de actividad econ\u00f3mica con los mayores incrementos en su poblaci\u00f3n ocupada fueron transportes, comunicaciones, correo y almacenamiento, comercio, restaurantes y servicios de alojamiento, as\u00ed como servicios profesionales, financieros y corporativos.<\/p>\n<p>La ENOE tambi\u00e9n revel\u00f3 que la poblaci\u00f3n subocupada fue de 4.3 millones de personas y represent\u00f3 7.2 por ciento de la poblaci\u00f3n ocupada, porcentaje marginalmente inferior al del segundo trimestre de 2024, es decir, 7.4 por ciento.<\/p>\n<p>La tasa de condiciones cr\u00edticas de ocupaci\u00f3n (TCCO) -a partir de salarios m\u00ednimos equivalentes, base enero de 2025- fue de 32.5 por ciento. Un a\u00f1o antes fue de 36.7 por ciento.<\/p>\n<p>&nbsp;<\/p>\n<p><strong>El sureste, con los niveles m\u00e1s altos<\/strong><\/p>\n<p>&nbsp;<\/p>\n<p>Los niveles m\u00e1s altos de informalidad laboral se presentaron en Oaxaca con 78.5 por ciento, Chiapas con 78 por ciento y Guerrero con 76 por ciento, durante el segundo trimestre de 2025.<\/p>\n<p>En cambio, Nuevo Le\u00f3n registr\u00f3 el nivel m\u00e1s bajo con 33.7 por ciento, seguido de Coahuila con 34.2 por ciento, Chihuahua con 34.3 por ciento y Baja California Sur con 37.4 por ciento.<\/p>\n<p>Pese a este repunte en la informalidad, la tasa de desocupaci\u00f3n nacional se mantuvo en el segundo trimestre del a\u00f1o en 2.7%, lo que significa que 1.6 millones de personas en el pa\u00eds se encuentran sin empleo, igual que en 2024.<\/p>\n<p>Las cifras son un reflejo del comportamiento econ\u00f3mico de M\u00e9xico, que creci\u00f3 un 0.6% trimestral y un 1.2% interanual de abril a junio, con lo que acumula una subida del 0.9% en el a\u00f1o, seg\u00fan las cifras definitivas que el Inegi divulg\u00f3 la semana pasada.<\/p>\n<p>&nbsp;<\/p>\n<p><strong>\u00a0<\/strong><\/p>\n<p><strong>Tama\u00f1o de la econom\u00eda informal<\/strong><\/p>\n<p>&nbsp;<\/p>\n<p>La econom\u00eda informal en M\u00e9xico supera los 6.3 billones de pesos, esto es equivalente al 4.8 por ciento del Producto Interno Bruto (PIB) nacional, lo cual es una alerta, advirti\u00f3 la Confederaci\u00f3n de C\u00e1maras Nacionales de Comercio, Servicios y Turismo (Concanaco).<\/p>\n<p>Es por ello que reclam\u00f3 que existan aduanas fuertes para evitar el paso de productos de contrabando que afectan a la econom\u00eda formal.<\/p>\n<p>\u00abAduanas fuertes, reglas claras y trazabilidad protegen a las empresas familiares que pagan impuestos y generan empleo\u00bb, afirm\u00f3 en un comunicado Octavio de la Torre, presidente de Concanaco.<\/p>\n<p>Hizo una serie de propuestas que incluye desarrollar inteligencia aduanera y trazabilidad digital en cadenas log\u00edsticas para identificar y frenar flujos il\u00edcitos.<\/p>\n<p>Tambi\u00e9n vigilar corredores comerciales con enfoque de orden y regularizaci\u00f3n, sin criminalizar a la poblaci\u00f3n.<\/p>\n<p>Recurrir a la formalizaci\u00f3n productiva para Mipymes, mediante cr\u00e9dito simple, capacitaci\u00f3n y digitalizaci\u00f3n desde las c\u00e1maras locales.<\/p>\n<p>Adem\u00e1s entablar una mesa nacional de coordinaci\u00f3n entre entidades y c\u00e1maras para alinear operativos y simplificaci\u00f3n regulatoria.<\/p>\n<p>Y el uso del Mapa Nacional de Riesgos para el Comercio y el Turismo de Concanaco para focalizar zonas y medir resultados.<\/p>\n<p>\u00abLa Confederaci\u00f3n ha demostrado con hechos su compromiso en este tema, por ejemplo con la Movilizaci\u00f3n c\u00edvica en Ensenada en defensa de la legalidad y la entrega de Oficios dirigidos a la Secretar\u00eda de Marina, encabezada por el almirante Raymundo Pedro Morales \u00c1ngeles, y al Instituto Nacional de los Pueblos Ind\u00edgenas, presidido por Adelfo Regino Montes, solicitando su intervenci\u00f3n en corredores estrat\u00e9gicos para restablecer el orden y la certeza comercial\u00bb, se\u00f1alo De la Torre.<\/p>\n<p>&nbsp;<\/p>\n<p>&nbsp;<\/p>\n<p>&nbsp;<\/p>\n<p>&nbsp;<\/p>\n<p>&nbsp;<\/p>\n<p>&nbsp;<\/p>\n<p>&nbsp;<\/p>\n<p>&nbsp;<\/p>\n","protected":false},"excerpt":{"rendered":"<p>Se suman 549 mil personas mas este a\u00f1o Econom\u00eda informal supera los 6.3 billones de pesos, equivalente al 4.8% del PIB &nbsp; En el segundo trimestre de 2025, el n\u00famero de personas en el empleo informal fue de 32.6 millones, un incremento de 398 mil personas respecto al mismo lapso del a\u00f1o anterior, ubicandola tasa [&hellip;]<\/p>\n","protected":false},"author":14,"featured_media":681905,"comment_status":"open","ping_status":"open","sticky":false,"template":"","format":"standard","meta":{"_monsterinsights_skip_tracking":false,"_monsterinsights_sitenote_active":false,"_monsterinsights_sitenote_note":"","_monsterinsights_sitenote_category":0,"footnotes":""},"categories":[17],"tags":[],"class_list":["post-681904","post","type-post","status-publish","format-standard","has-post-thumbnail","hentry","category-especiales"],"_links":{"self":[{"href":"https:\/\/www.diarioimagen.net\/index.php?rest_route=\/wp\/v2\/posts\/681904","targetHints":{"allow":["GET"]}}],"collection":[{"href":"https:\/\/www.diarioimagen.net\/index.php?rest_route=\/wp\/v2\/posts"}],"about":[{"href":"https:\/\/www.diarioimagen.net\/index.php?rest_route=\/wp\/v2\/types\/post"}],"author":[{"embeddable":true,"href":"https:\/\/www.diarioimagen.net\/index.php?rest_route=\/wp\/v2\/users\/14"}],"replies":[{"embeddable":true,"href":"https:\/\/www.diarioimagen.net\/index.php?rest_route=%2Fwp%2Fv2%2Fcomments&post=681904"}],"version-history":[{"count":1,"href":"https:\/\/www.diarioimagen.net\/index.php?rest_route=\/wp\/v2\/posts\/681904\/revisions"}],"predecessor-version":[{"id":681906,"href":"https:\/\/www.diarioimagen.net\/index.php?rest_route=\/wp\/v2\/posts\/681904\/revisions\/681906"}],"wp:featuredmedia":[{"embeddable":true,"href":"https:\/\/www.diarioimagen.net\/index.php?rest_route=\/wp\/v2\/media\/681905"}],"wp:attachment":[{"href":"https:\/\/www.diarioimagen.net\/index.php?rest_route=%2Fwp%2Fv2%2Fmedia&parent=681904"}],"wp:term":[{"taxonomy":"category","embeddable":true,"href":"https:\/\/www.diarioimagen.net\/index.php?rest_route=%2Fwp%2Fv2%2Fcategories&post=681904"},{"taxonomy":"post_tag","embeddable":true,"href":"https:\/\/www.diarioimagen.net\/index.php?rest_route=%2Fwp%2Fv2%2Ftags&post=681904"}],"curies":[{"name":"wp","href":"https:\/\/api.w.org\/{rel}","templated":true}]}}