{"id":681910,"date":"2025-08-27T21:12:47","date_gmt":"2025-08-28T03:12:47","guid":{"rendered":"https:\/\/www.diarioimagen.net\/?p=681910"},"modified":"2025-08-27T21:12:47","modified_gmt":"2025-08-28T03:12:47","slug":"la-gran-carrera-del-desierto-revela-detalles-de-su-cuarta-edicion","status":"publish","type":"post","link":"https:\/\/www.diarioimagen.net\/?p=681910","title":{"rendered":"\u00abLa Gran Carrera del Desierto\u00bb Revela detalles de su cuarta edici\u00f3n"},"content":{"rendered":"<p>&nbsp;<\/p>\n<p><strong><em>***\u00a0Un evento que une a la comunidad, celebra la cultura ind\u00edgena y promueve el turismo sostenible en el inigualable ecosistema del Desierto de Sonora<\/em><\/strong><\/p>\n<div id=\"attachment_681911\" style=\"width: 416px\" class=\"wp-caption alignnone\"><img loading=\"lazy\" decoding=\"async\" aria-describedby=\"caption-attachment-681911\" class=\"wp-image-681911 size-large\" src=\"https:\/\/www.diarioimagen.net\/wp-content\/uploads\/2025\/08\/DESIERTO-01-406x270.jpg\" alt=\"\" width=\"406\" height=\"270\" srcset=\"https:\/\/www.diarioimagen.net\/wp-content\/uploads\/2025\/08\/DESIERTO-01-406x270.jpg 406w, https:\/\/www.diarioimagen.net\/wp-content\/uploads\/2025\/08\/DESIERTO-01-240x160.jpg 240w, https:\/\/www.diarioimagen.net\/wp-content\/uploads\/2025\/08\/DESIERTO-01-768x511.jpg 768w, https:\/\/www.diarioimagen.net\/wp-content\/uploads\/2025\/08\/DESIERTO-01-1536x1021.jpg 1536w, https:\/\/www.diarioimagen.net\/wp-content\/uploads\/2025\/08\/DESIERTO-01-2048x1361.jpg 2048w\" sizes=\"auto, (max-width: 406px) 100vw, 406px\" \/><p id=\"caption-attachment-681911\" class=\"wp-caption-text\">Un elemento distintivo de esta cuarta edici\u00f3n ser\u00e1 la participaci\u00f3n especial de\u00a0corredores rar\u00e1muri de la Sierra Tarahumara, corredores totonacas de Puebla y atletas Tohono de Arizona,\u00a0etnias legendarias reconocidas por su resistencia.<\/p><\/div>\n<p>El Gobierno del Estado de Sonora y Sabino Producciones llevaron a cabo la presentaci\u00f3n oficial de la cuarta edici\u00f3n de\u00a0<a href=\"https:\/\/www.grancarreradeldesierto.com.mx\/\">\u201cLa Gran Carrera del Desierto\u201d<\/a>(GCD), un evento que no s\u00f3lo desaf\u00eda la resistencia humana, sino que celebra la majestuosidad de uno de los ecosistemas m\u00e1s imponentes de M\u00e9xico. El anuncio, que tuvo lugar en la capital del pa\u00eds, se realiz\u00f3 con miras a la competencia que se celebrar\u00e1 los d\u00edas\u00a0<strong>18 y 19 de octubre de 2025 en el pintoresco Puerto Pe\u00f1asco.<\/strong><\/p>\n<p>El pres\u00eddium cont\u00f3 con la participaci\u00f3n del\u00a0<strong>Roberto Gradillas Pineda<\/strong>, Secretario de Econom\u00eda y Turismo de Sonora;\u00a0<strong>Brenda C\u00f3rdova Busani<\/strong>,<strong>\u00a0<\/strong>Subsecretaria de Turismo de Sonora;\u00a0<strong>Fernando Del Olmo,\u00a0<\/strong>Director General de Sabino Producciones<strong>\u00a0<\/strong>(empresa detr\u00e1s de la exitosa realizaci\u00f3n de la GCD) y\u00a0<strong>Pablo Gil<\/strong>, ultramaratonista y ganador de la GCD en 2022.<\/p>\n<p>\u201cLa Gran Carrera del Desierto no solo se ha convertido en un evento de\u00a0<em>trail running<\/em>, sino en un producto tur\u00edstico de nivel internacional. A veces\u00a0 se buscan destinos fuera del pa\u00eds, cuando aqu\u00ed tenemos lugares extraordinarios de los que debemos sentirnos orgullosos. Con esta carrera esperamos una derrama econ\u00f3mica de al menos 5 millones de pesos, pero lo que realmente buscamos es que experimenten Sonora a trav\u00e9s de la cultura, la gastronom\u00eda y sus ecosistemas\u201d, se\u00f1al\u00f3 el Mtro. Roberto Gradillas Pineda.<\/p>\n<p><strong>La Gran Carrera del Desierto,<\/strong>\u00a0un evento de\u00a0<em>trail running\u00a0<\/em>que en sus tres ediciones anteriores atrajo a corredores de \u00e9lite de diversas nacionalidades, se ha consolidado como una de las competencias m\u00e1s desafiantes y espectaculares del pa\u00eds.<\/p>\n<p>Se estima que este 2025, m\u00e1s de 600 atletas nacionales e internacionales se dar\u00e1n cita para conquistar las etapas extremas que ofrece el Desierto de Sonora, un terreno que se caracteriza por sus dunas de arena, ca\u00f1ones imponentes y paisajes lunares. \u201cPara esta edici\u00f3n habr\u00e1 una bolsa acumulada de m\u00e1s de 120 mil pesos que se repetir\u00e1n en las competencias de 10, 25, 35, 50 y 75 k. De hecho, a partir de ma\u00f1ana se abrir\u00e1 una jornada especial de registros con precios preferenciales para que nadie se quede fuera\u201d, comparti\u00f3 Fernando del Olmo.<\/p>\n<p>Un elemento distintivo de esta cuarta edici\u00f3n ser\u00e1 la participaci\u00f3n especial de\u00a0corredores rar\u00e1muri de la Sierra Tarahumara, corredores totonacas de Puebla y atletas Tohono de Arizona,\u00a0etnias legendarias reconocidas por su resistencia y su profunda conexi\u00f3n cultural con el desierto. La inclusi\u00f3n de estas comunidades afirma el compromiso de la organizaci\u00f3n con la promoci\u00f3n de los valores culturales y la inclusi\u00f3n, al tiempo que ofrece a los competidores una oportunidad \u00fanica de compartir la pista con los maestros del trail running.<\/p>\n<p>La Secretar\u00eda de Turismo de Sonora y Sabino Producciones indicaron que la justa no es solo una carrera, sino una experiencia de inmersi\u00f3n total en la naturaleza, que pone a prueba la determinaci\u00f3n y el esp\u00edritu de aventura de cada participante.<\/p>\n<p>\u201cVisitar Sonora es vivirlo, porque desde el momento que las personas llegan, las experiencias inolvidables ocurren. Es una alegr\u00eda que en octubre recibiremos a corredores de 12 pa\u00edses dispuestos a desafiar sus propios l\u00edmites\u201d, coment\u00f3 Brenda C\u00f3rdova Busani.<\/p>\n<p>Durante la presentaci\u00f3n, se revelaron las rutas oficiales, dise\u00f1adas para poner a prueba la resistencia f\u00edsica y mental de los competidores. Asimismo, se detallaron las rigurosas medidas de seguridad y la compleja log\u00edstica que garantiza el bienestar de los participantes a lo largo del recorrido.<\/p>\n<p>\u201cCorr\u00ed la Gran Carrera del Desierto en dos ocasiones y haber ganado el primer lugar en 2022 fue un sue\u00f1o. Es indescriptible lo que se siente correr en la oscuridad durante los 75 kil\u00f3metros. Adem\u00e1s, se disfruta much\u00edsimo la competencia porque te sientes seguro, y la organizaci\u00f3n de Sabino Producciones es realmente excepcional. Invito a todas y todos a conocer y correr en el impactante escenario natural del Desierto de Altar\u201d, indic\u00f3 el corredor Pablo Gil.<\/p>\n<p>Adem\u00e1s de la competencia, se anunciaron una serie de actividades complementarias que enriquecieron la experiencia de los corredores y sus acompa\u00f1antes, promoviendo el turismo y la convivencia en un ambiente festivo y deportivo.<\/p>\n<p>La historia de la<a href=\"https:\/\/www.grancarreradeldesierto.com.mx\/\">\u00a0Gran Carrera del Desierto<\/a>\u00a0ya contaba con haza\u00f1as notables. En ediciones anteriores, atletas de talla internacional como Fernando Nazario de Brasil y Chloe Behrman de Canad\u00e1, se coronaron campeones, demostrando su capacidad para conquistar las etapas m\u00e1s duras bajo condiciones clim\u00e1ticas y geogr\u00e1ficas \u00fanicas. Sus triunfos dejaron una huella imborrable en el legado de la carrera, que ahora se prepara para escribir un nuevo cap\u00edtulo.<\/p>\n<p>&nbsp;<\/p>\n<p>&nbsp;<\/p>\n<p>&nbsp;<\/p>\n","protected":false},"excerpt":{"rendered":"<p>&nbsp; ***\u00a0Un evento que une a la comunidad, celebra la cultura ind\u00edgena y promueve el turismo sostenible en el inigualable ecosistema del Desierto de Sonora El Gobierno del Estado de Sonora y Sabino Producciones llevaron a cabo la presentaci\u00f3n oficial de la cuarta edici\u00f3n de\u00a0\u201cLa Gran Carrera del Desierto\u201d(GCD), un evento que no s\u00f3lo desaf\u00eda [&hellip;]<\/p>\n","protected":false},"author":14,"featured_media":681911,"comment_status":"open","ping_status":"open","sticky":false,"template":"","format":"standard","meta":{"_monsterinsights_skip_tracking":false,"_monsterinsights_sitenote_active":false,"_monsterinsights_sitenote_note":"","_monsterinsights_sitenote_category":0,"footnotes":""},"categories":[16,12],"tags":[],"class_list":["post-681910","post","type-post","status-publish","format-standard","has-post-thumbnail","hentry","category-destacadas","category-espectaculos"],"_links":{"self":[{"href":"https:\/\/www.diarioimagen.net\/index.php?rest_route=\/wp\/v2\/posts\/681910","targetHints":{"allow":["GET"]}}],"collection":[{"href":"https:\/\/www.diarioimagen.net\/index.php?rest_route=\/wp\/v2\/posts"}],"about":[{"href":"https:\/\/www.diarioimagen.net\/index.php?rest_route=\/wp\/v2\/types\/post"}],"author":[{"embeddable":true,"href":"https:\/\/www.diarioimagen.net\/index.php?rest_route=\/wp\/v2\/users\/14"}],"replies":[{"embeddable":true,"href":"https:\/\/www.diarioimagen.net\/index.php?rest_route=%2Fwp%2Fv2%2Fcomments&post=681910"}],"version-history":[{"count":1,"href":"https:\/\/www.diarioimagen.net\/index.php?rest_route=\/wp\/v2\/posts\/681910\/revisions"}],"predecessor-version":[{"id":681912,"href":"https:\/\/www.diarioimagen.net\/index.php?rest_route=\/wp\/v2\/posts\/681910\/revisions\/681912"}],"wp:featuredmedia":[{"embeddable":true,"href":"https:\/\/www.diarioimagen.net\/index.php?rest_route=\/wp\/v2\/media\/681911"}],"wp:attachment":[{"href":"https:\/\/www.diarioimagen.net\/index.php?rest_route=%2Fwp%2Fv2%2Fmedia&parent=681910"}],"wp:term":[{"taxonomy":"category","embeddable":true,"href":"https:\/\/www.diarioimagen.net\/index.php?rest_route=%2Fwp%2Fv2%2Fcategories&post=681910"},{"taxonomy":"post_tag","embeddable":true,"href":"https:\/\/www.diarioimagen.net\/index.php?rest_route=%2Fwp%2Fv2%2Ftags&post=681910"}],"curies":[{"name":"wp","href":"https:\/\/api.w.org\/{rel}","templated":true}]}}