{"id":682084,"date":"2025-08-28T19:41:25","date_gmt":"2025-08-29T01:41:25","guid":{"rendered":"https:\/\/www.diarioimagen.net\/?p=682084"},"modified":"2025-08-28T19:41:25","modified_gmt":"2025-08-29T01:41:25","slug":"anuar-azar-transparente-el-cambio-en-los-comites-municipales-del-pan","status":"publish","type":"post","link":"https:\/\/www.diarioimagen.net\/?p=682084","title":{"rendered":"\u00a0  Anuar Azar: transparente, el cambio  en los comit\u00e9s municipales del PAN"},"content":{"rendered":"<ul>\n<li><strong>Llamado a participar<\/strong><\/li>\n<\/ul>\n<div id=\"attachment_682085\" style=\"width: 365px\" class=\"wp-caption alignnone\"><img loading=\"lazy\" decoding=\"async\" aria-describedby=\"caption-attachment-682085\" class=\"wp-image-682085 size-large\" src=\"https:\/\/www.diarioimagen.net\/wp-content\/uploads\/2025\/08\/BAENA-2-OK-13-355x270.jpg\" alt=\"\" width=\"355\" height=\"270\" srcset=\"https:\/\/www.diarioimagen.net\/wp-content\/uploads\/2025\/08\/BAENA-2-OK-13-355x270.jpg 355w, https:\/\/www.diarioimagen.net\/wp-content\/uploads\/2025\/08\/BAENA-2-OK-13-240x183.jpg 240w, https:\/\/www.diarioimagen.net\/wp-content\/uploads\/2025\/08\/BAENA-2-OK-13-768x585.jpg 768w, https:\/\/www.diarioimagen.net\/wp-content\/uploads\/2025\/08\/BAENA-2-OK-13-1536x1169.jpg 1536w, https:\/\/www.diarioimagen.net\/wp-content\/uploads\/2025\/08\/BAENA-2-OK-13-2048x1559.jpg 2048w\" sizes=\"auto, (max-width: 355px) 100vw, 355px\" \/><p id=\"caption-attachment-682085\" class=\"wp-caption-text\">Anuar Azar, l\u00edder estatal del PAN, convoc\u00f3 a todos los panistas a registrarse para que participen en el proceso de renovaci\u00f3n de los comit\u00e9s municipales.<\/p><\/div>\n<p><strong>\u00a0<\/strong><\/p>\n<p>&nbsp;<\/p>\n<p>Por Arturo Baena<\/p>\n<p>&nbsp;<\/p>\n<p>Valle de M\u00e9xico.- Como siempre lo ha hecho, el Partido Acci\u00f3n Nacional (PAN) en el Estado de M\u00e9xico, realizar\u00e1 de manera transparente y democr\u00e1tica el cambio en los comit\u00e9s municipales de ese instituto pol\u00edtico.<\/p>\n<p>&nbsp;<\/p>\n<p>As\u00ed lo dio a conocer el dirigente estatal, Anuar Azar Figueroa, luego de asegurar que el CDE aprob\u00f3 la convocatoria para renovar sus comit\u00e9s municipales en la entidad.<\/p>\n<p>&nbsp;<\/p>\n<p>Anuar Azar convoc\u00f3 e invit\u00f3 a todas y todos los panistas a registrarse para que participen en el proceso de renovaci\u00f3n de los comit\u00e9s municipales que se llevar\u00e1 a cabo antes de que termine este mes.<\/p>\n<p>&nbsp;<\/p>\n<p>&nbsp;<\/p>\n<p>\u201cEstos procesos se deben vivir como una gran oportunidad para ser lo que nos hace diferentes y distinguibles a los dem\u00e1s partidos pol\u00edticos\u00bb\u00a0 dijo.<\/p>\n<p>&nbsp;<\/p>\n<p>El tambi\u00e9n diputado destac\u00f3: \u201cnosotros s\u00ed tomamos en cuenta a nuestra militancia. Para nosotros un militantes panista es importante que tenga este espacio de expresi\u00f3n pol\u00edtica y su voto, proyecto y su forma de pensar tiene voz y tiene forma\u201d.<\/p>\n<p>&nbsp;<\/p>\n<p>Finalmente, Anuar Azar, adelant\u00f3 que los procesos electorales para la renovaci\u00f3n de las dirigencias municipales, se llevar\u00e1n a cabo de manera ordenada y democr\u00e1ticamente.<\/p>\n<p>&nbsp;<\/p>\n<p>&nbsp;<\/p>\n<p>&nbsp;<\/p>\n","protected":false},"excerpt":{"rendered":"<p>Llamado a participar \u00a0 &nbsp; Por Arturo Baena &nbsp; Valle de M\u00e9xico.- Como siempre lo ha hecho, el Partido Acci\u00f3n Nacional (PAN) en el Estado de M\u00e9xico, realizar\u00e1 de manera transparente y democr\u00e1tica el cambio en los comit\u00e9s municipales de ese instituto pol\u00edtico. &nbsp; As\u00ed lo dio a conocer el dirigente estatal, Anuar Azar Figueroa, [&hellip;]<\/p>\n","protected":false},"author":14,"featured_media":682085,"comment_status":"open","ping_status":"open","sticky":false,"template":"","format":"standard","meta":{"_monsterinsights_skip_tracking":false,"_monsterinsights_sitenote_active":false,"_monsterinsights_sitenote_note":"","_monsterinsights_sitenote_category":0,"footnotes":""},"categories":[5],"tags":[],"class_list":["post-682084","post","type-post","status-publish","format-standard","has-post-thumbnail","hentry","category-estado-de-mexico"],"_links":{"self":[{"href":"https:\/\/www.diarioimagen.net\/index.php?rest_route=\/wp\/v2\/posts\/682084","targetHints":{"allow":["GET"]}}],"collection":[{"href":"https:\/\/www.diarioimagen.net\/index.php?rest_route=\/wp\/v2\/posts"}],"about":[{"href":"https:\/\/www.diarioimagen.net\/index.php?rest_route=\/wp\/v2\/types\/post"}],"author":[{"embeddable":true,"href":"https:\/\/www.diarioimagen.net\/index.php?rest_route=\/wp\/v2\/users\/14"}],"replies":[{"embeddable":true,"href":"https:\/\/www.diarioimagen.net\/index.php?rest_route=%2Fwp%2Fv2%2Fcomments&post=682084"}],"version-history":[{"count":1,"href":"https:\/\/www.diarioimagen.net\/index.php?rest_route=\/wp\/v2\/posts\/682084\/revisions"}],"predecessor-version":[{"id":682086,"href":"https:\/\/www.diarioimagen.net\/index.php?rest_route=\/wp\/v2\/posts\/682084\/revisions\/682086"}],"wp:featuredmedia":[{"embeddable":true,"href":"https:\/\/www.diarioimagen.net\/index.php?rest_route=\/wp\/v2\/media\/682085"}],"wp:attachment":[{"href":"https:\/\/www.diarioimagen.net\/index.php?rest_route=%2Fwp%2Fv2%2Fmedia&parent=682084"}],"wp:term":[{"taxonomy":"category","embeddable":true,"href":"https:\/\/www.diarioimagen.net\/index.php?rest_route=%2Fwp%2Fv2%2Fcategories&post=682084"},{"taxonomy":"post_tag","embeddable":true,"href":"https:\/\/www.diarioimagen.net\/index.php?rest_route=%2Fwp%2Fv2%2Ftags&post=682084"}],"curies":[{"name":"wp","href":"https:\/\/api.w.org\/{rel}","templated":true}]}}