{"id":682087,"date":"2025-08-28T19:42:38","date_gmt":"2025-08-29T01:42:38","guid":{"rendered":"https:\/\/www.diarioimagen.net\/?p=682087"},"modified":"2025-08-28T19:42:38","modified_gmt":"2025-08-29T01:42:38","slug":"revista-alcaldes-de-mexico-otorga-reconocimiento-a-isaac-montoya","status":"publish","type":"post","link":"https:\/\/www.diarioimagen.net\/?p=682087","title":{"rendered":"Revista Alcaldes de M\u00e9xico otorga  reconocimiento a Isaac Montoya"},"content":{"rendered":"<ul>\n<li><strong>Premio a las Mejores Pr\u00e1cticas de Gobiernos Locales<\/strong><\/li>\n<\/ul>\n<div id=\"attachment_682088\" style=\"width: 408px\" class=\"wp-caption alignnone\"><img loading=\"lazy\" decoding=\"async\" aria-describedby=\"caption-attachment-682088\" class=\"wp-image-682088 size-large\" src=\"https:\/\/www.diarioimagen.net\/wp-content\/uploads\/2025\/08\/BAENA-3-OK-14-398x270.jpg\" alt=\"\" width=\"398\" height=\"270\" srcset=\"https:\/\/www.diarioimagen.net\/wp-content\/uploads\/2025\/08\/BAENA-3-OK-14-398x270.jpg 398w, https:\/\/www.diarioimagen.net\/wp-content\/uploads\/2025\/08\/BAENA-3-OK-14-240x163.jpg 240w, https:\/\/www.diarioimagen.net\/wp-content\/uploads\/2025\/08\/BAENA-3-OK-14-768x521.jpg 768w, https:\/\/www.diarioimagen.net\/wp-content\/uploads\/2025\/08\/BAENA-3-OK-14.jpg 1500w\" sizes=\"auto, (max-width: 398px) 100vw, 398px\" \/><p id=\"caption-attachment-682088\" class=\"wp-caption-text\">El alcalde de Naucalpan, Isaac Montoya M\u00e1rquez, recibi\u00f3 el Premio a las Mejores Pr\u00e1cticas de Gobiernos Locales 2025.<\/p><\/div>\n<p><strong>\u00a0<\/strong><\/p>\n<p>&nbsp;<\/p>\n<p>Naucalpan, M\u00e9x.- La revista Alcaldes de M\u00e9xico otorg\u00f3 al presidente municipal de Naucalpan, Isaac Montoya M\u00e1rquez, el Premio a las Mejores Pr\u00e1cticas de Gobiernos Locales 2025, en reconocimiento al trabajo realizado por la administraci\u00f3n municipal, que logr\u00f3 una recaudaci\u00f3n hist\u00f3rica en los primeros meses del arranque de este nuevo gobierno.<\/p>\n<p>&nbsp;<\/p>\n<p>Este galard\u00f3n distingue a Naucalpan como un municipio referente a nivel nacional y refleja la confianza de las y los naucalpenses en un gobierno honesto, cercano y con principios, que convierte la esperanza en resultados concretos.<\/p>\n<p>&nbsp;<\/p>\n<p>El presidente municipal se\u00f1al\u00f3 que este reconocimiento es compartido con el pueblo de Naucalpan, \u201cporque cada avance y cada logro es fruto de la confianza ciudadana y del esfuerzo colectivo por transformar la vida p\u00fablica del municipio\u201d.<\/p>\n<p>&nbsp;<\/p>\n<p>Asimismo, expres\u00f3 su agradecimiento a la revista Alcaldes de M\u00e9xico y reconoci\u00f3 su labor por visibilizar el trabajo de los gobiernos locales en todo el pa\u00eds.<\/p>\n<p>&nbsp;<\/p>\n<p>Con esta distinci\u00f3n, Naucalpan reafirma su compromiso de seguir trabajando para que la justicia social y la dignidad lleguen a cada rinc\u00f3n del municipio.<\/p>\n<p>&nbsp;<\/p>\n<p><strong>\u00a0<\/strong><\/p>\n<p>&nbsp;<\/p>\n<p><strong>\u00a0<\/strong><\/p>\n","protected":false},"excerpt":{"rendered":"<p>Premio a las Mejores Pr\u00e1cticas de Gobiernos Locales \u00a0 &nbsp; Naucalpan, M\u00e9x.- La revista Alcaldes de M\u00e9xico otorg\u00f3 al presidente municipal de Naucalpan, Isaac Montoya M\u00e1rquez, el Premio a las Mejores Pr\u00e1cticas de Gobiernos Locales 2025, en reconocimiento al trabajo realizado por la administraci\u00f3n municipal, que logr\u00f3 una recaudaci\u00f3n hist\u00f3rica en los primeros meses del [&hellip;]<\/p>\n","protected":false},"author":14,"featured_media":682088,"comment_status":"open","ping_status":"open","sticky":false,"template":"","format":"standard","meta":{"_monsterinsights_skip_tracking":false,"_monsterinsights_sitenote_active":false,"_monsterinsights_sitenote_note":"","_monsterinsights_sitenote_category":0,"footnotes":""},"categories":[5],"tags":[],"class_list":["post-682087","post","type-post","status-publish","format-standard","has-post-thumbnail","hentry","category-estado-de-mexico"],"_links":{"self":[{"href":"https:\/\/www.diarioimagen.net\/index.php?rest_route=\/wp\/v2\/posts\/682087","targetHints":{"allow":["GET"]}}],"collection":[{"href":"https:\/\/www.diarioimagen.net\/index.php?rest_route=\/wp\/v2\/posts"}],"about":[{"href":"https:\/\/www.diarioimagen.net\/index.php?rest_route=\/wp\/v2\/types\/post"}],"author":[{"embeddable":true,"href":"https:\/\/www.diarioimagen.net\/index.php?rest_route=\/wp\/v2\/users\/14"}],"replies":[{"embeddable":true,"href":"https:\/\/www.diarioimagen.net\/index.php?rest_route=%2Fwp%2Fv2%2Fcomments&post=682087"}],"version-history":[{"count":1,"href":"https:\/\/www.diarioimagen.net\/index.php?rest_route=\/wp\/v2\/posts\/682087\/revisions"}],"predecessor-version":[{"id":682089,"href":"https:\/\/www.diarioimagen.net\/index.php?rest_route=\/wp\/v2\/posts\/682087\/revisions\/682089"}],"wp:featuredmedia":[{"embeddable":true,"href":"https:\/\/www.diarioimagen.net\/index.php?rest_route=\/wp\/v2\/media\/682088"}],"wp:attachment":[{"href":"https:\/\/www.diarioimagen.net\/index.php?rest_route=%2Fwp%2Fv2%2Fmedia&parent=682087"}],"wp:term":[{"taxonomy":"category","embeddable":true,"href":"https:\/\/www.diarioimagen.net\/index.php?rest_route=%2Fwp%2Fv2%2Fcategories&post=682087"},{"taxonomy":"post_tag","embeddable":true,"href":"https:\/\/www.diarioimagen.net\/index.php?rest_route=%2Fwp%2Fv2%2Ftags&post=682087"}],"curies":[{"name":"wp","href":"https:\/\/api.w.org\/{rel}","templated":true}]}}