{"id":682096,"date":"2025-08-28T20:09:05","date_gmt":"2025-08-29T02:09:05","guid":{"rendered":"https:\/\/www.diarioimagen.net\/?p=682096"},"modified":"2025-08-28T20:09:05","modified_gmt":"2025-08-29T02:09:05","slug":"anuncia-construccion-de-nueva-linea-de-mexibus-en-nezahualcoyot","status":"publish","type":"post","link":"https:\/\/www.diarioimagen.net\/?p=682096","title":{"rendered":"Anuncia construcci\u00f3n de nueva l\u00ednea de Mexib\u00fas en Nezahualc\u00f3yot"},"content":{"rendered":"<ul>\n<li><strong>Vicente Villada-Pante\u00f3n de Los Rosales<\/strong><\/li>\n<\/ul>\n<p><strong>\u00a0<\/strong><\/p>\n<p>&nbsp;<\/p>\n<p><img loading=\"lazy\" decoding=\"async\" class=\"alignnone wp-image-682099 size-large\" src=\"https:\/\/www.diarioimagen.net\/wp-content\/uploads\/2025\/08\/EDOMEX-2-ok-11-404x270.jpg\" alt=\"\" width=\"404\" height=\"270\" srcset=\"https:\/\/www.diarioimagen.net\/wp-content\/uploads\/2025\/08\/EDOMEX-2-ok-11-404x270.jpg 404w, https:\/\/www.diarioimagen.net\/wp-content\/uploads\/2025\/08\/EDOMEX-2-ok-11-240x160.jpg 240w, https:\/\/www.diarioimagen.net\/wp-content\/uploads\/2025\/08\/EDOMEX-2-ok-11-768x513.jpg 768w, https:\/\/www.diarioimagen.net\/wp-content\/uploads\/2025\/08\/EDOMEX-2-ok-11.jpg 1500w\" sizes=\"auto, (max-width: 404px) 100vw, 404px\" \/><\/p>\n<p>&nbsp;<\/p>\n<p>&nbsp;<\/p>\n<p>Naucalpan, Estado de M\u00e9xico.- La Secretar\u00eda de Movilidad del Estado de M\u00e9xico anunci\u00f3 la construcci\u00f3n del Mexib\u00fas Vicente Villada-Pante\u00f3n de Los Rosales en el municipio de Nezahualc\u00f3yotl; obra que impulsa la presidenta Claudia Sheinbaum Pardo y la gobernadora Delfina G\u00f3mez \u00c1lvarez.<\/p>\n<p>Con una inversi\u00f3n de 600 millones de pesos, este sistema de transporte forma parte del Plan Integral del Oriente del Estado de M\u00e9xico.<\/p>\n<p>Rosa Mar\u00eda Z\u00fa\u00f1iga Canales, Directora General del Sistema de Transporte Masivo y Telef\u00e9rico del Estado de M\u00e9xico (SITRAMYTEM), indic\u00f3 que la nueva l\u00ednea del Mexib\u00fas se sumar\u00e1 a la l\u00ednea troncal Metro Pantitl\u00e1n-Chimalhuac\u00e1n, mejorando la movilidad en el Valle de M\u00e9xico.<\/p>\n<p>Explic\u00f3 que el carril confinado se construir\u00e1 en 3.5 kil\u00f3metros de la Avenida Chimalhuac\u00e1n, del municipio de Nezahualc\u00f3yotl y estar\u00e1 integrado por siete estaciones: Adelita, Carmelo P\u00e9rez, Norte\u00f1a, Me voy, Tepozanes, Secundaria 36 y CBTIS 6.<\/p>\n<p>Este tramo, ser\u00e1 atendido por 31 autobuses articulados de \u00faltima generaci\u00f3n, con baja emisi\u00f3n de contaminantes, que tendr\u00e1n la capacidad de transportar a 48 mil usuarios todos los d\u00edas.<\/p>\n<p>Con esta obra se atiende una alta demanda del servicio con unidades modernas, adem\u00e1s de que se convierte en una opci\u00f3n m\u00e1s eficiente, r\u00e1pida y c\u00f3moda, que dignifica los desplazamientos de los usuarios y el entorno urbano, con mayor iluminaci\u00f3n, pasos peatonales, andadores y seguridad.<\/p>\n<p>Mencion\u00f3 que una vez que se tengan los estudios costo-beneficio, la obra podr\u00eda estar concluida a finales del pr\u00f3ximo a\u00f1o.<\/p>\n<p>Gustavo Viurquiz, Director General de Movilidad Zona IV, dijo que con la nueva l\u00ednea del Mexib\u00fas dejar\u00e1n de circular por la avenida Chimalhuac\u00e1n un aproximado de 300 unidades de transporte p\u00fablico concesionado, con lo que se agilizar\u00e1 el tr\u00e1nsito vehicular en esta importante vialidad de Nezahualc\u00f3yotl.<\/p>\n<p>Mencion\u00f3 que, concesionarios de seis empresas de transporte, han manifestado su inter\u00e9s por incorporarse al proyecto del Mexib\u00fas, lo que mejorar\u00e1 la movilidad en el Centro de Transferencia Modal (CETRAM) Pantitl\u00e1n.<\/p>\n<p>&nbsp;<\/p>\n<p>&nbsp;<\/p>\n<p>&nbsp;<\/p>\n<p>&nbsp;<\/p>\n<p>&nbsp;<\/p>\n","protected":false},"excerpt":{"rendered":"<p>Vicente Villada-Pante\u00f3n de Los Rosales \u00a0 &nbsp; &nbsp; &nbsp; Naucalpan, Estado de M\u00e9xico.- La Secretar\u00eda de Movilidad del Estado de M\u00e9xico anunci\u00f3 la construcci\u00f3n del Mexib\u00fas Vicente Villada-Pante\u00f3n de Los Rosales en el municipio de Nezahualc\u00f3yotl; obra que impulsa la presidenta Claudia Sheinbaum Pardo y la gobernadora Delfina G\u00f3mez \u00c1lvarez. Con una inversi\u00f3n de 600 [&hellip;]<\/p>\n","protected":false},"author":14,"featured_media":682099,"comment_status":"open","ping_status":"open","sticky":false,"template":"","format":"standard","meta":{"_monsterinsights_skip_tracking":false,"_monsterinsights_sitenote_active":false,"_monsterinsights_sitenote_note":"","_monsterinsights_sitenote_category":0,"footnotes":""},"categories":[5],"tags":[],"class_list":["post-682096","post","type-post","status-publish","format-standard","has-post-thumbnail","hentry","category-estado-de-mexico"],"_links":{"self":[{"href":"https:\/\/www.diarioimagen.net\/index.php?rest_route=\/wp\/v2\/posts\/682096","targetHints":{"allow":["GET"]}}],"collection":[{"href":"https:\/\/www.diarioimagen.net\/index.php?rest_route=\/wp\/v2\/posts"}],"about":[{"href":"https:\/\/www.diarioimagen.net\/index.php?rest_route=\/wp\/v2\/types\/post"}],"author":[{"embeddable":true,"href":"https:\/\/www.diarioimagen.net\/index.php?rest_route=\/wp\/v2\/users\/14"}],"replies":[{"embeddable":true,"href":"https:\/\/www.diarioimagen.net\/index.php?rest_route=%2Fwp%2Fv2%2Fcomments&post=682096"}],"version-history":[{"count":1,"href":"https:\/\/www.diarioimagen.net\/index.php?rest_route=\/wp\/v2\/posts\/682096\/revisions"}],"predecessor-version":[{"id":682100,"href":"https:\/\/www.diarioimagen.net\/index.php?rest_route=\/wp\/v2\/posts\/682096\/revisions\/682100"}],"wp:featuredmedia":[{"embeddable":true,"href":"https:\/\/www.diarioimagen.net\/index.php?rest_route=\/wp\/v2\/media\/682099"}],"wp:attachment":[{"href":"https:\/\/www.diarioimagen.net\/index.php?rest_route=%2Fwp%2Fv2%2Fmedia&parent=682096"}],"wp:term":[{"taxonomy":"category","embeddable":true,"href":"https:\/\/www.diarioimagen.net\/index.php?rest_route=%2Fwp%2Fv2%2Fcategories&post=682096"},{"taxonomy":"post_tag","embeddable":true,"href":"https:\/\/www.diarioimagen.net\/index.php?rest_route=%2Fwp%2Fv2%2Ftags&post=682096"}],"curies":[{"name":"wp","href":"https:\/\/api.w.org\/{rel}","templated":true}]}}