{"id":682138,"date":"2025-08-28T20:45:08","date_gmt":"2025-08-29T02:45:08","guid":{"rendered":"https:\/\/www.diarioimagen.net\/?p=682138"},"modified":"2025-08-29T16:54:25","modified_gmt":"2025-08-29T22:54:25","slug":"la-loba-arranca-con-fuerza","status":"publish","type":"post","link":"https:\/\/www.diarioimagen.net\/?p=682138","title":{"rendered":"\u201cLa loba\u201d arranca con fuerza"},"content":{"rendered":"<ul>\n<li><strong>Deslumbrante su segunda serie de conciertos en CDMX<\/strong><\/li>\n<li><strong>Hace historia nuevamente en el Estadio GNP Seguros<\/strong><\/li>\n<\/ul>\n<div id=\"attachment_682139\" style=\"width: 470px\" class=\"wp-caption alignnone\"><img loading=\"lazy\" decoding=\"async\" aria-describedby=\"caption-attachment-682139\" class=\"wp-image-682139 size-large\" src=\"https:\/\/www.diarioimagen.net\/wp-content\/uploads\/2025\/08\/SHAKIRA-01-1-scaled-e1756435490578-460x246.jpg\" alt=\"\" width=\"460\" height=\"246\" srcset=\"https:\/\/www.diarioimagen.net\/wp-content\/uploads\/2025\/08\/SHAKIRA-01-1-scaled-e1756435490578-460x246.jpg 460w, https:\/\/www.diarioimagen.net\/wp-content\/uploads\/2025\/08\/SHAKIRA-01-1-scaled-e1756435490578-240x128.jpg 240w, https:\/\/www.diarioimagen.net\/wp-content\/uploads\/2025\/08\/SHAKIRA-01-1-scaled-e1756435490578-768x410.jpg 768w, https:\/\/www.diarioimagen.net\/wp-content\/uploads\/2025\/08\/SHAKIRA-01-1-scaled-e1756435490578-1536x820.jpg 1536w, https:\/\/www.diarioimagen.net\/wp-content\/uploads\/2025\/08\/SHAKIRA-01-1-scaled-e1756435490578-2048x1093.jpg 2048w\" sizes=\"auto, (max-width: 460px) 100vw, 460px\" \/><p id=\"caption-attachment-682139\" class=\"wp-caption-text\">La sorpresa de la noche fue la aparici\u00f3n de Danna, quien se uni\u00f3 a Shakira para cantar \u201cSoltera\u201d.<\/p><\/div>\n<p class=\"MsoNormal\" style=\"margin-bottom: 0in; line-height: normal;\"><span lang=\"ES-MX\" style=\"font-family: 'Times New Roman',serif; mso-fareast-font-family: 'Times New Roman'; mso-font-kerning: 0pt; mso-ligatures: none; mso-fareast-language: ES-MX;\">Shakira dio inicio con un sold out rotundo a su nueva serie de presentaciones en la capital mexicana, con un concierto emotivo y lleno de sorpresas en el Estadio GNP Seguros donde la cantautora colombiana se dispone a romper su marca para completar 12 conciertos, despu\u00e9s de su primera visita en marzo de este a\u00f1o.<br \/>\n<i>\u00ab\u00a1Nuestra primera noche en esta segunda vuelta por M\u00e9xico! \u00a1Qu\u00e9 lindo volver! Y qu\u00e9 lindo estar en esta tierra mexicana que tanto quiero!\u00bb<\/i>, expres\u00f3 Shakira visiblemente emocionada, desatando una ovaci\u00f3n que marc\u00f3 el tono de una velada inolvidable.<\/span><\/p>\n<p class=\"MsoNormal\" style=\"margin-bottom: 0in; line-height: normal;\"><span lang=\"ES-MX\" style=\"font-family: 'Times New Roman',serif; mso-fareast-font-family: 'Times New Roman'; mso-font-kerning: 0pt; mso-ligatures: none; mso-fareast-language: ES-MX;\">Shakira rindi\u00f3 un homenaje muy especial a M\u00e9xico al interpretar la ranchera \u201cSombras nada m\u00e1s\u201d. Acompa\u00f1ada por el Mariachi Gama Mil, la artista comparti\u00f3 unas palabras cargadas de mucho sentimiento: <i>\u201cEsta canci\u00f3n le gustaba mucho a mi pap\u00e1, y s\u00e9 que hoy se sentir\u00eda muy orgulloso de o\u00edrla cantar. Es del gran exponente mexicano, Javier Sol\u00eds\u201d. <\/i>Con esa dedicatoria a su padre, Shakira sell\u00f3 uno de los instantes m\u00e1s \u00edntimos de la velada. El estadio entero, con m\u00e1s de 50 mil voces al un\u00edsono, la acompa\u00f1\u00f3 en un momento hist\u00f3rico que trascendi\u00f3 lo musical para convertirse en un tributo sentido y lleno de amor.<br \/>\nTambien expres\u00f3 su gratitud al p\u00fablico mexicano por haber sido el primer pa\u00eds en recibirla m\u00e1s all\u00e1 de Colombia, y les dedic\u00f3 <i>Antolog\u00eda<\/i>, uno de sus temas m\u00e1s queridos. <\/span><\/p>\n<p class=\"MsoNormal\" style=\"margin-bottom: 0in; line-height: normal;\"><span lang=\"ES-MX\" style=\"font-family: 'Times New Roman',serif; mso-fareast-font-family: 'Times New Roman'; mso-font-kerning: 0pt; mso-ligatures: none; mso-fareast-language: ES-MX;\">La sorpresa de la noche fue la aparici\u00f3n de Danna, quien se uni\u00f3 a Shakira para cantar \u201cSoltera\u201d. La colaboraci\u00f3n desat\u00f3 la euforia del p\u00fablico y se convirti\u00f3 en uno de los momentos m\u00e1s celebrados y vibrantes de la velada.<\/span><\/p>\n<p class=\"MsoNormal\" style=\"margin-bottom: 0in; line-height: normal;\"><span lang=\"ES-MX\" style=\"font-family: 'Times New Roman',serif; mso-fareast-font-family: 'Times New Roman'; mso-font-kerning: 0pt; mso-ligatures: none; mso-fareast-language: ES-MX;\">Despu\u00e9s de lograr lo que nadie hab\u00eda conseguido y recorrer el norte del pa\u00eds reuniendo a cientos de miles de fans, Shakira hizo historia nuevamente en el Estadio GNP Seguros, donde ya hab\u00eda impuesto r\u00e9cord con siete fechas agotadas en marzo. En esta nueva etapa, ofrecer\u00e1 cuatro conciertos en la capital (29 y 30 de agosto) antes de continuar su gira por Quer\u00e9taro, Guadalajara y Puebla.<\/span><\/p>\n<p><!--StartFragment--> <!--EndFragment--><\/p>\n<p class=\"MsoNormal\" style=\"margin-bottom: 0in; line-height: normal;\"><span lang=\"ES-MX\" style=\"font-family: 'Times New Roman',serif; mso-fareast-font-family: 'Times New Roman'; mso-font-kerning: 0pt; mso-ligatures: none; mso-fareast-language: ES-MX;\">M\u00e1s all\u00e1 de lo musical, la serie de conciertos de Shakira tambi\u00e9n genera un impacto econ\u00f3mico y social significativo en la Ciudad de M\u00e9xico, al activar sectores como turismo, transporte, gastronom\u00eda y comercio, consolidando a la capital como un referente cultural y musical a nivel global.<b><br \/>\n<\/b>Con este regreso, Shakira y OCESA escriben un nuevo cap\u00edtulo en la historia del entretenimiento en vivo en M\u00e9xico: una etapa vibrante que quedar\u00e1 en la memoria de millones de fans.<b><br style=\"mso-special-character: line-break;\" \/><!-- [if !supportLineBreakNewLine]--><br style=\"mso-special-character: line-break;\" \/><!--[endif]--><\/b><\/span><\/p>\n<blockquote><p>Pr\u00f3ximas fechas: \u00b7 Ciudad de M\u00e9xico: 29 y 30 de agosto, Estadio GNP Seguros \u00b7 Quer\u00e9taro: 2 y 3 de septiembre, Estadio Corregidora \u00b7 Guadalajara: 6 y 7 de septiembre, Estadio Akron \u00b7 Puebla: 11 y 12 de septiembre, Estadio Cuauht\u00e9moc \u00b7 Ciudad de M\u00e9xico: 18 de septiembre, Estadio GNP Seguros \u00b7 Veracruz: 24 de septiembre, Estadio Luis Pirata Fuente<\/p><\/blockquote>\n","protected":false},"excerpt":{"rendered":"<p>Deslumbrante su segunda serie de conciertos en CDMX Hace historia nuevamente en el Estadio GNP Seguros Shakira dio inicio con un sold out rotundo a su nueva serie de presentaciones en la capital mexicana, con un concierto emotivo y lleno de sorpresas en el Estadio GNP Seguros donde la cantautora colombiana se dispone a romper [&hellip;]<\/p>\n","protected":false},"author":14,"featured_media":682139,"comment_status":"open","ping_status":"open","sticky":false,"template":"","format":"standard","meta":{"_monsterinsights_skip_tracking":false,"_monsterinsights_sitenote_active":false,"_monsterinsights_sitenote_note":"","_monsterinsights_sitenote_category":0,"footnotes":""},"categories":[16,12],"tags":[],"class_list":["post-682138","post","type-post","status-publish","format-standard","has-post-thumbnail","hentry","category-destacadas","category-espectaculos"],"_links":{"self":[{"href":"https:\/\/www.diarioimagen.net\/index.php?rest_route=\/wp\/v2\/posts\/682138","targetHints":{"allow":["GET"]}}],"collection":[{"href":"https:\/\/www.diarioimagen.net\/index.php?rest_route=\/wp\/v2\/posts"}],"about":[{"href":"https:\/\/www.diarioimagen.net\/index.php?rest_route=\/wp\/v2\/types\/post"}],"author":[{"embeddable":true,"href":"https:\/\/www.diarioimagen.net\/index.php?rest_route=\/wp\/v2\/users\/14"}],"replies":[{"embeddable":true,"href":"https:\/\/www.diarioimagen.net\/index.php?rest_route=%2Fwp%2Fv2%2Fcomments&post=682138"}],"version-history":[{"count":2,"href":"https:\/\/www.diarioimagen.net\/index.php?rest_route=\/wp\/v2\/posts\/682138\/revisions"}],"predecessor-version":[{"id":682239,"href":"https:\/\/www.diarioimagen.net\/index.php?rest_route=\/wp\/v2\/posts\/682138\/revisions\/682239"}],"wp:featuredmedia":[{"embeddable":true,"href":"https:\/\/www.diarioimagen.net\/index.php?rest_route=\/wp\/v2\/media\/682139"}],"wp:attachment":[{"href":"https:\/\/www.diarioimagen.net\/index.php?rest_route=%2Fwp%2Fv2%2Fmedia&parent=682138"}],"wp:term":[{"taxonomy":"category","embeddable":true,"href":"https:\/\/www.diarioimagen.net\/index.php?rest_route=%2Fwp%2Fv2%2Fcategories&post=682138"},{"taxonomy":"post_tag","embeddable":true,"href":"https:\/\/www.diarioimagen.net\/index.php?rest_route=%2Fwp%2Fv2%2Ftags&post=682138"}],"curies":[{"name":"wp","href":"https:\/\/api.w.org\/{rel}","templated":true}]}}