{"id":682273,"date":"2025-08-31T19:59:07","date_gmt":"2025-09-01T01:59:07","guid":{"rendered":"https:\/\/www.diarioimagen.net\/?p=682273"},"modified":"2025-08-31T19:59:07","modified_gmt":"2025-09-01T01:59:07","slug":"el-de-delfina-gomez-un-gobierno-eficaz-y-transparente-paulo-lara","status":"publish","type":"post","link":"https:\/\/www.diarioimagen.net\/?p=682273","title":{"rendered":"El de Delfina G\u00f3mez, un gobierno  eficaz y transparente: Paulo Lara"},"content":{"rendered":"<ul>\n<li><strong>Reconocida con el galard\u00f3n \u201cLas m\u00e1s Innovadoras 2024\u201d<\/strong><\/li>\n<\/ul>\n<div id=\"attachment_682274\" style=\"width: 251px\" class=\"wp-caption alignnone\"><img loading=\"lazy\" decoding=\"async\" aria-describedby=\"caption-attachment-682274\" class=\"wp-image-682274 size-large\" src=\"https:\/\/www.diarioimagen.net\/wp-content\/uploads\/2025\/08\/BAENA-2-OK-14-241x270.jpg\" alt=\"\" width=\"241\" height=\"270\" srcset=\"https:\/\/www.diarioimagen.net\/wp-content\/uploads\/2025\/08\/BAENA-2-OK-14-241x270.jpg 241w, https:\/\/www.diarioimagen.net\/wp-content\/uploads\/2025\/08\/BAENA-2-OK-14-214x240.jpg 214w, https:\/\/www.diarioimagen.net\/wp-content\/uploads\/2025\/08\/BAENA-2-OK-14-768x860.jpg 768w, https:\/\/www.diarioimagen.net\/wp-content\/uploads\/2025\/08\/BAENA-2-OK-14-1372x1536.jpg 1372w, https:\/\/www.diarioimagen.net\/wp-content\/uploads\/2025\/08\/BAENA-2-OK-14-1830x2048.jpg 1830w\" sizes=\"auto, (max-width: 241px) 100vw, 241px\" \/><p id=\"caption-attachment-682274\" class=\"wp-caption-text\">El regidor Paulo Lara Saavedra expres\u00f3 que la administraci\u00f3n de la gobernadora Delfina G\u00f3mez ha dado una de las m\u00e1s eficientes y transparentes de la historia de la entidad mexiquense.<\/p><\/div>\n<p>&nbsp;<\/p>\n<p>Por Arturo Baena<\/p>\n<p>&nbsp;<\/p>\n<p>Naucalpan, M\u00e9x.- Hay que aplaudir y exaltar el actual gobierno mexiquense, toda vez que\u00a0 por la implementaci\u00f3n de pr\u00e1cticas que facilitan el uso de las tecnolog\u00edas en distintas \u00e1reas, entre ellas el quehacer gubernamental, la gobernadora Delfina G\u00f3mez fue reconocida con el galard\u00f3n \u201cLas m\u00e1s Innovadoras 2024\u201d, que otorga Netmedia de Digixem360 Company.<\/p>\n<p>&nbsp;<\/p>\n<p>As\u00ed lo expres\u00f3 el regidor y Comisario del OAPAS en este municipio, Paulo Lara Saavedra, luego de expresar que \u201cla administraci\u00f3n de la gobernadora Delfina G\u00f3mez ha dado una de las m\u00e1s eficientes y transparentes de la historia de la entidad mexiquense\u201d, dijo.<\/p>\n<p>&nbsp;<\/p>\n<p>Psulo Lara inform\u00f3 sobre este galard\u00f3n con el que se reconocen las pr\u00e1cticas innovadoras implementadas a un a\u00f1o de gesti\u00f3n, con lo que adem\u00e1s de facilitar los tr\u00e1mites y servicios de la administraci\u00f3n estatal, se coadyuva en temas como la transparencia y el uso eficiente de los recursos p\u00fablicos, ya que no tuvo ning\u00fan costo para el gobierno.<\/p>\n<p>&nbsp;<\/p>\n<p>La Agencia Digital del Estado de M\u00e9xico fue reconocida por el dise\u00f1o de \u201cLlave Edomex\u201d, que es una aplicaci\u00f3n que concentra los tr\u00e1mites y servicios del gobierno. Presenta la informaci\u00f3n de manera novedosa, porque convergen en una sola pantalla diversos contenidos. Utiliza la Clave \u00danica de Tr\u00e1mites y Servicios (CUTS) para verificar la identidad digital de las y los ciudadanos.<\/p>\n<p>&nbsp;<\/p>\n<p>Desde la app se pueden obtener dos de los certificados m\u00e1s solicitados como requisito a tr\u00e1mites: no deudor alimentario y no antecedentes penales. Adem\u00e1s de pagar servicios como el agua, predial y tenencia.<\/p>\n<p>&nbsp;<\/p>\n","protected":false},"excerpt":{"rendered":"<p>Reconocida con el galard\u00f3n \u201cLas m\u00e1s Innovadoras 2024\u201d &nbsp; Por Arturo Baena &nbsp; Naucalpan, M\u00e9x.- Hay que aplaudir y exaltar el actual gobierno mexiquense, toda vez que\u00a0 por la implementaci\u00f3n de pr\u00e1cticas que facilitan el uso de las tecnolog\u00edas en distintas \u00e1reas, entre ellas el quehacer gubernamental, la gobernadora Delfina G\u00f3mez fue reconocida con el [&hellip;]<\/p>\n","protected":false},"author":14,"featured_media":682274,"comment_status":"open","ping_status":"open","sticky":false,"template":"","format":"standard","meta":{"_monsterinsights_skip_tracking":false,"_monsterinsights_sitenote_active":false,"_monsterinsights_sitenote_note":"","_monsterinsights_sitenote_category":0,"footnotes":""},"categories":[5],"tags":[],"class_list":["post-682273","post","type-post","status-publish","format-standard","has-post-thumbnail","hentry","category-estado-de-mexico"],"_links":{"self":[{"href":"https:\/\/www.diarioimagen.net\/index.php?rest_route=\/wp\/v2\/posts\/682273","targetHints":{"allow":["GET"]}}],"collection":[{"href":"https:\/\/www.diarioimagen.net\/index.php?rest_route=\/wp\/v2\/posts"}],"about":[{"href":"https:\/\/www.diarioimagen.net\/index.php?rest_route=\/wp\/v2\/types\/post"}],"author":[{"embeddable":true,"href":"https:\/\/www.diarioimagen.net\/index.php?rest_route=\/wp\/v2\/users\/14"}],"replies":[{"embeddable":true,"href":"https:\/\/www.diarioimagen.net\/index.php?rest_route=%2Fwp%2Fv2%2Fcomments&post=682273"}],"version-history":[{"count":1,"href":"https:\/\/www.diarioimagen.net\/index.php?rest_route=\/wp\/v2\/posts\/682273\/revisions"}],"predecessor-version":[{"id":682275,"href":"https:\/\/www.diarioimagen.net\/index.php?rest_route=\/wp\/v2\/posts\/682273\/revisions\/682275"}],"wp:featuredmedia":[{"embeddable":true,"href":"https:\/\/www.diarioimagen.net\/index.php?rest_route=\/wp\/v2\/media\/682274"}],"wp:attachment":[{"href":"https:\/\/www.diarioimagen.net\/index.php?rest_route=%2Fwp%2Fv2%2Fmedia&parent=682273"}],"wp:term":[{"taxonomy":"category","embeddable":true,"href":"https:\/\/www.diarioimagen.net\/index.php?rest_route=%2Fwp%2Fv2%2Fcategories&post=682273"},{"taxonomy":"post_tag","embeddable":true,"href":"https:\/\/www.diarioimagen.net\/index.php?rest_route=%2Fwp%2Fv2%2Ftags&post=682273"}],"curies":[{"name":"wp","href":"https:\/\/api.w.org\/{rel}","templated":true}]}}