{"id":682502,"date":"2025-09-01T19:12:21","date_gmt":"2025-09-02T01:12:21","guid":{"rendered":"https:\/\/www.diarioimagen.net\/?p=682502"},"modified":"2025-09-01T19:12:21","modified_gmt":"2025-09-02T01:12:21","slug":"villa-maria-pertenece-a-melchor-ocampo-aclara-victoria-viquez","status":"publish","type":"post","link":"https:\/\/www.diarioimagen.net\/?p=682502","title":{"rendered":"Villa Mar\u00eda pertenece a Melchor  Ocampo, aclara Victoria V\u00edquez"},"content":{"rendered":"<ul>\n<li><strong>Refuta a la alcaldesa de Cuautitl\u00e1n<\/strong><\/li>\n<\/ul>\n<div id=\"attachment_682503\" style=\"width: 448px\" class=\"wp-caption alignnone\"><img loading=\"lazy\" decoding=\"async\" aria-describedby=\"caption-attachment-682503\" class=\"wp-image-682503 size-large\" src=\"https:\/\/www.diarioimagen.net\/wp-content\/uploads\/2025\/09\/BAENA-2-ok-438x270.jpg\" alt=\"\" width=\"438\" height=\"270\" srcset=\"https:\/\/www.diarioimagen.net\/wp-content\/uploads\/2025\/09\/BAENA-2-ok-438x270.jpg 438w, https:\/\/www.diarioimagen.net\/wp-content\/uploads\/2025\/09\/BAENA-2-ok-240x148.jpg 240w, https:\/\/www.diarioimagen.net\/wp-content\/uploads\/2025\/09\/BAENA-2-ok-768x473.jpg 768w, https:\/\/www.diarioimagen.net\/wp-content\/uploads\/2025\/09\/BAENA-2-ok-1536x946.jpg 1536w, https:\/\/www.diarioimagen.net\/wp-content\/uploads\/2025\/09\/BAENA-2-ok-2048x1261.jpg 2048w\" sizes=\"auto, (max-width: 438px) 100vw, 438px\" \/><p id=\"caption-attachment-682503\" class=\"wp-caption-text\">La alcaldesa de Melchor Ocampo, Victoria V\u00edquez Vega, inform\u00f3 que el poblado de Villa Mar\u00eda pertenece a Melchor Ocampo y no a Cuautitl\u00e1n, como ha declarado su hom\u00f3loga Juana Carrillo.<\/p><\/div>\n<p>&nbsp;<\/p>\n<p>&nbsp;<\/p>\n<p>Melchor Ocampo, M\u00e9x.- En conferencia de prensa, la alcaldesa Victoria V\u00edquez Vega inform\u00f3 que el poblado de Villa Mar\u00eda pertenece a Melchor Ocampo\u00a0 y no a Cuautitl\u00e1n, como a trav\u00e9s de \u201cmanifestaciones tendenciosas y dolosas, con la intenci\u00f3n de confundir a nuestros vecinos\u201d efectu\u00f3, a trav\u00e9s de TikTok, Juana Carrillo, quien est\u00e1 al frente del ayuntamiento de este \u00faltimo territorio.<\/p>\n<p>&nbsp;<\/p>\n<p>Al hacer una cronolog\u00eda en relaci\u00f3n al diferendo existente en torno a ese poblado, V\u00edquez Vega dijo que en el a\u00f1o 2020, el Instituto Nacional Electoral realiz\u00f3 una incorrecta redistritaci\u00f3n electoral, asignando la secci\u00f3n electoral a la que pertenecen el ejido de Villa Mar\u00eda, La Reforma, San Quirino, El Tejado, y\u00a0 \u00c1lamos III al municipio de Cuautitl\u00e1n.<\/p>\n<p>&nbsp;<\/p>\n<p>La presidenta municipal de Melchor Ocampo fue contundente al se\u00f1alar que \u201cel INE no es autoridad en materia de l\u00edmites territoriales. Ya que \u00fanicamente la legislatura local puede pronunciarse en tal materia, a trav\u00e9s de su Comisi\u00f3n de L\u00edmites Territoriales o a trav\u00e9s de un decreto que emita la propia Legislatura\u201d<\/p>\n<p>&nbsp;<\/p>\n<p>\u201cHemos llevado a cabo diversas acciones para defender nuestro territorio, ya que la presidenta de Cuautitl\u00e1n, pretende despojarnos de esa parte del territorio\u201d, agreg\u00f3 Victoria V\u00edquez, quien se encuentra al frente del gobierno de Melchor Ocampo por segunda ocasi\u00f3n consecutiva.<\/p>\n<p>&nbsp;<\/p>\n<p>Asimismo, a\u00f1adi\u00f3 que Cuautitl\u00e1n otorg\u00f3 licencia de construcci\u00f3n a la empresa denominada Fideicomiso de Administraci\u00f3n F\/5269, con el n\u00famero LC-023-037, con ubicaci\u00f3n en Carretera Cuautitl\u00e1n Zumpango Km 09., adem\u00e1s de licencia de Movimiento de Tierras para Bodegas (nave 1 y 2) en fecha 18 de abril del a\u00f1o 2023, por ello se vieron en la necesidad de demandar diferentes juicios.<\/p>\n<p>&nbsp;<\/p>\n<p>Entre ellos, la alcaldesa melchorocampense y ciudadanos de la comunidad de Villa Mar\u00eda promovieron un juicio de amparo\u00a0 para detener dicha construcci\u00f3n, el cual fue radicado en septiembre del 2023 en el Juzgado D\u00e9cimo Tercero de Distrito con Residencia en Naucalpan de Ju\u00e1rez, Estado de M\u00e9xico; bajo el n\u00famero de expediente 1151\/2023.<\/p>\n<p>&nbsp;<\/p>\n<p>&nbsp;<\/p>\n<p>&nbsp;<\/p>\n","protected":false},"excerpt":{"rendered":"<p>Refuta a la alcaldesa de Cuautitl\u00e1n &nbsp; &nbsp; Melchor Ocampo, M\u00e9x.- En conferencia de prensa, la alcaldesa Victoria V\u00edquez Vega inform\u00f3 que el poblado de Villa Mar\u00eda pertenece a Melchor Ocampo\u00a0 y no a Cuautitl\u00e1n, como a trav\u00e9s de \u201cmanifestaciones tendenciosas y dolosas, con la intenci\u00f3n de confundir a nuestros vecinos\u201d efectu\u00f3, a trav\u00e9s de [&hellip;]<\/p>\n","protected":false},"author":14,"featured_media":682503,"comment_status":"open","ping_status":"open","sticky":false,"template":"","format":"standard","meta":{"_monsterinsights_skip_tracking":false,"_monsterinsights_sitenote_active":false,"_monsterinsights_sitenote_note":"","_monsterinsights_sitenote_category":0,"footnotes":""},"categories":[5],"tags":[],"class_list":["post-682502","post","type-post","status-publish","format-standard","has-post-thumbnail","hentry","category-estado-de-mexico"],"_links":{"self":[{"href":"https:\/\/www.diarioimagen.net\/index.php?rest_route=\/wp\/v2\/posts\/682502","targetHints":{"allow":["GET"]}}],"collection":[{"href":"https:\/\/www.diarioimagen.net\/index.php?rest_route=\/wp\/v2\/posts"}],"about":[{"href":"https:\/\/www.diarioimagen.net\/index.php?rest_route=\/wp\/v2\/types\/post"}],"author":[{"embeddable":true,"href":"https:\/\/www.diarioimagen.net\/index.php?rest_route=\/wp\/v2\/users\/14"}],"replies":[{"embeddable":true,"href":"https:\/\/www.diarioimagen.net\/index.php?rest_route=%2Fwp%2Fv2%2Fcomments&post=682502"}],"version-history":[{"count":1,"href":"https:\/\/www.diarioimagen.net\/index.php?rest_route=\/wp\/v2\/posts\/682502\/revisions"}],"predecessor-version":[{"id":682504,"href":"https:\/\/www.diarioimagen.net\/index.php?rest_route=\/wp\/v2\/posts\/682502\/revisions\/682504"}],"wp:featuredmedia":[{"embeddable":true,"href":"https:\/\/www.diarioimagen.net\/index.php?rest_route=\/wp\/v2\/media\/682503"}],"wp:attachment":[{"href":"https:\/\/www.diarioimagen.net\/index.php?rest_route=%2Fwp%2Fv2%2Fmedia&parent=682502"}],"wp:term":[{"taxonomy":"category","embeddable":true,"href":"https:\/\/www.diarioimagen.net\/index.php?rest_route=%2Fwp%2Fv2%2Fcategories&post=682502"},{"taxonomy":"post_tag","embeddable":true,"href":"https:\/\/www.diarioimagen.net\/index.php?rest_route=%2Fwp%2Fv2%2Ftags&post=682502"}],"curies":[{"name":"wp","href":"https:\/\/api.w.org\/{rel}","templated":true}]}}