{"id":682545,"date":"2025-09-01T20:59:02","date_gmt":"2025-09-02T02:59:02","guid":{"rendered":"https:\/\/www.diarioimagen.net\/?p=682545"},"modified":"2025-09-01T20:59:02","modified_gmt":"2025-09-02T02:59:02","slug":"la-sonora-santanera-celebro-doblemente-el-dia-del-abuelo","status":"publish","type":"post","link":"https:\/\/www.diarioimagen.net\/?p=682545","title":{"rendered":"La Sonora Santanera celebr\u00f3 doblemente el \u00abD\u00eda Del Abuelo\u00bb  \u00a0"},"content":{"rendered":"<ul>\n<li><strong>Con presentaciones en la Ciudad de M\u00e9xico <\/strong><\/li>\n<li><strong>En un evento organizado por la jefa de gobierno Clara Brugada y otro en la Alcald\u00eda Iztapalapa<\/strong><\/li>\n<\/ul>\n<div id=\"attachment_682546\" style=\"width: 408px\" class=\"wp-caption alignnone\"><img loading=\"lazy\" decoding=\"async\" aria-describedby=\"caption-attachment-682546\" class=\"wp-image-682546 size-large\" src=\"https:\/\/www.diarioimagen.net\/wp-content\/uploads\/2025\/09\/SONORA01-OK-398x270.jpg\" alt=\"\" width=\"398\" height=\"270\" srcset=\"https:\/\/www.diarioimagen.net\/wp-content\/uploads\/2025\/09\/SONORA01-OK-398x270.jpg 398w, https:\/\/www.diarioimagen.net\/wp-content\/uploads\/2025\/09\/SONORA01-OK-240x163.jpg 240w, https:\/\/www.diarioimagen.net\/wp-content\/uploads\/2025\/09\/SONORA01-OK-768x521.jpg 768w, https:\/\/www.diarioimagen.net\/wp-content\/uploads\/2025\/09\/SONORA01-OK-1536x1041.jpg 1536w, https:\/\/www.diarioimagen.net\/wp-content\/uploads\/2025\/09\/SONORA01-OK-2048x1388.jpg 2048w\" sizes=\"auto, (max-width: 398px) 100vw, 398px\" \/><p id=\"caption-attachment-682546\" class=\"wp-caption-text\">La Sonora Santanera sigue consintiendo al p\u00fablico que la ha seguido a lo largo de 7 d\u00e9cadas.<\/p><\/div>\n<p>La Sonora Santanera sigue consintiendo al p\u00fablico que la ha seguido a lo largo de 7 d\u00e9cadas, adem\u00e1s de continuar conquistando el gusto de las nuevas generaciones. Es por eso que este fin de semana la agrupaci\u00f3n fundada por don Carlos Colorado Vera celebr\u00f3 doblemente el \u00abD\u00eda del Abuelo\u00bb, donde miles de adultos mayores cantaron y bailaron sus \u00e9xitos La Boa, Perfume de Gardenia, Fruto Robado, El Botones, Hilos de Plata, Dios si Perdona, El Mudo, El Ladr\u00f3n y A Muchos a\u00f1os, entre otros.<\/p>\n<p>El primero de estos eventos masivos fue el organizado por la jefa de gobierno de la CDMX Clara Brugada, baile denominado \u00abVivan los Corazones de Plata\u00bb que se realiz\u00f3 gratuitamente en el Estadio Jes\u00fas Mart\u00ednez \u00abPalillo\u00bb de la Ciudad Deportiva Magdalena Mixhuca, a un costado del Estadio GNP donde precisamente La Sonora Santanera arranc\u00f3 los festejos por su 70 aniversario, el pasado 10 de diciembre ante m\u00e1s de 70 mil personas.<\/p>\n<p>Para la agrupaci\u00f3n fue muy significativo actuar este s\u00e1bado en el Estadio Jes\u00fas Mart\u00ednez \u00abPalillo\u00bb, pues precisamente fue este comediante quien rebautiz\u00f3 a la agrupaci\u00f3n como La Sonora Santanera a finales de los a\u00f1os 50, durante una temporada que realizaron en el teatro Follies Berger, dejando atr\u00e1s su nombre inicial de conjunto Tropical Santanera.<\/p>\n<p>Pero la fiesta continu\u00f3 ya que el mismo s\u00e1bado 30 de agosto, La Sonora Santanera tambi\u00e9n celebr\u00f3 a los adultos mayores de la Alcald\u00eda Iztapalapa por invitaci\u00f3n de la alcaldesa Aleida Alavez, quien agradeci\u00f3 a la agrupaci\u00f3n haber llevado m\u00fasica y alegr\u00eda a los miles de asistentes que disfrutaron y bailaron otros grandes \u00e9xitos como Coraz\u00f3n de Acero, Por un Pu\u00f1ado de Oro, Luces de Nueva York, Musita, Pena Negra y El Orangut\u00e1n, entro otros.<\/p>\n<p>La Sonora Santanera contin\u00faa celebrando en grande los 70 a\u00f1os de su fundaci\u00f3n con importantes eventos como la celebraci\u00f3n del Grito de Independencia en Ecatepec, Estado de M\u00e9xico y la participaci\u00f3n en programas especiales de televisi\u00f3n con motivo de las Fiestas Patrias, adem\u00e1s de su incursi\u00f3n estelar interpretando el tema de salida de la telenovela \u00abAmanecer\u00bb producida por Juan Osorio, que se transmite de lunes a viernes a las 9:30 de la noche por Las Estrellas de la cadena TelevisaUnivisi\u00f3n.<\/p>\n<p>&nbsp;<\/p>\n<blockquote><p><strong>\u00a0El primero de estos eventos masivos fue el organizado por la jefa de gobierno de la CDMX Clara Brugada, baile denominado \u00abVivan los Corazones de Plata\u00bb que se realiz\u00f3 gratuitamente en el Estadio Jes\u00fas Mart\u00ednez \u00abPalillo\u00bb de la Ciudad Deportiva Magdalena Mixhuca.<\/strong><\/p><\/blockquote>\n<p><strong>\u00a0<\/strong><\/p>\n<p>&nbsp;<\/p>\n","protected":false},"excerpt":{"rendered":"<p>Con presentaciones en la Ciudad de M\u00e9xico En un evento organizado por la jefa de gobierno Clara Brugada y otro en la Alcald\u00eda Iztapalapa La Sonora Santanera sigue consintiendo al p\u00fablico que la ha seguido a lo largo de 7 d\u00e9cadas, adem\u00e1s de continuar conquistando el gusto de las nuevas generaciones. Es por eso que [&hellip;]<\/p>\n","protected":false},"author":14,"featured_media":682546,"comment_status":"open","ping_status":"open","sticky":false,"template":"","format":"standard","meta":{"_monsterinsights_skip_tracking":false,"_monsterinsights_sitenote_active":false,"_monsterinsights_sitenote_note":"","_monsterinsights_sitenote_category":0,"footnotes":""},"categories":[16,12],"tags":[],"class_list":["post-682545","post","type-post","status-publish","format-standard","has-post-thumbnail","hentry","category-destacadas","category-espectaculos"],"_links":{"self":[{"href":"https:\/\/www.diarioimagen.net\/index.php?rest_route=\/wp\/v2\/posts\/682545","targetHints":{"allow":["GET"]}}],"collection":[{"href":"https:\/\/www.diarioimagen.net\/index.php?rest_route=\/wp\/v2\/posts"}],"about":[{"href":"https:\/\/www.diarioimagen.net\/index.php?rest_route=\/wp\/v2\/types\/post"}],"author":[{"embeddable":true,"href":"https:\/\/www.diarioimagen.net\/index.php?rest_route=\/wp\/v2\/users\/14"}],"replies":[{"embeddable":true,"href":"https:\/\/www.diarioimagen.net\/index.php?rest_route=%2Fwp%2Fv2%2Fcomments&post=682545"}],"version-history":[{"count":1,"href":"https:\/\/www.diarioimagen.net\/index.php?rest_route=\/wp\/v2\/posts\/682545\/revisions"}],"predecessor-version":[{"id":682547,"href":"https:\/\/www.diarioimagen.net\/index.php?rest_route=\/wp\/v2\/posts\/682545\/revisions\/682547"}],"wp:featuredmedia":[{"embeddable":true,"href":"https:\/\/www.diarioimagen.net\/index.php?rest_route=\/wp\/v2\/media\/682546"}],"wp:attachment":[{"href":"https:\/\/www.diarioimagen.net\/index.php?rest_route=%2Fwp%2Fv2%2Fmedia&parent=682545"}],"wp:term":[{"taxonomy":"category","embeddable":true,"href":"https:\/\/www.diarioimagen.net\/index.php?rest_route=%2Fwp%2Fv2%2Fcategories&post=682545"},{"taxonomy":"post_tag","embeddable":true,"href":"https:\/\/www.diarioimagen.net\/index.php?rest_route=%2Fwp%2Fv2%2Ftags&post=682545"}],"curies":[{"name":"wp","href":"https:\/\/api.w.org\/{rel}","templated":true}]}}