{"id":682695,"date":"2025-09-02T19:31:05","date_gmt":"2025-09-03T01:31:05","guid":{"rendered":"https:\/\/www.diarioimagen.net\/?p=682695"},"modified":"2025-09-02T19:31:05","modified_gmt":"2025-09-03T01:31:05","slug":"morena-edomex-se-suma-a-la-no-reeleccion-hernandez-bermudez","status":"publish","type":"post","link":"https:\/\/www.diarioimagen.net\/?p=682695","title":{"rendered":"\u00a0  Morena Edomex se suma a la no  reelecci\u00f3n: Hern\u00e1ndez Berm\u00fadez"},"content":{"rendered":"<ul>\n<li><strong>Llamado a morenistas a no repetir<\/strong><\/li>\n<\/ul>\n<div id=\"attachment_682696\" style=\"width: 282px\" class=\"wp-caption alignnone\"><img loading=\"lazy\" decoding=\"async\" aria-describedby=\"caption-attachment-682696\" class=\"wp-image-682696 size-large\" src=\"https:\/\/www.diarioimagen.net\/wp-content\/uploads\/2025\/09\/BAENA-2-ok-1-272x270.jpg\" alt=\"\" width=\"272\" height=\"270\" srcset=\"https:\/\/www.diarioimagen.net\/wp-content\/uploads\/2025\/09\/BAENA-2-ok-1-272x270.jpg 272w, https:\/\/www.diarioimagen.net\/wp-content\/uploads\/2025\/09\/BAENA-2-ok-1-240x238.jpg 240w, https:\/\/www.diarioimagen.net\/wp-content\/uploads\/2025\/09\/BAENA-2-ok-1-150x150.jpg 150w, https:\/\/www.diarioimagen.net\/wp-content\/uploads\/2025\/09\/BAENA-2-ok-1-768x762.jpg 768w, https:\/\/www.diarioimagen.net\/wp-content\/uploads\/2025\/09\/BAENA-2-ok-1-1536x1524.jpg 1536w, https:\/\/www.diarioimagen.net\/wp-content\/uploads\/2025\/09\/BAENA-2-ok-1-2048x2032.jpg 2048w, https:\/\/www.diarioimagen.net\/wp-content\/uploads\/2025\/09\/BAENA-2-ok-1-50x50.jpg 50w, https:\/\/www.diarioimagen.net\/wp-content\/uploads\/2025\/09\/BAENA-2-ok-1-75x75.jpg 75w, https:\/\/www.diarioimagen.net\/wp-content\/uploads\/2025\/09\/BAENA-2-ok-1-70x70.jpg 70w\" sizes=\"auto, (max-width: 272px) 100vw, 272px\" \/><p id=\"caption-attachment-682696\" class=\"wp-caption-text\">Luz Mar\u00eda\u00a0 Hern\u00e1ndez Berm\u00fadez, presidenta de Morena en el Estado de M\u00e9xico hizo un llamado para que morenistas con\u00a0 cargo de elecci\u00f3n popular eviten repetir.<\/p><\/div>\n<p>Toluca, M\u00e9x.- La\u00a0 presidenta Claudia Sheinbaum hizo un llamado para que los representantes populares de extracci\u00f3n morenista apliquen la \u00e9tica del partido y eviten buscar la reelecci\u00f3n. En Morena Edomex apoyamos la moci\u00f3n, pues debemos ser congruentes entre los principios que aplicamos en bien del pueblo y nuestras acciones.<\/p>\n<p>&nbsp;<\/p>\n<p>As\u00ed lo expres\u00f3 Luz Mar\u00eda\u00a0 Hern\u00e1ndez Berm\u00fadez, presidenta del comit\u00e9 estatal de Morena en el Estado de M\u00e9xico, en donde la l\u00edder del morenismo mexiquense expres\u00f3 que, efectivamente, \u00bb la ley faculta a los presidentes municipales, diputados y regidores a buscar la reelecci\u00f3n, pues a partir de 2030 eso estar\u00e1 prohibido\u00bb, dijo.<\/p>\n<p>&nbsp;<\/p>\n<p>\u201cHago un llamado respetuoso para que nuestros compa\u00f1eros y compa\u00f1eras que tienen un cargo de elecci\u00f3n popular eviten buscar repetir en el cargo. Hemos avanzado en temas de corrupci\u00f3n, combate a la pobreza y seguridad, por ley ya se castigan los casos de nepotismo y por eso mismo, creo que debemos ser respetuosos de la voluntad popular que pide, que exige el sufragio efectivo, no reelecci\u00f3n\u00bb, reiter\u00f3.<\/p>\n<p>&nbsp;<\/p>\n<p>La l\u00edder estatal reconoci\u00f3 la buena labor que han desempe\u00f1ado los gobiernos morenistas, pero hay que avanzar en cada \u00e1rea de la 4T porque solo as\u00ed, dijo, sacaremos a M\u00e9xico, al Estado de M\u00e9xico y a cada municipio del atraso que, por d\u00e9cadas, ha mantenido a la poblaci\u00f3n muy alejada del crecimiento y de las oportunidades a acceder a un mejor nivel de vida.<\/p>\n<p>&nbsp;<\/p>\n<p>Cabe destacar que en abril la presidenta Claudia Sheinbaum, en su intervenci\u00f3n en \u201cla ma\u00f1anera\u201d, se\u00f1al\u00f3 que no es una orden, sino una sugerencia que hac\u00eda para los gobiernos de Morena, \u201chabr\u00e1 que trazar directrices, dijo, para que nadie se adelante a nada, vale la pena poner ciertas reglas para que, en la elecci\u00f3n de 2027, se recuerde la \u00e9tica del movimiento, pues no es asunto de llegar al poder por llegar, sino dar la transformaci\u00f3n al pa\u00eds y los gobernantes de Morena debemos dar el ejemplo\u201d.<\/p>\n<p>&nbsp;<\/p>\n<p>Luz Mar\u00eda Hern\u00e1ndez reiter\u00f3 que con gu\u00eda de la presidenta Sheinbaum y con el ejemplo de la maestra Delfina G\u00f3mez, gobernadora del Estado de M\u00e9xico, se solidifica la 4 T, por eso es que hizo el llamado a respetar el principio de \u201cprimero los pobres\u201d y a dar ejemplo de madurez pol\u00edtica por encima de un inter\u00e9s personal.<\/p>\n<p>&nbsp;<\/p>\n","protected":false},"excerpt":{"rendered":"<p>Llamado a morenistas a no repetir Toluca, M\u00e9x.- La\u00a0 presidenta Claudia Sheinbaum hizo un llamado para que los representantes populares de extracci\u00f3n morenista apliquen la \u00e9tica del partido y eviten buscar la reelecci\u00f3n. En Morena Edomex apoyamos la moci\u00f3n, pues debemos ser congruentes entre los principios que aplicamos en bien del pueblo y nuestras acciones. [&hellip;]<\/p>\n","protected":false},"author":14,"featured_media":682696,"comment_status":"open","ping_status":"open","sticky":false,"template":"","format":"standard","meta":{"_monsterinsights_skip_tracking":false,"_monsterinsights_sitenote_active":false,"_monsterinsights_sitenote_note":"","_monsterinsights_sitenote_category":0,"footnotes":""},"categories":[5],"tags":[],"class_list":["post-682695","post","type-post","status-publish","format-standard","has-post-thumbnail","hentry","category-estado-de-mexico"],"_links":{"self":[{"href":"https:\/\/www.diarioimagen.net\/index.php?rest_route=\/wp\/v2\/posts\/682695","targetHints":{"allow":["GET"]}}],"collection":[{"href":"https:\/\/www.diarioimagen.net\/index.php?rest_route=\/wp\/v2\/posts"}],"about":[{"href":"https:\/\/www.diarioimagen.net\/index.php?rest_route=\/wp\/v2\/types\/post"}],"author":[{"embeddable":true,"href":"https:\/\/www.diarioimagen.net\/index.php?rest_route=\/wp\/v2\/users\/14"}],"replies":[{"embeddable":true,"href":"https:\/\/www.diarioimagen.net\/index.php?rest_route=%2Fwp%2Fv2%2Fcomments&post=682695"}],"version-history":[{"count":1,"href":"https:\/\/www.diarioimagen.net\/index.php?rest_route=\/wp\/v2\/posts\/682695\/revisions"}],"predecessor-version":[{"id":682697,"href":"https:\/\/www.diarioimagen.net\/index.php?rest_route=\/wp\/v2\/posts\/682695\/revisions\/682697"}],"wp:featuredmedia":[{"embeddable":true,"href":"https:\/\/www.diarioimagen.net\/index.php?rest_route=\/wp\/v2\/media\/682696"}],"wp:attachment":[{"href":"https:\/\/www.diarioimagen.net\/index.php?rest_route=%2Fwp%2Fv2%2Fmedia&parent=682695"}],"wp:term":[{"taxonomy":"category","embeddable":true,"href":"https:\/\/www.diarioimagen.net\/index.php?rest_route=%2Fwp%2Fv2%2Fcategories&post=682695"},{"taxonomy":"post_tag","embeddable":true,"href":"https:\/\/www.diarioimagen.net\/index.php?rest_route=%2Fwp%2Fv2%2Ftags&post=682695"}],"curies":[{"name":"wp","href":"https:\/\/api.w.org\/{rel}","templated":true}]}}