{"id":682701,"date":"2025-09-02T19:33:57","date_gmt":"2025-09-03T01:33:57","guid":{"rendered":"https:\/\/www.diarioimagen.net\/?p=682701"},"modified":"2025-09-02T19:33:57","modified_gmt":"2025-09-03T01:33:57","slug":"garantiza-tlalnepantla-un-regreso-a-clases-seguro","status":"publish","type":"post","link":"https:\/\/www.diarioimagen.net\/?p=682701","title":{"rendered":"Garantiza Tlalnepantla un regreso a clases seguro"},"content":{"rendered":"<p>&nbsp;<\/p>\n<div id=\"attachment_682702\" style=\"width: 387px\" class=\"wp-caption alignnone\"><img loading=\"lazy\" decoding=\"async\" aria-describedby=\"caption-attachment-682702\" class=\"wp-image-682702 size-large\" src=\"https:\/\/www.diarioimagen.net\/wp-content\/uploads\/2025\/09\/BAENA-4-jpg-ok-377x270.jpg\" alt=\"\" width=\"377\" height=\"270\" srcset=\"https:\/\/www.diarioimagen.net\/wp-content\/uploads\/2025\/09\/BAENA-4-jpg-ok-377x270.jpg 377w, https:\/\/www.diarioimagen.net\/wp-content\/uploads\/2025\/09\/BAENA-4-jpg-ok-240x172.jpg 240w, https:\/\/www.diarioimagen.net\/wp-content\/uploads\/2025\/09\/BAENA-4-jpg-ok-768x549.jpg 768w, https:\/\/www.diarioimagen.net\/wp-content\/uploads\/2025\/09\/BAENA-4-jpg-ok-90x65.jpg 90w, https:\/\/www.diarioimagen.net\/wp-content\/uploads\/2025\/09\/BAENA-4-jpg-ok.jpg 1500w\" sizes=\"auto, (max-width: 377px) 100vw, 377px\" \/><p id=\"caption-attachment-682702\" class=\"wp-caption-text\">Garantiza Tlalnepantla un regreso a clases seguro<\/p><\/div>\n<p>Tlalnepantla. M\u00e9c.- A partir del pasado\u00a0 lunes, la comunidad estudiantil de Tlalnepantla regres\u00f3 a las aulas y para garantizar la seguridad de todas y todos, la Polic\u00eda Municipal despleg\u00f3 el operativo \u201cEscuela Segura\u201d en comunidades de Oriente y Poniente, lo que permiti\u00f3 tener un retorno sin ning\u00fan tipo de incidente. Por instrucciones del alcalde Raciel P\u00e9rez Cruz, desde las 5:00 horas, los uniformados recorrieron pie tierra y a bordo de unidades, escuelas con alta afluencia y as\u00ed inhibir la comisi\u00f3n de cualquier delito. El titular de la Comisar\u00eda General de Proximidad y Seguridad Ciudadana, Jorge Alberto G\u00f3mez Estrella inform\u00f3 que este dispositivo se llevar\u00e1 a cabo en los turnos matutinos y vespertinos; agreg\u00f3 que son aproximadamente 350 instituciones educativas las que cuentan con al menos dos elementos de seguridad que procuran la integridad de la comunidad estudiantil.<\/p>\n<p>&nbsp;<\/p>\n<p>Agreg\u00f3 que elementos de Tr\u00e1nsito Municipal se sumaron a estas labores para agilizar el tr\u00e1nsito vehicular y evitar congestionamientos viales para que todas y todos puedan llegar a tiempo en su primer d\u00eda de clases.<\/p>\n<p>&nbsp;<\/p>\n<p>Alumnas, alumnos y docentes de la escuela Preparatoria Oficial Anexa a la Normal de Tlalnepantla en la comunidad San Juan Ixtacala, notaron la presencia de la Polic\u00eda Municipal e indicaron sentirse resguardados por los uniformados que hicieron presencia en este punto.<\/p>\n<p>&nbsp;<\/p>\n<p>En la escuela secundaria Mois\u00e9s S\u00e1enz ubicada en el fraccionamiento Valle Dorado, los elementos de seguridad acompa\u00f1aron a estudiantes y padres de familia en este d\u00eda significativo para quienes inician una nueva etapa educativa.<\/p>\n<p>&nbsp;<\/p>\n<p>Cabe mencionar que el operativo \u2018Escuela Segura\u2019 se realiza de manera constante en escuelas de nivel b\u00e1sico, medio superior y superior con la finalidad de evitar faltas administrativas o cualquier tipo de delito que perjudique a quienes se preparan para un mejor futuro en las aulas.<\/p>\n","protected":false},"excerpt":{"rendered":"<p>&nbsp; Tlalnepantla. M\u00e9c.- A partir del pasado\u00a0 lunes, la comunidad estudiantil de Tlalnepantla regres\u00f3 a las aulas y para garantizar la seguridad de todas y todos, la Polic\u00eda Municipal despleg\u00f3 el operativo \u201cEscuela Segura\u201d en comunidades de Oriente y Poniente, lo que permiti\u00f3 tener un retorno sin ning\u00fan tipo de incidente. Por instrucciones del alcalde [&hellip;]<\/p>\n","protected":false},"author":14,"featured_media":682702,"comment_status":"open","ping_status":"open","sticky":false,"template":"","format":"standard","meta":{"_monsterinsights_skip_tracking":false,"_monsterinsights_sitenote_active":false,"_monsterinsights_sitenote_note":"","_monsterinsights_sitenote_category":0,"footnotes":""},"categories":[5],"tags":[],"class_list":["post-682701","post","type-post","status-publish","format-standard","has-post-thumbnail","hentry","category-estado-de-mexico"],"_links":{"self":[{"href":"https:\/\/www.diarioimagen.net\/index.php?rest_route=\/wp\/v2\/posts\/682701","targetHints":{"allow":["GET"]}}],"collection":[{"href":"https:\/\/www.diarioimagen.net\/index.php?rest_route=\/wp\/v2\/posts"}],"about":[{"href":"https:\/\/www.diarioimagen.net\/index.php?rest_route=\/wp\/v2\/types\/post"}],"author":[{"embeddable":true,"href":"https:\/\/www.diarioimagen.net\/index.php?rest_route=\/wp\/v2\/users\/14"}],"replies":[{"embeddable":true,"href":"https:\/\/www.diarioimagen.net\/index.php?rest_route=%2Fwp%2Fv2%2Fcomments&post=682701"}],"version-history":[{"count":1,"href":"https:\/\/www.diarioimagen.net\/index.php?rest_route=\/wp\/v2\/posts\/682701\/revisions"}],"predecessor-version":[{"id":682703,"href":"https:\/\/www.diarioimagen.net\/index.php?rest_route=\/wp\/v2\/posts\/682701\/revisions\/682703"}],"wp:featuredmedia":[{"embeddable":true,"href":"https:\/\/www.diarioimagen.net\/index.php?rest_route=\/wp\/v2\/media\/682702"}],"wp:attachment":[{"href":"https:\/\/www.diarioimagen.net\/index.php?rest_route=%2Fwp%2Fv2%2Fmedia&parent=682701"}],"wp:term":[{"taxonomy":"category","embeddable":true,"href":"https:\/\/www.diarioimagen.net\/index.php?rest_route=%2Fwp%2Fv2%2Fcategories&post=682701"},{"taxonomy":"post_tag","embeddable":true,"href":"https:\/\/www.diarioimagen.net\/index.php?rest_route=%2Fwp%2Fv2%2Ftags&post=682701"}],"curies":[{"name":"wp","href":"https:\/\/api.w.org\/{rel}","templated":true}]}}