{"id":682868,"date":"2025-09-03T20:03:01","date_gmt":"2025-09-04T02:03:01","guid":{"rendered":"https:\/\/www.diarioimagen.net\/?p=682868"},"modified":"2025-09-03T20:03:01","modified_gmt":"2025-09-04T02:03:01","slug":"la-educacion-una-prioridad-para-el-gobierno-de-naucalpan-isaac-montoya","status":"publish","type":"post","link":"https:\/\/www.diarioimagen.net\/?p=682868","title":{"rendered":"La educaci\u00f3n, una prioridad para el  gobierno de Naucalpan: Isaac Montoya"},"content":{"rendered":"<ul>\n<li><strong>Trabajo coordinado con gobiernos estatal federal<\/strong><\/li>\n<\/ul>\n<p>&nbsp;<\/p>\n<div id=\"attachment_682869\" style=\"width: 415px\" class=\"wp-caption alignnone\"><img loading=\"lazy\" decoding=\"async\" aria-describedby=\"caption-attachment-682869\" class=\"wp-image-682869 size-large\" src=\"https:\/\/www.diarioimagen.net\/wp-content\/uploads\/2025\/09\/BAENA-1-ok-2-405x270.jpg\" alt=\"\" width=\"405\" height=\"270\" srcset=\"https:\/\/www.diarioimagen.net\/wp-content\/uploads\/2025\/09\/BAENA-1-ok-2-405x270.jpg 405w, https:\/\/www.diarioimagen.net\/wp-content\/uploads\/2025\/09\/BAENA-1-ok-2-240x160.jpg 240w, https:\/\/www.diarioimagen.net\/wp-content\/uploads\/2025\/09\/BAENA-1-ok-2-768x511.jpg 768w, https:\/\/www.diarioimagen.net\/wp-content\/uploads\/2025\/09\/BAENA-1-ok-2.jpg 1500w\" sizes=\"auto, (max-width: 405px) 100vw, 405px\" \/><p id=\"caption-attachment-682869\" class=\"wp-caption-text\">El presidente municipal Isaac Montoya reiter\u00f3 su disposici\u00f3n y compromiso de trabajar de la mano de Claudia Sheinbaum y el de la gobernadora Delfina G\u00f3mez para impulsar la educaci\u00f3n.<\/p><\/div>\n<p>Naucalpan, M\u00e9x.- El alcalde Isaac Montoya M\u00e1rquez, al inaugurar el ciclo escolar 2025-2026 en la Escuela Preparatoria Oficial No. 324, acompa\u00f1ado del director general de Educaci\u00f3n Media Superior del Estado de M\u00e9xico, Sim\u00f3n Mondrag\u00f3n, reiter\u00f3 su disposici\u00f3n y compromiso de trabajar de la mano con el gobierno de la presidenta Claudia Sheinbaum y la gobernadora Delfina G\u00f3mez \u00c1lvarez para apoyar la educaci\u00f3n y, a las y los estudiantes.<\/p>\n<p>&nbsp;<\/p>\n<p>En presencia de profesores, madres y padres de familia, as\u00ed como de las y los alumnos, destac\u00f3 que su gobierno siempre estar\u00e1 del lado de la educaci\u00f3n, porque la escuela siempre ser\u00e1 una puerta para tener un futuro m\u00e1s claro para todas y para todos.<\/p>\n<p>&nbsp;<\/p>\n<p>El presidente municipal subray\u00f3 que, en los pr\u00f3ximos d\u00edas, la Universidad Nacional Rosario Castellanos abrir\u00e1 sus puertas gracias a que la presidenta de M\u00e9xico decidi\u00f3 que para Naucalpan era necesaria una instituci\u00f3n que fuera una opci\u00f3n de desarrollo para quien busca concretar una profesi\u00f3n.<\/p>\n<p>&nbsp;<\/p>\n<p>Este ciclo escolar, de acuerdo con la Secretar\u00eda de Educaci\u00f3n P\u00fablica (SEP), regresan a clases el d\u00eda de hoy, 5.6 millones de estudiantes de nivel medio superior en m\u00e1s de 21,100 escuelas.<\/p>\n<p>&nbsp;<\/p>\n<p>Ante las y los alumnos de esta instituci\u00f3n educativa que se localiza en la colonia Alfredo del Mazo, el presidente municipal enfatiz\u00f3 la importancia y el privilegio de formar parte de una escuela de nivel medio superior y pidi\u00f3 a las y los alumnos esforzarse al m\u00e1ximo para conseguir sus objetivos y comenzar a trazar la ruta de sus vidas.<\/p>\n<p>&nbsp;<\/p>\n<p>\u201cLa preparatoria, esta etapa que viven como adolescentes les permite definir sus pasiones, aquello por lo que vale la pena vivir, dedicarse, por lo que vale la pena luchar. La escuela es la puerta para un futuro m\u00e1s claro para sus vidas\u201d, recalc\u00f3 Montoya M\u00e1rquez.<\/p>\n<p>&nbsp;<\/p>\n<p>Defini\u00f3 que la educaci\u00f3n siempre ser\u00e1 la mejor herramienta para ni\u00f1as, ni\u00f1os y j\u00f3venes con la que pueden enfrentar la vida y salir adelante; tambi\u00e9n pidi\u00f3 valorar el privilegio de ser parte de una escuela preparatoria.<\/p>\n<p>&nbsp;<\/p>\n<p>Se dijo afortunado de ser el primer alcalde que visita la Escuela Preparatoria Oficial No. 324 y ofreci\u00f3 trabajar para construir un arco techo para que las y los estudiantes puedan realizar de mejor forma sus actividades sociales y recreativas.<\/p>\n<p>&nbsp;<\/p>\n<p>Como parte de su gira por los diferentes planteles educativos, tambi\u00e9n visit\u00f3 la Escuela Preparatoria Oficial No. 323, ubicada en la calzada de Los Arcos. Del mismo modo, reinaugur\u00f3 el Jard\u00edn de Ni\u00f1os Pipiltzin, escuela perteneciente al Sistema Municipal DIF, debido a que el a\u00f1o anterior sufri\u00f3 algunos da\u00f1os.<\/p>\n<p>&nbsp;<\/p>\n<p>&nbsp;<\/p>\n<p>&nbsp;<\/p>\n<p>&nbsp;<\/p>\n","protected":false},"excerpt":{"rendered":"<p>Trabajo coordinado con gobiernos estatal federal &nbsp; Naucalpan, M\u00e9x.- El alcalde Isaac Montoya M\u00e1rquez, al inaugurar el ciclo escolar 2025-2026 en la Escuela Preparatoria Oficial No. 324, acompa\u00f1ado del director general de Educaci\u00f3n Media Superior del Estado de M\u00e9xico, Sim\u00f3n Mondrag\u00f3n, reiter\u00f3 su disposici\u00f3n y compromiso de trabajar de la mano con el gobierno de [&hellip;]<\/p>\n","protected":false},"author":14,"featured_media":682869,"comment_status":"open","ping_status":"open","sticky":false,"template":"","format":"standard","meta":{"_monsterinsights_skip_tracking":false,"_monsterinsights_sitenote_active":false,"_monsterinsights_sitenote_note":"","_monsterinsights_sitenote_category":0,"footnotes":""},"categories":[5],"tags":[],"class_list":["post-682868","post","type-post","status-publish","format-standard","has-post-thumbnail","hentry","category-estado-de-mexico"],"_links":{"self":[{"href":"https:\/\/www.diarioimagen.net\/index.php?rest_route=\/wp\/v2\/posts\/682868","targetHints":{"allow":["GET"]}}],"collection":[{"href":"https:\/\/www.diarioimagen.net\/index.php?rest_route=\/wp\/v2\/posts"}],"about":[{"href":"https:\/\/www.diarioimagen.net\/index.php?rest_route=\/wp\/v2\/types\/post"}],"author":[{"embeddable":true,"href":"https:\/\/www.diarioimagen.net\/index.php?rest_route=\/wp\/v2\/users\/14"}],"replies":[{"embeddable":true,"href":"https:\/\/www.diarioimagen.net\/index.php?rest_route=%2Fwp%2Fv2%2Fcomments&post=682868"}],"version-history":[{"count":1,"href":"https:\/\/www.diarioimagen.net\/index.php?rest_route=\/wp\/v2\/posts\/682868\/revisions"}],"predecessor-version":[{"id":682870,"href":"https:\/\/www.diarioimagen.net\/index.php?rest_route=\/wp\/v2\/posts\/682868\/revisions\/682870"}],"wp:featuredmedia":[{"embeddable":true,"href":"https:\/\/www.diarioimagen.net\/index.php?rest_route=\/wp\/v2\/media\/682869"}],"wp:attachment":[{"href":"https:\/\/www.diarioimagen.net\/index.php?rest_route=%2Fwp%2Fv2%2Fmedia&parent=682868"}],"wp:term":[{"taxonomy":"category","embeddable":true,"href":"https:\/\/www.diarioimagen.net\/index.php?rest_route=%2Fwp%2Fv2%2Fcategories&post=682868"},{"taxonomy":"post_tag","embeddable":true,"href":"https:\/\/www.diarioimagen.net\/index.php?rest_route=%2Fwp%2Fv2%2Ftags&post=682868"}],"curies":[{"name":"wp","href":"https:\/\/api.w.org\/{rel}","templated":true}]}}