{"id":682871,"date":"2025-09-03T20:04:04","date_gmt":"2025-09-04T02:04:04","guid":{"rendered":"https:\/\/www.diarioimagen.net\/?p=682871"},"modified":"2025-09-03T20:04:04","modified_gmt":"2025-09-04T02:04:04","slug":"el-proceso-electoral-de-2027-sera-para-el-pan-afirma-mario-sandoval","status":"publish","type":"post","link":"https:\/\/www.diarioimagen.net\/?p=682871","title":{"rendered":"\u00a0  El proceso electoral de 2027 ser\u00e1  para el PAN: afirma Mario Sandoval"},"content":{"rendered":"<p>&nbsp;<\/p>\n<ul>\n<li><strong>Nuevo l\u00edder blanquiazul en Naucalpan<\/strong><\/li>\n<\/ul>\n<div id=\"attachment_682872\" style=\"width: 264px\" class=\"wp-caption alignnone\"><img loading=\"lazy\" decoding=\"async\" aria-describedby=\"caption-attachment-682872\" class=\"wp-image-682872 size-large\" src=\"https:\/\/www.diarioimagen.net\/wp-content\/uploads\/2025\/09\/BAENA-2-ok-2-254x270.jpg\" alt=\"\" width=\"254\" height=\"270\" srcset=\"https:\/\/www.diarioimagen.net\/wp-content\/uploads\/2025\/09\/BAENA-2-ok-2-254x270.jpg 254w, https:\/\/www.diarioimagen.net\/wp-content\/uploads\/2025\/09\/BAENA-2-ok-2-226x240.jpg 226w, https:\/\/www.diarioimagen.net\/wp-content\/uploads\/2025\/09\/BAENA-2-ok-2-768x816.jpg 768w, https:\/\/www.diarioimagen.net\/wp-content\/uploads\/2025\/09\/BAENA-2-ok-2-1446x1536.jpg 1446w, https:\/\/www.diarioimagen.net\/wp-content\/uploads\/2025\/09\/BAENA-2-ok-2.jpg 1500w\" sizes=\"auto, (max-width: 254px) 100vw, 254px\" \/><p id=\"caption-attachment-682872\" class=\"wp-caption-text\">Mario Sandoval Silvera obtuvo el triunfo que lo acredita como nuevo\u00a0 presidente del comit\u00e9 municipal del PAN en Naucalpan.<\/p><\/div>\n<p>Por Arturo Baena<\/p>\n<p>&nbsp;<\/p>\n<p>Naucalpan, M\u00e9x.- Con 494 votos a su favor, Mario Sandoval Silvera obtuvo el triunfo que lo acredita como nuevo\u00a0 presidente del comit\u00e9 municipal del PAN en Naucalpan. No hubo sorpresas. Mario es un joven pol\u00edtico que conoce a la perfecci\u00f3n el territorio y sus necesidades.<\/p>\n<p>&nbsp;<\/p>\n<p>La pregunta al nuevo dirigente panista, era obvia: \u00bfQu\u00e9 esperan los panistas del nuevo dirigente?<\/p>\n<p>&nbsp;<\/p>\n<p>Sin pensarlo dos veces, Sandoval Silvera responde: \u00abMantener la unidad y fortalecer el partido en el municipio.\u00a0 Adem\u00e1s de reafirmar su compromiso (el del PAN)\u00a0 como una fuerza pol\u00edtica constructiva y responsable, con la intenci\u00f3n de seguir actuando en favor de los naucalpenses,\u00a0 sin retroceder ni un paso para favorecer a las familias que aqu\u00ed viven \u00ab, dijo.<\/p>\n<p>&nbsp;<\/p>\n<p>Mario Sandoval insiste en su determinaci\u00f3n de mantener la unidad y fortalecer a ese instituto pol\u00edtico. Impulso de proyectos y programas que beneficien a la poblaci\u00f3n, rechazando aquellos que consideran perjudiciales para los derechos y el bienestar de la ciudadan\u00eda.<\/p>\n<p>&nbsp;<\/p>\n<p>Hizo memoria y record\u00f3 que el PAN propuso diversas iniciativas en \u00e1reas cruciales como salud, econom\u00eda, seguridad, medio ambiente, educaci\u00f3n, justicia, combate a la corrupci\u00f3n y defensa de la democracia. Estas acciones, \u0155eafirma Mario Sandoval, son motivo de orgullo para el partido.<\/p>\n<p>&nbsp;<\/p>\n<p>Al grito de \u00ab\u00a1Mario&#8230;Mario!\u00bb, cientos de panistas\u00a0 manifestaron su respaldo a Mario Sandoval.\u00bbSer\u00e1 para bien de nuestro partido\u00bb, coincidieron.<\/p>\n<p>&nbsp;<\/p>\n<p><strong>\u00a0<\/strong><\/p>\n<p>&nbsp;<\/p>\n","protected":false},"excerpt":{"rendered":"<p>&nbsp; Nuevo l\u00edder blanquiazul en Naucalpan Por Arturo Baena &nbsp; Naucalpan, M\u00e9x.- Con 494 votos a su favor, Mario Sandoval Silvera obtuvo el triunfo que lo acredita como nuevo\u00a0 presidente del comit\u00e9 municipal del PAN en Naucalpan. No hubo sorpresas. Mario es un joven pol\u00edtico que conoce a la perfecci\u00f3n el territorio y sus necesidades. [&hellip;]<\/p>\n","protected":false},"author":14,"featured_media":682872,"comment_status":"open","ping_status":"open","sticky":false,"template":"","format":"standard","meta":{"_monsterinsights_skip_tracking":false,"_monsterinsights_sitenote_active":false,"_monsterinsights_sitenote_note":"","_monsterinsights_sitenote_category":0,"footnotes":""},"categories":[5],"tags":[],"class_list":["post-682871","post","type-post","status-publish","format-standard","has-post-thumbnail","hentry","category-estado-de-mexico"],"_links":{"self":[{"href":"https:\/\/www.diarioimagen.net\/index.php?rest_route=\/wp\/v2\/posts\/682871","targetHints":{"allow":["GET"]}}],"collection":[{"href":"https:\/\/www.diarioimagen.net\/index.php?rest_route=\/wp\/v2\/posts"}],"about":[{"href":"https:\/\/www.diarioimagen.net\/index.php?rest_route=\/wp\/v2\/types\/post"}],"author":[{"embeddable":true,"href":"https:\/\/www.diarioimagen.net\/index.php?rest_route=\/wp\/v2\/users\/14"}],"replies":[{"embeddable":true,"href":"https:\/\/www.diarioimagen.net\/index.php?rest_route=%2Fwp%2Fv2%2Fcomments&post=682871"}],"version-history":[{"count":1,"href":"https:\/\/www.diarioimagen.net\/index.php?rest_route=\/wp\/v2\/posts\/682871\/revisions"}],"predecessor-version":[{"id":682873,"href":"https:\/\/www.diarioimagen.net\/index.php?rest_route=\/wp\/v2\/posts\/682871\/revisions\/682873"}],"wp:featuredmedia":[{"embeddable":true,"href":"https:\/\/www.diarioimagen.net\/index.php?rest_route=\/wp\/v2\/media\/682872"}],"wp:attachment":[{"href":"https:\/\/www.diarioimagen.net\/index.php?rest_route=%2Fwp%2Fv2%2Fmedia&parent=682871"}],"wp:term":[{"taxonomy":"category","embeddable":true,"href":"https:\/\/www.diarioimagen.net\/index.php?rest_route=%2Fwp%2Fv2%2Fcategories&post=682871"},{"taxonomy":"post_tag","embeddable":true,"href":"https:\/\/www.diarioimagen.net\/index.php?rest_route=%2Fwp%2Fv2%2Ftags&post=682871"}],"curies":[{"name":"wp","href":"https:\/\/api.w.org\/{rel}","templated":true}]}}