{"id":682874,"date":"2025-09-03T20:07:07","date_gmt":"2025-09-04T02:07:07","guid":{"rendered":"https:\/\/www.diarioimagen.net\/?p=682874"},"modified":"2025-09-03T20:07:07","modified_gmt":"2025-09-04T02:07:07","slug":"carreteras-del-edomex-estan-en-ruinas-por-abandono-cristina-ruiz","status":"publish","type":"post","link":"https:\/\/www.diarioimagen.net\/?p=682874","title":{"rendered":"Carreteras del Edomex est\u00e1n en  ruinas por abandono: Cristina Ruiz"},"content":{"rendered":"<ul>\n<li><strong>Denuncia PRI falta de mantenimiento<\/strong><\/li>\n<\/ul>\n<div id=\"attachment_682875\" style=\"width: 401px\" class=\"wp-caption alignnone\"><img loading=\"lazy\" decoding=\"async\" aria-describedby=\"caption-attachment-682875\" class=\"wp-image-682875 size-large\" src=\"https:\/\/www.diarioimagen.net\/wp-content\/uploads\/2025\/09\/BAENA-3-ok-2-391x270.jpg\" alt=\"\" width=\"391\" height=\"270\" srcset=\"https:\/\/www.diarioimagen.net\/wp-content\/uploads\/2025\/09\/BAENA-3-ok-2-391x270.jpg 391w, https:\/\/www.diarioimagen.net\/wp-content\/uploads\/2025\/09\/BAENA-3-ok-2-240x166.jpg 240w, https:\/\/www.diarioimagen.net\/wp-content\/uploads\/2025\/09\/BAENA-3-ok-2-768x531.jpg 768w, https:\/\/www.diarioimagen.net\/wp-content\/uploads\/2025\/09\/BAENA-3-ok-2.jpg 1500w\" sizes=\"auto, (max-width: 391px) 100vw, 391px\" \/><p id=\"caption-attachment-682875\" class=\"wp-caption-text\">La lideresa priista Cristina Ruiz Sandoval denunci\u00f3 el da\u00f1o ocasionado a millones de familias mexiquenses por los baches de la 4T en casi todas las vialidades del Estado de M\u00e9xico.<\/p><\/div>\n<p><strong>\u00a0<\/strong><\/p>\n<p>Valle de M\u00e9xico.- El PRI mexiquense demanda la puesta en marcha de un plan de obras de infraestructura de carretera estatal y para caminos municipales, aunque eso implique la reasignaci\u00f3n de presupuesto, con transparencia total y un mapa digital abierto donde cada ciudadano pueda ver la calle que se intervino, empresa y costo total.<\/p>\n<p>&nbsp;<\/p>\n<p>As\u00ed lo expres\u00f3 la senadora y dirigente del PRI estatal,\u00a0 Cristina Ruiz Sandoval, luego de denunciar el da\u00f1o ocasionado a millones de familias mexiquenses por los baches en casi todas las vialidades del Estado de M\u00e9xico, al registrarse p\u00e9rdidas humanas y deterioro en la fuente de ingresos de sus negocios o empresas.<\/p>\n<p>&nbsp;<\/p>\n<p>\u201cEs terrible la situaci\u00f3n de las carreteras y calles, pero dicen que eso no pasa en su gobierno ni hay problemas de alumbrado ni de drenaje\u201d, dijo.<\/p>\n<p>&nbsp;<\/p>\n<p>Morena ha abandonado el mantenimiento vial; existen m\u00e1s de 16 mil kil\u00f3metros de red carretera estatal que, en su momento, construyeron los gobiernos del PRI y se calcula que un 60% presenta deterioro grave o muy grave con baches, hundimientos, falta de se\u00f1alizaci\u00f3n escasa iluminaci\u00f3n, \u201ceste abandono no es solo una molestia, es un problema social, econ\u00f3mico y de seguridad\u201d, remarc\u00f3.<\/p>\n<p>&nbsp;<\/p>\n<p>Sostuvo que es tan grave la situaci\u00f3n que el sector del transporte calcula p\u00e9rdidas por 2 mil millones de pesos anuales por los da\u00f1os en veh\u00edculos y retrasos; adem\u00e1s de que las comunidades rurales del sur y norte del estado ven encarecidos sus productos porque el traslado cuesta el doble por el mal estado de los caminos; aumenta el riesgo de accidentes y asaltos en zonas donde la oscuridad es c\u00f3mplice de la delincuencia.<\/p>\n<p>&nbsp;<\/p>\n<p>La Junta de Caminos cuenta con un elevado presupuesto anual, como el de este a\u00f1o que alcanz\u00f3 los 3 mil 200 millones de pesos, \u201cpero no todo lo que se le autorizaba para proyectos de mantenimiento, porque est\u00e1n los sueldos, gastos de oficina y otras cosas que no se reportan; este a\u00f1o destinaron el 25% del presupuesto (816 millones) a inversi\u00f3n p\u00fablica, para proyectos de mantenimiento o rehabilitaci\u00f3n.<\/p>\n<p>&nbsp;<\/p>\n","protected":false},"excerpt":{"rendered":"<p>Denuncia PRI falta de mantenimiento \u00a0 Valle de M\u00e9xico.- El PRI mexiquense demanda la puesta en marcha de un plan de obras de infraestructura de carretera estatal y para caminos municipales, aunque eso implique la reasignaci\u00f3n de presupuesto, con transparencia total y un mapa digital abierto donde cada ciudadano pueda ver la calle que se [&hellip;]<\/p>\n","protected":false},"author":14,"featured_media":682875,"comment_status":"open","ping_status":"open","sticky":false,"template":"","format":"standard","meta":{"_monsterinsights_skip_tracking":false,"_monsterinsights_sitenote_active":false,"_monsterinsights_sitenote_note":"","_monsterinsights_sitenote_category":0,"footnotes":""},"categories":[5],"tags":[],"class_list":["post-682874","post","type-post","status-publish","format-standard","has-post-thumbnail","hentry","category-estado-de-mexico"],"_links":{"self":[{"href":"https:\/\/www.diarioimagen.net\/index.php?rest_route=\/wp\/v2\/posts\/682874","targetHints":{"allow":["GET"]}}],"collection":[{"href":"https:\/\/www.diarioimagen.net\/index.php?rest_route=\/wp\/v2\/posts"}],"about":[{"href":"https:\/\/www.diarioimagen.net\/index.php?rest_route=\/wp\/v2\/types\/post"}],"author":[{"embeddable":true,"href":"https:\/\/www.diarioimagen.net\/index.php?rest_route=\/wp\/v2\/users\/14"}],"replies":[{"embeddable":true,"href":"https:\/\/www.diarioimagen.net\/index.php?rest_route=%2Fwp%2Fv2%2Fcomments&post=682874"}],"version-history":[{"count":1,"href":"https:\/\/www.diarioimagen.net\/index.php?rest_route=\/wp\/v2\/posts\/682874\/revisions"}],"predecessor-version":[{"id":682876,"href":"https:\/\/www.diarioimagen.net\/index.php?rest_route=\/wp\/v2\/posts\/682874\/revisions\/682876"}],"wp:featuredmedia":[{"embeddable":true,"href":"https:\/\/www.diarioimagen.net\/index.php?rest_route=\/wp\/v2\/media\/682875"}],"wp:attachment":[{"href":"https:\/\/www.diarioimagen.net\/index.php?rest_route=%2Fwp%2Fv2%2Fmedia&parent=682874"}],"wp:term":[{"taxonomy":"category","embeddable":true,"href":"https:\/\/www.diarioimagen.net\/index.php?rest_route=%2Fwp%2Fv2%2Fcategories&post=682874"},{"taxonomy":"post_tag","embeddable":true,"href":"https:\/\/www.diarioimagen.net\/index.php?rest_route=%2Fwp%2Fv2%2Ftags&post=682874"}],"curies":[{"name":"wp","href":"https:\/\/api.w.org\/{rel}","templated":true}]}}