{"id":682877,"date":"2025-09-03T20:08:31","date_gmt":"2025-09-04T02:08:31","guid":{"rendered":"https:\/\/www.diarioimagen.net\/?p=682877"},"modified":"2025-09-03T20:08:31","modified_gmt":"2025-09-04T02:08:31","slug":"familia-de-ana-maria-serrano-sigue-esperando-justicia-por-asesinato","status":"publish","type":"post","link":"https:\/\/www.diarioimagen.net\/?p=682877","title":{"rendered":"Familia de Ana Mar\u00eda Serrano sigue esperando justicia por asesinato"},"content":{"rendered":"<p>&nbsp;<\/p>\n<div id=\"attachment_682878\" style=\"width: 448px\" class=\"wp-caption alignnone\"><img loading=\"lazy\" decoding=\"async\" aria-describedby=\"caption-attachment-682878\" class=\"wp-image-682878 size-large\" src=\"https:\/\/www.diarioimagen.net\/wp-content\/uploads\/2025\/09\/BAENA-4-ok-1-438x270.jpg\" alt=\"\" width=\"438\" height=\"270\" srcset=\"https:\/\/www.diarioimagen.net\/wp-content\/uploads\/2025\/09\/BAENA-4-ok-1-438x270.jpg 438w, https:\/\/www.diarioimagen.net\/wp-content\/uploads\/2025\/09\/BAENA-4-ok-1-240x148.jpg 240w, https:\/\/www.diarioimagen.net\/wp-content\/uploads\/2025\/09\/BAENA-4-ok-1-768x473.jpg 768w, https:\/\/www.diarioimagen.net\/wp-content\/uploads\/2025\/09\/BAENA-4-ok-1.jpg 1500w\" sizes=\"auto, (max-width: 438px) 100vw, 438px\" \/><p id=\"caption-attachment-682878\" class=\"wp-caption-text\">Familia de Ana Mar\u00eda Serrano sigue esperando justicia por asesinato<\/p><\/div>\n<p>A dos a\u00f1os del feminicidio de Ana Mar\u00eda Serrano C\u00e9spedes, joven de 18 a\u00f1os asesinada por su ex novio en 2023, en Atizap\u00e1n de Zaragoza, las autoridades federales han intensificado el compromiso para que el caso avance y se haga justicia. La presidenta Claudia Sheinbaum instruy\u00f3 a la titular de la titular de la Secretar\u00eda de las Mujeres, Citlalli Hern\u00e1ndez Mora, para atender personalmente a la familia de Ana Mar\u00eda y garantizar acompa\u00f1amiento en el proceso judicial. Durante la ma\u00f1anera, la periodista Yusbel Carolina Rada D\u00edaz cuestion\u00f3 a la mandataria sobre el mecanismo federal para evitar la impunidad en casos de feminicidio, haciendo referencia puntual al caso de Ana Mar\u00eda. Sheinbaum Pardo subray\u00f3 que la responsabilidad primordial recae en el Poder Judicial y el Ministerio P\u00fablico, con un \u00e9nfasis especial en la funci\u00f3n de los jueces, cuya \u201cvisi\u00f3n de apoyo a v\u00edctimas y familiares\u201d es decisiva para alcanzar justicia.<\/p>\n<p>&nbsp;<\/p>\n<p>&nbsp;<\/p>\n<p>&nbsp;<\/p>\n<p>En este contexto, la mandataria orden\u00f3 a la Secretar\u00eda de las Mujeres establecer contacto directo con la familia de Ana Mar\u00eda para brindar respaldo y acompa\u00f1amiento durante las demoras en el proceso. Posteriormente, Ximena C\u00e9spedes, madre de Ana Mar\u00eda, se reuni\u00f3 con Citlalli Hern\u00e1ndez y expres\u00f3 p\u00fablicamente, a trav\u00e9s de la red social X, su agradecimiento por la atenci\u00f3n recibida y su esperanza de que el caso sea abordado con perspectiva de g\u00e9nero y respeto al debido proceso<\/p>\n","protected":false},"excerpt":{"rendered":"<p>&nbsp; A dos a\u00f1os del feminicidio de Ana Mar\u00eda Serrano C\u00e9spedes, joven de 18 a\u00f1os asesinada por su ex novio en 2023, en Atizap\u00e1n de Zaragoza, las autoridades federales han intensificado el compromiso para que el caso avance y se haga justicia. La presidenta Claudia Sheinbaum instruy\u00f3 a la titular de la titular de la [&hellip;]<\/p>\n","protected":false},"author":14,"featured_media":682878,"comment_status":"open","ping_status":"open","sticky":false,"template":"","format":"standard","meta":{"_monsterinsights_skip_tracking":false,"_monsterinsights_sitenote_active":false,"_monsterinsights_sitenote_note":"","_monsterinsights_sitenote_category":0,"footnotes":""},"categories":[5],"tags":[],"class_list":["post-682877","post","type-post","status-publish","format-standard","has-post-thumbnail","hentry","category-estado-de-mexico"],"_links":{"self":[{"href":"https:\/\/www.diarioimagen.net\/index.php?rest_route=\/wp\/v2\/posts\/682877","targetHints":{"allow":["GET"]}}],"collection":[{"href":"https:\/\/www.diarioimagen.net\/index.php?rest_route=\/wp\/v2\/posts"}],"about":[{"href":"https:\/\/www.diarioimagen.net\/index.php?rest_route=\/wp\/v2\/types\/post"}],"author":[{"embeddable":true,"href":"https:\/\/www.diarioimagen.net\/index.php?rest_route=\/wp\/v2\/users\/14"}],"replies":[{"embeddable":true,"href":"https:\/\/www.diarioimagen.net\/index.php?rest_route=%2Fwp%2Fv2%2Fcomments&post=682877"}],"version-history":[{"count":1,"href":"https:\/\/www.diarioimagen.net\/index.php?rest_route=\/wp\/v2\/posts\/682877\/revisions"}],"predecessor-version":[{"id":682879,"href":"https:\/\/www.diarioimagen.net\/index.php?rest_route=\/wp\/v2\/posts\/682877\/revisions\/682879"}],"wp:featuredmedia":[{"embeddable":true,"href":"https:\/\/www.diarioimagen.net\/index.php?rest_route=\/wp\/v2\/media\/682878"}],"wp:attachment":[{"href":"https:\/\/www.diarioimagen.net\/index.php?rest_route=%2Fwp%2Fv2%2Fmedia&parent=682877"}],"wp:term":[{"taxonomy":"category","embeddable":true,"href":"https:\/\/www.diarioimagen.net\/index.php?rest_route=%2Fwp%2Fv2%2Fcategories&post=682877"},{"taxonomy":"post_tag","embeddable":true,"href":"https:\/\/www.diarioimagen.net\/index.php?rest_route=%2Fwp%2Fv2%2Ftags&post=682877"}],"curies":[{"name":"wp","href":"https:\/\/api.w.org\/{rel}","templated":true}]}}