{"id":682905,"date":"2025-09-03T21:17:08","date_gmt":"2025-09-04T03:17:08","guid":{"rendered":"https:\/\/www.diarioimagen.net\/?p=682905"},"modified":"2025-09-03T21:17:08","modified_gmt":"2025-09-04T03:17:08","slug":"acuerdo-mexico-eu-en-seguridad-y-migracion-con-respeto-a-la-soberania","status":"publish","type":"post","link":"https:\/\/www.diarioimagen.net\/?p=682905","title":{"rendered":"Acuerdo M\u00e9xico-EU en  seguridad y migraci\u00f3n con  respeto a la soberan\u00eda  \u00a0"},"content":{"rendered":"<ul>\n<li><strong>Reuni\u00f3n Sheinbaum Pardo-Marco Rubio<\/strong><\/li>\n<li><strong>El objetivo es trabajar juntos para desmantelar el crimen organizado transnacional, se\u00f1alan en comunicado conjunto<\/strong><\/li>\n<\/ul>\n<p>&nbsp;<\/p>\n<div id=\"attachment_682906\" style=\"width: 390px\" class=\"wp-caption alignnone\"><img loading=\"lazy\" decoding=\"async\" aria-describedby=\"caption-attachment-682906\" class=\"wp-image-682906 size-large\" src=\"https:\/\/www.diarioimagen.net\/wp-content\/uploads\/2025\/09\/SHEINBAUM-ok-380x270.jpg\" alt=\"\" width=\"380\" height=\"270\" srcset=\"https:\/\/www.diarioimagen.net\/wp-content\/uploads\/2025\/09\/SHEINBAUM-ok-380x270.jpg 380w, https:\/\/www.diarioimagen.net\/wp-content\/uploads\/2025\/09\/SHEINBAUM-ok-240x171.jpg 240w, https:\/\/www.diarioimagen.net\/wp-content\/uploads\/2025\/09\/SHEINBAUM-ok-768x546.jpg 768w, https:\/\/www.diarioimagen.net\/wp-content\/uploads\/2025\/09\/SHEINBAUM-ok-90x65.jpg 90w, https:\/\/www.diarioimagen.net\/wp-content\/uploads\/2025\/09\/SHEINBAUM-ok.jpg 1500w\" sizes=\"auto, (max-width: 380px) 100vw, 380px\" \/><p id=\"caption-attachment-682906\" class=\"wp-caption-text\">La presidenta Claudia Sheinbaum Pardo recibi\u00f3 en Palacio Nacional al secretario de Estado de Estados Unidos, Marco Rubio, para concretar un acuerdo en materia de seguridad.<\/p><\/div>\n<p>Luego de la reuni\u00f3n de la presidenta Claudia Sheinbaum Pardo y el secretario de Estado de Estados Unidos, Marco Rubio, ambos gobiernos dieron a conocer el acuerdo en materia de seguridad alcanzado prioriza la colaboraci\u00f3n conjunta para \u201cdesmantelar\u201d a los c\u00e1rteles de las drogas, atender la migraci\u00f3n irregular y garantizar una frontera segura.<\/p>\n<p>En un comunicado conjunto, Washington y M\u00e9xico reafirmaron su cooperaci\u00f3n en materia de seguridad, \u201cla cual se basa en los principios de reciprocidad, respeto a la soberan\u00eda e integridad territorial, responsabilidad compartida y diferenciada, as\u00ed como en la confianza mutua\u201d.<\/p>\n<p>El objetivo, se\u00f1alaron, es trabajar juntos para desmantelar el crimen organizado transnacional mediante una cooperaci\u00f3n reforzada entre nuestras respectivas instituciones de seguridad nacional, cuerpos de seguridad y autoridades judiciales. Adem\u00e1s, colaboramos para atender el movimiento ilegal de personas a trav\u00e9s de la frontera.<\/p>\n<p>Informaron que establecieron un \u201cgrupo de implementaci\u00f3n de alto nivel\u201d que se reunir\u00e1 regularmente para dar seguimiento a compromisos mutuos y las acciones tomadas dentro de sus propios pa\u00edses.<\/p>\n<p>Esto incluye medidas para contrarrestar a los c\u00e1rteles, fortalecer la seguridad fronteriza, eliminar los t\u00faneles fronterizos clandestinos, abordar los flujos financieros il\u00edcitos, mejorar la colaboraci\u00f3n para prevenir el robo de combustible, incrementar las inspecciones, investigaciones y procesos judiciales para detener el flujo de drogas y armas.<\/p>\n<p>&nbsp;<\/p>\n<p><strong>Cooperaci\u00f3n en materia de seguridad<\/strong><\/p>\n<p>&nbsp;<\/p>\n<p>\u201cLos gobiernos de M\u00e9xico y Estados Unidos reafirman nuestra cooperaci\u00f3n en materia de seguridad, la cual se basa en los principios de reciprocidad, respeto a la soberan\u00eda e integridad territorial, responsabilidad compartida y diferenciada, as\u00ed como en la confianza mutua\u201d, indicaron.<\/p>\n<p>\u201cEsta cooperaci\u00f3n, a trav\u00e9s de acciones espec\u00edficas e inmediatas, fortalecer\u00e1 la seguridad a lo largo de nuestra frontera compartida, detendr\u00e1 el tr\u00e1fico de fentanilo y otras drogas il\u00edcitas, y pondr\u00e1 fin al tr\u00e1fico de armas\u201d, a\u00f1adieron ambas naciones.<\/p>\n<p>Destacaron la estrecha coordinaci\u00f3n que ha permitido asegurar la frontera, reducir el tr\u00e1fico de fentanilo y avanzar en el intercambio de inteligencia, todo dentro de nuestros respectivos marcos legales: \u201cLos dos gobiernos tienen la intenci\u00f3n de fortalecer a\u00fan m\u00e1s la colaboraci\u00f3n en materia de salud p\u00fablica y coordinar campa\u00f1as para prevenir el abuso de sustancias il\u00edcitas y opioides\u201d.<\/p>\n<p>La reuni\u00f3n entre la presidenta Sheinbaum y el secretario de Estado Marco Rubio concluy\u00f3 al filo de las 11:30 horas, es decir, un encuentro de 90 minutos en Palacio Nacional donde habr\u00eda formalizado el Programa de Cooperaci\u00f3n sobre la seguridad fronteriza y la aplicaci\u00f3n de la ley.<\/p>\n<p>La mandataria mexicana estuvo acompa\u00f1ada por el canciller, Juan Ram\u00f3n de la Fuente; la secretar\u00eda de Gobernaci\u00f3n, Rosa Icela Rodr\u00edguez, el secretario de Seguridad y Protecci\u00f3n Ciudadana, Omar Garc\u00eda Harfuch, as\u00ed como del jefe de la Unidad para Am\u00e9rica del Norte de la Secretar\u00eda de Relaciones Exteriores, Roberto Velasco, y el titular del Instituto Nacional de Migraci\u00f3n, Sergio Salom\u00f3n.<\/p>\n<p>&nbsp;<\/p>\n<p>&nbsp;<\/p>\n<p><strong>\u00bfEn qu\u00e9 consiste el acuerdo?<\/strong><\/p>\n<p>&nbsp;<\/p>\n<p>Sheinbaum Pardo detall\u00f3 que la relaci\u00f3n con Estados Unidos se apoya en cuatro principios fundamentales: respeto a la soberan\u00eda, confianza mutua, respeto al territorio y colaboraci\u00f3n conjunta.<\/p>\n<p>El eje central incluye mecanismos de intercambio de inteligencia como estrategias comunes para contener el tr\u00e1fico de drogas especialmente fentanilo y el flujo de armas de alto poder desde Estados Unidos hacia M\u00e9xico.<\/p>\n<p>&nbsp;<\/p>\n<p><strong>Condiciones y alcances operativos<\/strong><\/p>\n<p>&nbsp;<\/p>\n<p>M\u00e9xico ya hab\u00eda acordado reforzar la seguridad en la frontera norte mediante el despliegue de 10 mil elementos de la Guardia Nacional y Ej\u00e9rcito, con el objetivo de reducir el tr\u00e1fico de drogas.<\/p>\n<p>Por su parte, Estados Unidos se comprometi\u00f3 a trabajar para evitar el tr\u00e1fico de armas de alto poder que ingresan a M\u00e9xico y alimentan la violencia y la criminalidad.<\/p>\n<p>Sheinbaum Pardo descart\u00f3 que el acuerdo corriera peligro a pesar de publicaciones como la del Wall Street Journal que sugieren tensiones por recientes incidentes de delincuencia, pero asegur\u00f3 que esas versiones no alteran el avance del pacto.<\/p>\n<p>Afirm\u00f3 que la cooperaci\u00f3n con Estados Unidos se mantiene firme y fundamentada en la transparencia y el respeto mutuo.<\/p>\n<p>&nbsp;<\/p>\n<p>&nbsp;<\/p>\n<p><strong>\u00a0<\/strong><\/p>\n<p><strong>Destaca Rubio labor de M\u00e9xico contra c\u00e1rteles<\/strong><\/p>\n<p><strong>\u00a0<\/strong><\/p>\n<p>Marco Rubio, Secretario de Estado de Estados Unidos, destac\u00f3 que hay una \u201ccooperaci\u00f3n hist\u00f3rica\u201d con M\u00e9xico y dijo que admiran la labor del Pa\u00eds contra grupos criminales.<\/p>\n<p>En conferencia con el Canciller Juan Ram\u00f3n de la Fuente, luego de reunirse con la Presidenta Claudia Sheinbaum, elogi\u00f3 el trabajo en M\u00e9xico en los \u00faltimos ocho meses que calific\u00f3 de hist\u00f3rico en la cooperaci\u00f3n de seguridad binacional.<\/p>\n<p>\u00abMe alegro mucho que hemos llegado a un nivel de cooperaci\u00f3n hist\u00f3rico, realmente los \u00faltimos 8 meses, jam\u00e1s en la historia de ambos pa\u00edses ha habido el nivel de cooperaci\u00f3n que existe en este momento.<\/p>\n<p>\u00abSe ha logrado mucho y seguiremos intercambiando ideas y cooperando a nivel de trabajo de nuestras diferentes entidades, y en fin, con mucho respeto y admiraci\u00f3n por la labor que han hecho aqu\u00ed en M\u00e9xico para enfrentar a estos grupos narcoterroristas que amenazan, no simplemente a EU, amenazan la paz y la estabilidad del mundo, del mundo\u00bb, dijo.<\/p>\n","protected":false},"excerpt":{"rendered":"<p>Reuni\u00f3n Sheinbaum Pardo-Marco Rubio El objetivo es trabajar juntos para desmantelar el crimen organizado transnacional, se\u00f1alan en comunicado conjunto &nbsp; Luego de la reuni\u00f3n de la presidenta Claudia Sheinbaum Pardo y el secretario de Estado de Estados Unidos, Marco Rubio, ambos gobiernos dieron a conocer el acuerdo en materia de seguridad alcanzado prioriza la colaboraci\u00f3n [&hellip;]<\/p>\n","protected":false},"author":14,"featured_media":682906,"comment_status":"open","ping_status":"open","sticky":false,"template":"","format":"standard","meta":{"_monsterinsights_skip_tracking":false,"_monsterinsights_sitenote_active":false,"_monsterinsights_sitenote_note":"","_monsterinsights_sitenote_category":0,"footnotes":""},"categories":[3],"tags":[],"class_list":["post-682905","post","type-post","status-publish","format-standard","has-post-thumbnail","hentry","category-nacional"],"_links":{"self":[{"href":"https:\/\/www.diarioimagen.net\/index.php?rest_route=\/wp\/v2\/posts\/682905","targetHints":{"allow":["GET"]}}],"collection":[{"href":"https:\/\/www.diarioimagen.net\/index.php?rest_route=\/wp\/v2\/posts"}],"about":[{"href":"https:\/\/www.diarioimagen.net\/index.php?rest_route=\/wp\/v2\/types\/post"}],"author":[{"embeddable":true,"href":"https:\/\/www.diarioimagen.net\/index.php?rest_route=\/wp\/v2\/users\/14"}],"replies":[{"embeddable":true,"href":"https:\/\/www.diarioimagen.net\/index.php?rest_route=%2Fwp%2Fv2%2Fcomments&post=682905"}],"version-history":[{"count":1,"href":"https:\/\/www.diarioimagen.net\/index.php?rest_route=\/wp\/v2\/posts\/682905\/revisions"}],"predecessor-version":[{"id":682907,"href":"https:\/\/www.diarioimagen.net\/index.php?rest_route=\/wp\/v2\/posts\/682905\/revisions\/682907"}],"wp:featuredmedia":[{"embeddable":true,"href":"https:\/\/www.diarioimagen.net\/index.php?rest_route=\/wp\/v2\/media\/682906"}],"wp:attachment":[{"href":"https:\/\/www.diarioimagen.net\/index.php?rest_route=%2Fwp%2Fv2%2Fmedia&parent=682905"}],"wp:term":[{"taxonomy":"category","embeddable":true,"href":"https:\/\/www.diarioimagen.net\/index.php?rest_route=%2Fwp%2Fv2%2Fcategories&post=682905"},{"taxonomy":"post_tag","embeddable":true,"href":"https:\/\/www.diarioimagen.net\/index.php?rest_route=%2Fwp%2Fv2%2Ftags&post=682905"}],"curies":[{"name":"wp","href":"https:\/\/api.w.org\/{rel}","templated":true}]}}