{"id":682958,"date":"2025-09-03T21:35:51","date_gmt":"2025-09-04T03:35:51","guid":{"rendered":"https:\/\/www.diarioimagen.net\/?p=682958"},"modified":"2025-09-03T21:35:51","modified_gmt":"2025-09-04T03:35:51","slug":"convoca-uaemex-a-su-comunidad-a-participar-en-plan-rector-de-desarrollo-institucional-2025-2029","status":"publish","type":"post","link":"https:\/\/www.diarioimagen.net\/?p=682958","title":{"rendered":"Convoca UAEM\u00e9x a su comunidad a participar en  Plan Rector de Desarrollo Institucional 2025-2029  \u00a0"},"content":{"rendered":"<p>&nbsp;<\/p>\n<ul>\n<li><strong>La rectora Martha Patricia Zarza Delgado puntualiz\u00f3 que el PRDI 2025-2029 ser\u00e1 el m\u00e1s amplio e integral que se haya tenido en la historia reciente de la UAEM\u00e9x<\/strong><\/li>\n<\/ul>\n<p><strong>\u00a0<\/strong><\/p>\n<ul>\n<li><strong>Detall\u00f3 que el movimiento estudiantil juega un papel fundamental para identificar las m\u00faltiples necesidades y requerimientos existentes en la instituci\u00f3n<\/strong><\/li>\n<\/ul>\n<p><strong>\u00a0<\/strong><\/p>\n<ul>\n<li><strong>Las y los integrantes de los sectores estudiantil, docente y administrativo de esta instituci\u00f3n podr\u00e1n expresarse en torno a 17 tem\u00e1ticas como ciencia, deporte, finanzas, cultura, igualdad e inclusi\u00f3n, erradicaci\u00f3n de la violencia de g\u00e9nero y gobernanza<\/strong><\/li>\n<\/ul>\n<div id=\"attachment_682959\" style=\"width: 445px\" class=\"wp-caption alignnone\"><img loading=\"lazy\" decoding=\"async\" aria-describedby=\"caption-attachment-682959\" class=\"wp-image-682959 size-large\" src=\"https:\/\/www.diarioimagen.net\/wp-content\/uploads\/2025\/09\/UAEM-1-a-435x270.jpg\" alt=\"\" width=\"435\" height=\"270\" srcset=\"https:\/\/www.diarioimagen.net\/wp-content\/uploads\/2025\/09\/UAEM-1-a-435x270.jpg 435w, https:\/\/www.diarioimagen.net\/wp-content\/uploads\/2025\/09\/UAEM-1-a-240x149.jpg 240w, https:\/\/www.diarioimagen.net\/wp-content\/uploads\/2025\/09\/UAEM-1-a-768x477.jpg 768w, https:\/\/www.diarioimagen.net\/wp-content\/uploads\/2025\/09\/UAEM-1-a-1536x954.jpg 1536w, https:\/\/www.diarioimagen.net\/wp-content\/uploads\/2025\/09\/UAEM-1-a-2048x1272.jpg 2048w\" sizes=\"auto, (max-width: 435px) 100vw, 435px\" \/><p id=\"caption-attachment-682959\" class=\"wp-caption-text\">Martha Patricia Zarza Delgado, rectora de la UAEM\u00e9x, present\u00f3 la convocatoria dirigida a la comunidad universitaria para participar en el proceso de consulta para la integraci\u00f3n del Plan Rector de Desarrollo Institucional 2025-2029.<\/p><\/div>\n<p>&nbsp;<\/p>\n<p>La Transformaci\u00f3n Universitaria es posible a partir de la escucha activa, la horizontalidad y el establecimiento de v\u00edas institucionales que permitan la expresi\u00f3n de todos sus espacios, destac\u00f3 la rectora de la Universidad Aut\u00f3noma del Estado de M\u00e9xico (UAEM\u00e9x), Martha Patricia Zarza Delgado, en la presentaci\u00f3n de la convocatoria dirigida a la comunidad universitaria para participar en el proceso de consulta para la integraci\u00f3n del Plan Rector de Desarrollo Institucional 2025-2029.<\/p>\n<p>En el Centro de Medicina de la Actividad F\u00edsica y el Deporte (CEMAFyD), Zarza Delgado coment\u00f3 que la Administraci\u00f3n Universitaria 2025-2029 est\u00e1 comprometida con la construcci\u00f3n de una instituci\u00f3n cercana, con apertura y di\u00e1logo permanente, que pone en el centro el bien colectivo, la retribuci\u00f3n social y el cuidado comunitario como ejes principales de esta casa de estudios.<\/p>\n<p>Detall\u00f3 que el movimiento estudiantil juega un papel fundamental para identificar las m\u00faltiples necesidades y requerimientos existentes en la instituci\u00f3n, raz\u00f3n por la cual se estableci\u00f3 el Plan de Acci\u00f3n Inmediata PAI 140 d\u00edas, siendo una de las principales bases para la estructuraci\u00f3n de la labor universitaria en los pr\u00f3ximos cuatro a\u00f1os.<\/p>\n<p>En este sentido, la rectora de la M\u00e1xima Casa de Estudios mexiquense resalt\u00f3 que esta convocatoria permitir\u00e1 que las y los integrantes de los sectores administrativo, estudiantil y docente de esta instituci\u00f3n puedan expresarse en torno a 17 tem\u00e1ticas: ciencia, deporte, finanzas, identidad y cultura, sostenibilidad ambiental, estudios profesionales, bachillerato, igualdad e inclusi\u00f3n, administraci\u00f3n, formaci\u00f3n docente, cultura de paz, erradicaci\u00f3n de la violencia de g\u00e9nero, gobernanza, desarrollo y fortalecimiento institucional, comunicaci\u00f3n y normatividad.<\/p>\n<p>A partir de esta participaci\u00f3n, dijo, se sistematizar\u00e1 la informaci\u00f3n, se conformar\u00e1 un diagn\u00f3stico general y se establecer\u00e1n objetivos y metas para la integraci\u00f3n total de este PRDI, el cual, detall\u00f3, ser\u00e1 el m\u00e1s amplio e integral que se haya tenido en la historia reciente de la UAEM\u00e9x.<\/p>\n<p>Por su parte, la secretaria de Desarrollo y Fortalecimiento Institucional, Mar\u00eda de las Mercedes Portilla Luja, explic\u00f3 que esta convocatoria ya se encuentra disponible de manera f\u00edsica en los distintos espacios acad\u00e9micos y en las dependencias administrativas, as\u00ed como de manera digital en los medios de comunicaci\u00f3n institucionales, garantizando la participaci\u00f3n de toda su comunidad en la identificaci\u00f3n de problem\u00e1ticas y propuesta de soluciones a sus demandas.<\/p>\n<p>Asimismo, detall\u00f3 que las bases de esta convocatoria son: ser integrante de la comunidad universitaria, registrar una o m\u00e1s propuestas con base en la estructura tem\u00e1tica, as\u00ed como la participaci\u00f3n universitaria en dos modalidades -en foro y en l\u00ednea.<\/p>\n<p>Para la participaci\u00f3n en foros, las personas interesadas expondr\u00e1n su ponencia de manera presencial, las cuales podr\u00e1n ser recibidas hasta el d\u00eda 21 de septiembre de 2025, a las 21:00 horas. Estas actividades se realizar\u00e1n los d\u00edas 25 y 26 de septiembre en 11 sedes distribuidas en distintos espacios universitarios dentro y fuera de la ciudad de Toluca.<\/p>\n<p>En tanto, para la participaci\u00f3n en l\u00ednea se podr\u00e1n adjuntar las propuestas en el sitio web, cuya recepci\u00f3n se mantendr\u00e1 abierta hasta el d\u00eda 3 de octubre de 2025. El registro de ambas modalidades se realizar\u00e1 en la p\u00e1gina https:\/\/prdi20252029.uaemex.mx<\/p>\n<p>Las autoridades universitarias invitaron a su comunidad a consultar la convocatoria para participar en el proceso de elaboraci\u00f3n del Plan Rector de Desarrollo Institucional 2025-2029, ejercicio de planeaci\u00f3n que impulsar\u00e1 el desarrollo y transformaci\u00f3n de la Aut\u00f3noma mexiquense.<\/p>\n<p>&nbsp;<\/p>\n<p>&nbsp;<\/p>\n","protected":false},"excerpt":{"rendered":"<p>&nbsp; La rectora Martha Patricia Zarza Delgado puntualiz\u00f3 que el PRDI 2025-2029 ser\u00e1 el m\u00e1s amplio e integral que se haya tenido en la historia reciente de la UAEM\u00e9x \u00a0 Detall\u00f3 que el movimiento estudiantil juega un papel fundamental para identificar las m\u00faltiples necesidades y requerimientos existentes en la instituci\u00f3n \u00a0 Las y los integrantes [&hellip;]<\/p>\n","protected":false},"author":14,"featured_media":682959,"comment_status":"open","ping_status":"open","sticky":false,"template":"","format":"standard","meta":{"_monsterinsights_skip_tracking":false,"_monsterinsights_sitenote_active":false,"_monsterinsights_sitenote_note":"","_monsterinsights_sitenote_category":0,"footnotes":""},"categories":[16,5],"tags":[],"class_list":["post-682958","post","type-post","status-publish","format-standard","has-post-thumbnail","hentry","category-destacadas","category-estado-de-mexico"],"_links":{"self":[{"href":"https:\/\/www.diarioimagen.net\/index.php?rest_route=\/wp\/v2\/posts\/682958","targetHints":{"allow":["GET"]}}],"collection":[{"href":"https:\/\/www.diarioimagen.net\/index.php?rest_route=\/wp\/v2\/posts"}],"about":[{"href":"https:\/\/www.diarioimagen.net\/index.php?rest_route=\/wp\/v2\/types\/post"}],"author":[{"embeddable":true,"href":"https:\/\/www.diarioimagen.net\/index.php?rest_route=\/wp\/v2\/users\/14"}],"replies":[{"embeddable":true,"href":"https:\/\/www.diarioimagen.net\/index.php?rest_route=%2Fwp%2Fv2%2Fcomments&post=682958"}],"version-history":[{"count":1,"href":"https:\/\/www.diarioimagen.net\/index.php?rest_route=\/wp\/v2\/posts\/682958\/revisions"}],"predecessor-version":[{"id":682960,"href":"https:\/\/www.diarioimagen.net\/index.php?rest_route=\/wp\/v2\/posts\/682958\/revisions\/682960"}],"wp:featuredmedia":[{"embeddable":true,"href":"https:\/\/www.diarioimagen.net\/index.php?rest_route=\/wp\/v2\/media\/682959"}],"wp:attachment":[{"href":"https:\/\/www.diarioimagen.net\/index.php?rest_route=%2Fwp%2Fv2%2Fmedia&parent=682958"}],"wp:term":[{"taxonomy":"category","embeddable":true,"href":"https:\/\/www.diarioimagen.net\/index.php?rest_route=%2Fwp%2Fv2%2Fcategories&post=682958"},{"taxonomy":"post_tag","embeddable":true,"href":"https:\/\/www.diarioimagen.net\/index.php?rest_route=%2Fwp%2Fv2%2Ftags&post=682958"}],"curies":[{"name":"wp","href":"https:\/\/api.w.org\/{rel}","templated":true}]}}